{"id":216799,"date":"2025-06-30T23:02:29","date_gmt":"2025-06-30T23:02:29","guid":{"rendered":"https:\/\/www.europesays.com\/fr\/216799\/"},"modified":"2025-06-30T23:02:29","modified_gmt":"2025-06-30T23:02:29","slug":"polemique-apres-la-suspension-de-son-jumelage-avec-une-ville-israelienne-2","status":"publish","type":"post","link":"https:\/\/www.europesays.com\/fr\/216799\/","title":{"rendered":"Pol\u00e9mique apr\u00e8s la suspension de son jumelage avec une ville isra\u00e9lienne"},"content":{"rendered":"<p><strong>question sensible &#8211; La d\u00e9cision de la ville de Bordeaux de suspendre \u00ab toute activit\u00e9 de coop\u00e9ration \u00bb avec la ville isra\u00e9lienne d\u2019Ashdod a fait bondir l\u2019opposition qui y voit une man\u0153uvre en vue des \u00e9lections municipales<\/strong><\/p>\n<p>Comme \u00e0 Marseille et \u00e0 Strasbourg, la <a href=\"https:\/\/www.20minutes.fr\/monde\/israel\/?at_medium=RSS%20feed&amp;at_campaign=ynews&amp;utm_source=yahoo&amp;utm_medium=rss&amp;utm_campaign=news_feed&amp;utm_content=in_article_link\" rel=\"nofollow noopener\" target=\"_blank\" data-ylk=\"slk:guerre Isra\u00ebl-Hamas;elm:context_link;itc:0;sec:content-canvas\" class=\"link \">guerre Isra\u00ebl-Hamas<\/a> s\u2019invite aussi dans les d\u00e9bats \u00e0 Bordeaux. La d\u00e9cision de la ville de <a href=\"https:\/\/www.20minutes.fr\/search?q=Bordeaux+#gsc.tab=0&amp;gsc.q=Bordeaux%20&amp;gsc.page=1&amp;at_medium=RSS%20feed&amp;at_campaign=ynews&amp;utm_source=yahoo&amp;utm_medium=rss&amp;utm_campaign=news_feed&amp;utm_content=in_article_link\" rel=\"nofollow noopener\" target=\"_blank\" data-ylk=\"slk:Bordeaux;elm:context_link;itc:0;sec:content-canvas\" class=\"link \">Bordeaux <\/a>de suspendre \u00ab toute activit\u00e9 de coop\u00e9ration \u00bb avec la ville isra\u00e9lienne d\u2019Ashdod a fait pol\u00e9mique lundi, l\u2019opposition accusant <a href=\"https:\/\/www.20minutes.fr\/dossier\/pierre-hurmic?at_medium=RSS%20feed&amp;at_campaign=ynews&amp;utm_source=yahoo&amp;utm_medium=rss&amp;utm_campaign=news_feed&amp;utm_content=in_article_link\" rel=\"nofollow noopener\" target=\"_blank\" data-ylk=\"slk:Pierre Hurmic;elm:context_link;itc:0;sec:content-canvas\" class=\"link \">Pierre Hurmic<\/a> d\u2019agir en vue des prochaines <a href=\"https:\/\/www.20minutes.fr\/municipales\/?at_medium=RSS%20feed&amp;at_campaign=ynews&amp;utm_source=yahoo&amp;utm_medium=rss&amp;utm_campaign=news_feed&amp;utm_content=in_article_link\" rel=\"nofollow noopener\" target=\"_blank\" data-ylk=\"slk:\u00e9lections municipales;elm:context_link;itc:0;sec:content-canvas\" class=\"link \">\u00e9lections municipales<\/a>.<\/p>\n<p>Le 26 juin, le maire \u00e9cologiste a \u00e9crit \u00e0 son homologue d\u2019Ashdod, au sud de Tel-Aviv, pour l\u2019informer de sa volont\u00e9 de suspendre \u00ab toute activit\u00e9 de coop\u00e9ration \u00bb dans l\u2019attente d\u2019un \u00ab cessez-le-feu durable \u00bb et d\u2019un \u00ab processus de paix \u00bb, <a href=\"https:\/\/rue89bordeaux.com\/2025\/06\/bordeaux-suspend-son-jumelage-avec-ashdod-dans-lattente-dun-cessez-le-feu\/#:~:text=%5BInfo%20Rue89%20Bordeaux%5D%20Dans%20une,paix%20ne%20seront%20pas%20engag%C3%A9s%20%C2%BB.?at_medium=RSS%20feed&amp;at_campaign=ynews&amp;utm_source=yahoo&amp;utm_medium=rss&amp;utm_campaign=news_feed&amp;utm_content=in_article_link\" rel=\"nofollow noopener\" target=\"_blank\" data-ylk=\"slk:avait r\u00e9v\u00e9l\u00e9 le site d\u2019information Rue89 Bordeaux.;elm:context_link;itc:0;sec:content-canvas\" class=\"link \">avait r\u00e9v\u00e9l\u00e9 le site d\u2019information Rue89 Bordeaux.<\/a><\/p>\n<p>Dans ce courrier, l\u2019\u00e9dile rappelle son soutien \u00e0 Ashdod apr\u00e8s l\u2019attaque du mouvement islamiste palestinien Hamas sur le sol isra\u00e9lien le 7 octobre 2023, et son appel \u00e0 la lib\u00e9ration des otages aux c\u00f4t\u00e9s de la communaut\u00e9 juive bordelaise. Mais il \u00ab d\u00e9plore, comme beaucoup, que la riposte isra\u00e9lienne dans la bande de Gaza engendre tant de souffrances inadmissibles touchant les populations civiles palestiniennes \u00bb.<\/p>\n<p>Un \u00ab gage donn\u00e9 \u00e0 la frange la plus radicale de l\u2019extr\u00eame gauche \u00bb<\/p>\n<p>Lundi, le groupe d\u2019opposition Bordeaux Ensemble pr\u00e9sid\u00e9 par Nathalie Delattre, ministre du Tourisme, a d\u00e9nonc\u00e9 un \u00ab gage donn\u00e9 \u00e0 la frange la plus radicale de l\u2019extr\u00eame gauche dans un contexte pr\u00e9\u00e9lectoral \u00bb.<\/p>\n<p>Celle qui s\u2019est d\u00e9clar\u00e9 candidate pour les municipales de 2026 d\u00e9plore une d\u00e9cision \u00ab prise de mani\u00e8re solitaire \u00bb et un \u00ab revirement \u00bb du maire qui, il y a un an, avait refus\u00e9 de suspen(&#8230;)<\/p>\n<p><a href=\"https:\/\/www.20minutes.fr\/bordeaux\/4161214-20250630-bordeaux-polemique-apres-suspension-cooperation-ville-israelienne?at_medium=RSS%20feed&amp;at_campaign=ynews&amp;utm_source=yahoo&amp;utm_medium=rss&amp;utm_campaign=news_feed&amp;utm_content=read_more_link\" rel=\"nofollow noopener\" target=\"_blank\" data-ylk=\"slk:Lire la suite sur 20minutes;elm:context_link;itc:0;sec:content-canvas\" class=\"link \">Lire la suite sur 20minutes<\/a><\/p>\n<p>\u00c0 lire aussi :<br \/><a href=\"https:\/\/www.20minutes.fr\/societe\/4119087-20241031-strasbourg-affligeante-suspension-partenariat-iep-universite-israelienne-deplait-barrot?at_medium=RSS%20feed&amp;at_campaign=ynews&amp;utm_source=yahoo&amp;utm_medium=rss&amp;utm_campaign=news_feed&amp;utm_content=related_content_link\" rel=\"nofollow noopener\" target=\"_blank\" data-ylk=\"slk:Strasbourg : \u00ab Affligeante \u00bb... La suspension d\u2019un partenariat de l\u2019IEP avec une universit\u00e9 isra\u00e9lienne d\u00e9pla\u00eet \u00e0 Barrot;elm:context_link;itc:0;sec:content-canvas\" class=\"link \">Strasbourg : \u00ab Affligeante \u00bb&#8230; La suspension d\u2019un partenariat de l\u2019IEP avec une universit\u00e9 isra\u00e9lienne d\u00e9pla\u00eet \u00e0 Barrot<\/a><br \/><a href=\"https:\/\/www.20minutes.fr\/politique\/4158989-20250619-ville-israelienne-ville-palestinienne-deux-mairies-ligne-crete-jumelages?at_medium=RSS%20feed&amp;at_campaign=ynews&amp;utm_source=yahoo&amp;utm_medium=rss&amp;utm_campaign=news_feed&amp;utm_content=related_content_link\" rel=\"nofollow noopener\" target=\"_blank\" data-ylk=\"slk:Ville isra\u00e9lienne, ville palestinienne ou les deux ? Les mairies sur une ligne de cr\u00eate pour les jumelages;elm:context_link;itc:0;sec:content-canvas\" class=\"link \">Ville isra\u00e9lienne, ville palestinienne ou les deux ? Les mairies sur une ligne de cr\u00eate pour les jumelages<\/a><\/p>\n","protected":false},"excerpt":{"rendered":"question sensible &#8211; La d\u00e9cision de la ville de Bordeaux de suspendre \u00ab toute activit\u00e9 de coop\u00e9ration \u00bb&hellip;\n","protected":false},"author":2,"featured_media":216800,"comment_status":"","ping_status":"","sticky":false,"template":"","format":"standard","meta":{"footnotes":""},"categories":[2817],"tags":[1111,11,1997,1777,674,1011,27,1913,35620,12,2219,4860,25],"class_list":{"0":"post-216799","1":"post","2":"type-post","3":"status-publish","4":"format-standard","5":"has-post-thumbnail","7":"category-bordeaux","8":"tag-actu","9":"tag-actualites","10":"tag-bordeaux","11":"tag-eu","12":"tag-europe","13":"tag-fr","14":"tag-france","15":"tag-la-ville","16":"tag-la-ville-israelienne","17":"tag-news","18":"tag-nouvelle-aquitaine","19":"tag-pierre-hurmic","20":"tag-republique-francaise"},"share_on_mastodon":{"url":"https:\/\/pubeurope.com\/@fr\/114774811802529543","error":""},"_links":{"self":[{"href":"https:\/\/www.europesays.com\/fr\/wp-json\/wp\/v2\/posts\/216799","targetHints":{"allow":["GET"]}}],"collection":[{"href":"https:\/\/www.europesays.com\/fr\/wp-json\/wp\/v2\/posts"}],"about":[{"href":"https:\/\/www.europesays.com\/fr\/wp-json\/wp\/v2\/types\/post"}],"author":[{"embeddable":true,"href":"https:\/\/www.europesays.com\/fr\/wp-json\/wp\/v2\/users\/2"}],"replies":[{"embeddable":true,"href":"https:\/\/www.europesays.com\/fr\/wp-json\/wp\/v2\/comments?post=216799"}],"version-history":[{"count":0,"href":"https:\/\/www.europesays.com\/fr\/wp-json\/wp\/v2\/posts\/216799\/revisions"}],"wp:featuredmedia":[{"embeddable":true,"href":"https:\/\/www.europesays.com\/fr\/wp-json\/wp\/v2\/media\/216800"}],"wp:attachment":[{"href":"https:\/\/www.europesays.com\/fr\/wp-json\/wp\/v2\/media?parent=216799"}],"wp:term":[{"taxonomy":"category","embeddable":true,"href":"https:\/\/www.europesays.com\/fr\/wp-json\/wp\/v2\/categories?post=216799"},{"taxonomy":"post_tag","embeddable":true,"href":"https:\/\/www.europesays.com\/fr\/wp-json\/wp\/v2\/tags?post=216799"}],"curies":[{"name":"wp","href":"https:\/\/api.w.org\/{rel}","templated":true}]}}