{"id":216805,"date":"2025-06-30T23:05:09","date_gmt":"2025-06-30T23:05:09","guid":{"rendered":"https:\/\/www.europesays.com\/fr\/216805\/"},"modified":"2025-06-30T23:05:09","modified_gmt":"2025-06-30T23:05:09","slug":"previsions-du-mardi-1-juillet-2025-2","status":"publish","type":"post","link":"https:\/\/www.europesays.com\/fr\/216805\/","title":{"rendered":"pr\u00e9visions du mardi 1 juillet 2025"},"content":{"rendered":"<p>Un splendide soleil brillera sur Lille, o\u00f9 la journ\u00e9e sera des plus agr\u00e9ables. Il va faire chaud avec des valeurs qui afficheront entre 20 et 37\u00b0C. La matin\u00e9e va se trouver vraiment chaude : jusqu&rsquo;\u00e0 34\u00b0C. Un petit vent de sud soufflera. Une m\u00e9t\u00e9o plus chaude est \u00e0 pr\u00e9voir l&rsquo;apr\u00e8s-midi puisque les temp\u00e9ratures vont enregistrer une l\u00e9g\u00e8re hausse, remplissant les terrasses d&rsquo;habitants et de vacanciers venus profiter de l&rsquo;\u00e9t\u00e9. Attention \u00e0 la vague de chaud. Des temp\u00e9ratures de 31 \u00e0 37\u00b0C sont annonc\u00e9es. Un vent de nord-ouest soufflera \u00e0 20 km\/h. Les valeurs tourneront autour des 26\u00b0C au cours de la soir\u00e9e. Entre mardi et mercredi, la nuit sera claire.<\/p>\n<p>Une chute des temp\u00e9ratures est attendue \u00e0 Lille, demain. Les valeurs maximales pr\u00e9vues sont \u00e9lev\u00e9es, avec 32\u00b0C. Les valeurs s&rsquo;\u00e9chelonneront entre 17 et 32\u00b0C, un temps bel et bien de saison. Une modeste brise de nord-ouest sera ressentie par les habitants. Un bel ensoleillement est attendu le matin. Les grosses chaleurs sont install\u00e9es. Avec des temp\u00e9ratures comprises entre 21 et 31\u00b0C. Le ciel sera toujours couvert demain apr\u00e8s-midi avec des nuages. Du mauvais temps est \u00e0 pr\u00e9voir. Des pluies \u00e9parses vont tomber. De tr\u00e8s importantes chaleurs (entre 22\u00b0C et 32\u00b0C) sont annonc\u00e9es. La chaleur estivale sera bien au rendez-vous puisque les valeurs seront tout de m\u00eame de 22\u00b0C au minimum et de 32\u00b0C au plus haut.<\/p>\n<p>Le temps restera stable les jours \u00e0 venir. On pr\u00e9voit des journ\u00e9es ensoleill\u00e9es, avec des temp\u00e9ratures dans les 27\u00b0C en moyenne.<\/p>\n<p>Rappelez-vous de boire r\u00e9guli\u00e8rement, m\u00eame si vous n&rsquo;avez pas soif, en ces jours de fortes chaleurs. Evitez de vous exposer entre 12h et 16h et faites tr\u00e8s attention aux personnes les plus fragiles comme les personnes \u00e2g\u00e9es ou les enfants.<\/p>\n","protected":false},"excerpt":{"rendered":"Un splendide soleil brillera sur Lille, o\u00f9 la journ\u00e9e sera des plus agr\u00e9ables. Il va faire chaud avec&hellip;\n","protected":false},"author":2,"featured_media":216806,"comment_status":"","ping_status":"","sticky":false,"template":"","format":"standard","meta":{"footnotes":""},"categories":[2815],"tags":[1111,11,1777,674,1011,27,811,1307,12,1308,1309,2119,25],"class_list":{"0":"post-216805","1":"post","2":"type-post","3":"status-publish","4":"format-standard","5":"has-post-thumbnail","7":"category-lille","8":"tag-actu","9":"tag-actualites","10":"tag-eu","11":"tag-europe","12":"tag-fr","13":"tag-france","14":"tag-hauts-de-france","15":"tag-lille","16":"tag-news","17":"tag-nord","18":"tag-nord-pas-de-calais","19":"tag-previsions-meteo","20":"tag-republique-francaise"},"share_on_mastodon":{"url":"","error":""},"_links":{"self":[{"href":"https:\/\/www.europesays.com\/fr\/wp-json\/wp\/v2\/posts\/216805","targetHints":{"allow":["GET"]}}],"collection":[{"href":"https:\/\/www.europesays.com\/fr\/wp-json\/wp\/v2\/posts"}],"about":[{"href":"https:\/\/www.europesays.com\/fr\/wp-json\/wp\/v2\/types\/post"}],"author":[{"embeddable":true,"href":"https:\/\/www.europesays.com\/fr\/wp-json\/wp\/v2\/users\/2"}],"replies":[{"embeddable":true,"href":"https:\/\/www.europesays.com\/fr\/wp-json\/wp\/v2\/comments?post=216805"}],"version-history":[{"count":0,"href":"https:\/\/www.europesays.com\/fr\/wp-json\/wp\/v2\/posts\/216805\/revisions"}],"wp:featuredmedia":[{"embeddable":true,"href":"https:\/\/www.europesays.com\/fr\/wp-json\/wp\/v2\/media\/216806"}],"wp:attachment":[{"href":"https:\/\/www.europesays.com\/fr\/wp-json\/wp\/v2\/media?parent=216805"}],"wp:term":[{"taxonomy":"category","embeddable":true,"href":"https:\/\/www.europesays.com\/fr\/wp-json\/wp\/v2\/categories?post=216805"},{"taxonomy":"post_tag","embeddable":true,"href":"https:\/\/www.europesays.com\/fr\/wp-json\/wp\/v2\/tags?post=216805"}],"curies":[{"name":"wp","href":"https:\/\/api.w.org\/{rel}","templated":true}]}}