{"id":216809,"date":"2025-06-30T23:07:09","date_gmt":"2025-06-30T23:07:09","guid":{"rendered":"https:\/\/www.europesays.com\/fr\/216809\/"},"modified":"2025-06-30T23:07:09","modified_gmt":"2025-06-30T23:07:09","slug":"previsions-du-mardi-1-juillet-2025-3","status":"publish","type":"post","link":"https:\/\/www.europesays.com\/fr\/216809\/","title":{"rendered":"pr\u00e9visions du mardi 1 juillet 2025"},"content":{"rendered":"<p>Marseille va conna\u00eetre une splendide journ\u00e9e particuli\u00e8rement ensoleill\u00e9e. Ce sera un bel \u00e9t\u00e9 : les temp\u00e9ratures seront comprises entre 26 et 32\u00b0C. D\u00e8s le matin, les valeurs \u00e9volueront entre 27 et 32\u2009\u00b0C. Les maximales atteindront les 32\u00b0C tandis que les minimales seront de 27\u00b0C : c&rsquo;est donc un superbe \u00e9t\u00e9. Un vent de nord-ouest rafra\u00eechira un peu l&rsquo;atmosph\u00e8re. La p\u00e9riode de fortes chaleurs est bien l\u00e0, avec des temp\u00e9ratures qui risqueront d&rsquo;aller \u00e0 32\u00b0C l&rsquo;apr\u00e8s-midi. Il va faire chaud avec des valeurs qui afficheront entre 29 et 32\u00b0C. La chaleur estivale sera bien l\u00e0 puisque les temp\u00e9ratures seront quand m\u00eame de 27\u00b0C au plus bas et de 29\u00b0C au plus haut la soir\u00e9e. Le passage de mardi \u00e0 mercredi s&rsquo;effectuera sous un ciel d\u00e9pourvu de nuages.<\/p>\n<p>Demain, les Marseillais comme les touristes vont pouvoir b\u00e9n\u00e9ficier d&rsquo;un soleil radieux. Une baisse du mercure est \u00e0 craindre. Les valeurs s&rsquo;\u00e9chelonneront entre 26 et 29\u00b0C, un temps bel et bien de saison. L&rsquo;\u00e9t\u00e9 s&rsquo;est d\u00e9finitivement install\u00e9 puisque les temp\u00e9ratures s&rsquo;\u00e9chelonneront de 27 \u00e0 29\u00b0C sur l&rsquo;ensemble de la matin\u00e9e. Un vent de sud soufflera l\u00e9g\u00e8rement, avec 9 km\/h. Les valeurs seront comprises entre 28\u00b0C et 29\u00b0C dans l&rsquo;apr\u00e8s-midi, donnant \u00e0 la population l&rsquo;occasion d&rsquo;appr\u00e9cier la belle saison. Il fera en moyenne 27\u00b0C, demain soir. Un petit vent de sud-ouest sera ressenti par les habitants.<\/p>\n<p>La m\u00e9t\u00e9o restera stable les prochains jours. On anticipe des journ\u00e9es ensoleill\u00e9es, accompagn\u00e9es par des temp\u00e9ratures dans les 31\u00b0C en moyenne.<\/p>\n<p><\/p>\n","protected":false},"excerpt":{"rendered":"Marseille va conna\u00eetre une splendide journ\u00e9e particuli\u00e8rement ensoleill\u00e9e. Ce sera un bel \u00e9t\u00e9 : les temp\u00e9ratures seront comprises&hellip;\n","protected":false},"author":2,"featured_media":216810,"comment_status":"","ping_status":"","sticky":false,"template":"","format":"standard","meta":{"footnotes":""},"categories":[2814],"tags":[1111,11,885,1777,674,1011,27,884,12,883,2119,882,25],"class_list":{"0":"post-216809","1":"post","2":"type-post","3":"status-publish","4":"format-standard","5":"has-post-thumbnail","7":"category-marseille","8":"tag-actu","9":"tag-actualites","10":"tag-bouches-du-rhone","11":"tag-eu","12":"tag-europe","13":"tag-fr","14":"tag-france","15":"tag-marseille","16":"tag-news","17":"tag-paca","18":"tag-previsions-meteo","19":"tag-provence-alpes-cote-dazur","20":"tag-republique-francaise"},"share_on_mastodon":{"url":"https:\/\/pubeurope.com\/@fr\/114774831526055001","error":""},"_links":{"self":[{"href":"https:\/\/www.europesays.com\/fr\/wp-json\/wp\/v2\/posts\/216809","targetHints":{"allow":["GET"]}}],"collection":[{"href":"https:\/\/www.europesays.com\/fr\/wp-json\/wp\/v2\/posts"}],"about":[{"href":"https:\/\/www.europesays.com\/fr\/wp-json\/wp\/v2\/types\/post"}],"author":[{"embeddable":true,"href":"https:\/\/www.europesays.com\/fr\/wp-json\/wp\/v2\/users\/2"}],"replies":[{"embeddable":true,"href":"https:\/\/www.europesays.com\/fr\/wp-json\/wp\/v2\/comments?post=216809"}],"version-history":[{"count":0,"href":"https:\/\/www.europesays.com\/fr\/wp-json\/wp\/v2\/posts\/216809\/revisions"}],"wp:featuredmedia":[{"embeddable":true,"href":"https:\/\/www.europesays.com\/fr\/wp-json\/wp\/v2\/media\/216810"}],"wp:attachment":[{"href":"https:\/\/www.europesays.com\/fr\/wp-json\/wp\/v2\/media?parent=216809"}],"wp:term":[{"taxonomy":"category","embeddable":true,"href":"https:\/\/www.europesays.com\/fr\/wp-json\/wp\/v2\/categories?post=216809"},{"taxonomy":"post_tag","embeddable":true,"href":"https:\/\/www.europesays.com\/fr\/wp-json\/wp\/v2\/tags?post=216809"}],"curies":[{"name":"wp","href":"https:\/\/api.w.org\/{rel}","templated":true}]}}