{"id":216821,"date":"2025-06-30T23:13:10","date_gmt":"2025-06-30T23:13:10","guid":{"rendered":"https:\/\/www.europesays.com\/fr\/216821\/"},"modified":"2025-06-30T23:13:10","modified_gmt":"2025-06-30T23:13:10","slug":"les-visites-des-deux-tours-reprendront-le-20-septembre","status":"publish","type":"post","link":"https:\/\/www.europesays.com\/fr\/216821\/","title":{"rendered":"les visites des deux tours reprendront le 20 septembre"},"content":{"rendered":"<p>Rouvertes \u00e0 l\u2019occasion des Journ\u00e9es europ\u00e9ennes du patrimoine, les deux tours proposeront \u00abun panorama exceptionnel sur Paris et sur la fl\u00e8che\u00bb aux visiteurs, \u00e0 condition d\u2019escalader les 424 marches de l\u2019\u00e9difice.<\/p>\n<p class=\"fig-paragraph\">Les visites des tours de la cath\u00e9drale Notre-Dame de Paris,\u00a0<a href=\"http:\/\/www.lefigaro.fr\/actualite-france\/montrer-la-direction-de-la-vie-a-notre-dame-de-paris-les-catholiques-veillent-et-prient-contre-l-euthanasie-20250521\" target=\"_blank\" data-fig-type=\"Article\" rel=\"noopener\" data-gtm-custom-categorie=\"navigation\" data-gtm-custom-action=\"crossclick\" data-gtm-custom-label=\"Contextuel\" data-gtm-event=\"customEventSPE\" data-fig-domain=\"LEFIGARO\">d\u00e9vast\u00e9es par un incendie en 2019<\/a>, reprendront le 20 septembre, a annonc\u00e9 lundi le Centre des monuments nationaux (CMN) qui en assure la gestion. \u00abNous visons le 20 septembre prochain, \u00e0 l&rsquo;occasion des Journ\u00e9es europ\u00e9ennes du patrimoine\u00bb, a d\u00e9clar\u00e9 sa pr\u00e9sidente Marie Lavandier dans un entretien au quotidien fran\u00e7ais\u00a0<a href=\"https:\/\/www.ouest-france.fr\/culture\/patrimoine\/notre-dame-de-paris\/exclusif-les-tours-de-notre-dame-de-paris-rouvriront-le-20-septembre-dans-un-parcours-renouvele-00afd146-529e-11f0-9d8f-210ccc004fd7\" target=\"_blank\" rel=\"nofollow noopener\" data-gtm-custom-categorie=\"navigation\" data-gtm-custom-action=\"crossclick\" data-gtm-custom-label=\"Contextuel\" data-gtm-event=\"customEventSPE\">Ouest-France.<\/a><\/p>\n<p class=\"fig-paragraph\">Les travaux de ces deux tours qui encadrent la fa\u00e7ade monumentale de l&rsquo;\u00e9difice ont principalement consist\u00e9 en des consolidations structurelles, notamment dans les beffrois endommag\u00e9s par le feu et sur la terrasse, situ\u00e9e \u00e0 69 m\u00e8tres de hauteur, pr\u00e9cise-t-elle. Enti\u00e8rement r\u00e9am\u00e9nag\u00e9 pour \u00ab\u00eatre plus fluide, enrichi et aux normes de s\u00e9curit\u00e9\u00bb, le parcours \u00abpropose une immersion d&rsquo;une cinquantaine de minutes dans l&rsquo;architecture gothique\u00bb, a d\u00e9taill\u00e9 Marie Lavandier.<\/p>\n<p>\u00abPanorama exceptionnel sur Paris et sur la fl\u00e8che\u00bb<\/p>\n<p class=\"fig-paragraph\">Le nouveau circuit d\u00e9butera dans la tour sud, o\u00f9 les visiteurs pourront d\u00e9couvrir dans une premi\u00e8re salle des maquettes expliquant la construction de la cath\u00e9drale mais \u00e9galement deux chim\u00e8res originales. La visite se poursuit \u00e0 l&rsquo;\u00e9tage sup\u00e9rieur, o\u00f9 se trouve un escalier \u00e0 double r\u00e9volution circulaire en ch\u00eane, \u00abcr\u00e9ation in\u00e9dite des architectes en chef des monuments historiques\u00bb, et se poursuit jusqu&rsquo;au sommet. \u00c0 l\u2019issue des 424 marches, \u00abun panorama exceptionnel sur Paris et sur la fl\u00e8che\u00bb attend les visiteurs.<\/p>\n<p class=\"fig-paragraph\">En redescendant, ils passeront devant les bourdons avant de rejoindre la cour des citernes, qui relie les deux tours et offre une vue sur la charpente de la nef. La visite s&rsquo;ach\u00e8vera dans la tour nord restaur\u00e9e en 2023 et 2024, apr\u00e8s avoir travers\u00e9 le beffroi, accompagn\u00e9 d&rsquo;une cr\u00e9ation sonore originale. La jauge sera limit\u00e9e \u00e0 400.000 visiteurs par an, contre 450.000 auparavant. Les billets seront mis en vente d\u00e9but septembre sur internet, au tarif de 16 euros, contre 10 euros avant l&rsquo;incendie.<\/p>\n","protected":false},"excerpt":{"rendered":"Rouvertes \u00e0 l\u2019occasion des Journ\u00e9es europ\u00e9ennes du patrimoine, les deux tours proposeront \u00abun panorama exceptionnel sur Paris et&hellip;\n","protected":false},"author":2,"featured_media":216822,"comment_status":"","ping_status":"","sticky":false,"template":"","format":"standard","meta":{"footnotes":""},"categories":[1888],"tags":[1111,1928,47,11,1927,1350,1348,1345,650,251,1777,674,1349,1346,1011,27,1351,873,12,1926,3341,626,1925,25,252,1347,1352],"class_list":{"0":"post-216821","1":"post","2":"type-post","3":"status-publish","4":"format-standard","5":"has-post-thumbnail","7":"category-paris","8":"tag-actu","9":"tag-actu-paris","10":"tag-actualite","11":"tag-actualites","12":"tag-actualites-paris","13":"tag-architecture","14":"tag-arts","15":"tag-cine","16":"tag-cinema","17":"tag-culture","18":"tag-eu","19":"tag-europe","20":"tag-expositions","21":"tag-films","22":"tag-fr","23":"tag-france","24":"tag-litterature","25":"tag-musique","26":"tag-news","27":"tag-news-paris","28":"tag-notre-dame-de-paris","29":"tag-paris","30":"tag-paris-news","31":"tag-republique-francaise","32":"tag-television","33":"tag-theatre","34":"tag-urbanisme"},"share_on_mastodon":{"url":"https:\/\/pubeurope.com\/@fr\/114774855966930389","error":""},"_links":{"self":[{"href":"https:\/\/www.europesays.com\/fr\/wp-json\/wp\/v2\/posts\/216821","targetHints":{"allow":["GET"]}}],"collection":[{"href":"https:\/\/www.europesays.com\/fr\/wp-json\/wp\/v2\/posts"}],"about":[{"href":"https:\/\/www.europesays.com\/fr\/wp-json\/wp\/v2\/types\/post"}],"author":[{"embeddable":true,"href":"https:\/\/www.europesays.com\/fr\/wp-json\/wp\/v2\/users\/2"}],"replies":[{"embeddable":true,"href":"https:\/\/www.europesays.com\/fr\/wp-json\/wp\/v2\/comments?post=216821"}],"version-history":[{"count":0,"href":"https:\/\/www.europesays.com\/fr\/wp-json\/wp\/v2\/posts\/216821\/revisions"}],"wp:featuredmedia":[{"embeddable":true,"href":"https:\/\/www.europesays.com\/fr\/wp-json\/wp\/v2\/media\/216822"}],"wp:attachment":[{"href":"https:\/\/www.europesays.com\/fr\/wp-json\/wp\/v2\/media?parent=216821"}],"wp:term":[{"taxonomy":"category","embeddable":true,"href":"https:\/\/www.europesays.com\/fr\/wp-json\/wp\/v2\/categories?post=216821"},{"taxonomy":"post_tag","embeddable":true,"href":"https:\/\/www.europesays.com\/fr\/wp-json\/wp\/v2\/tags?post=216821"}],"curies":[{"name":"wp","href":"https:\/\/api.w.org\/{rel}","templated":true}]}}