{"id":216825,"date":"2025-06-30T23:15:15","date_gmt":"2025-06-30T23:15:15","guid":{"rendered":"https:\/\/www.europesays.com\/fr\/216825\/"},"modified":"2025-06-30T23:15:15","modified_gmt":"2025-06-30T23:15:15","slug":"municipales-a-paris-emmanuel-gregoire-choisi-par-les-socialistes-pour-tenter-de-succeder-a-anne-hidalgo","status":"publish","type":"post","link":"https:\/\/www.europesays.com\/fr\/216825\/","title":{"rendered":"Municipales \u00e0 Paris\u00a0: Emmanuel Gr\u00e9goire choisi par les socialistes pour tenter de succ\u00e9der \u00e0 Anne Hidalgo"},"content":{"rendered":"<p class=\"paragraph text_align_left lp-f-body-02\">C\u2019est la fin d\u2019un suspense <a href=\"https:\/\/www.leparisien.fr\/elections\/municipales\/municipales-a-paris-heritage-dhidalgo-programme-alliance-au-ps-trois-candidats-au-profil-tres-homogene-30-06-2025-M5L3DQBHRBCEVIQM5CVSJZ2HYM.php\" target=\"_blank\" rel=\"noreferrer nofollow noopener\">qui durait depuis plus de sept mois<\/a>. A neuf mois des <a href=\"https:\/\/www.leparisien.fr\/elections\/municipales\/\" target=\"_blank\" rel=\"noreferrer nofollow noopener\">\u00e9lections municipales<\/a>, les militants socialistes parisiens ont d\u00e9sign\u00e9 ce lundi, avec pr\u00e8s de 53 %<b> <\/b>des suffrages, <a href=\"https:\/\/www.leparisien.fr\/paris-75\/je-veux-etre-le-maire-de-la-reconciliation-des-parisiens-emmanuel-gregoire-se-lance-dans-les-municipales-19-11-2024-A57PIM7YSVBRNLDPMNOW7QQ3RI.php\" target=\"_blank\" rel=\"noreferrer nofollow noopener\">Emmanuel Gr\u00e9goire<\/a> pour <a href=\"https:\/\/www.leparisien.fr\/elections\/municipales\/municipales-a-paris-avant-de-se-choisir-un-candidat-les-socialistes-jouent-la-carte-de-la-reconciliation-25-06-2025-A7FGOFGRQBD23NVI7WNV6HEBTA.php\" target=\"_blank\" rel=\"noreferrer nofollow noopener\">porter les couleurs du PS<\/a> en mars 2026 dans la capitale.<\/p>\n<p class=\"paragraph text_align_left lp-f-body-02\">Le d\u00e9put\u00e9, qui revendique ce lundi soir la victoire, a devanc\u00e9 son principal rival, R\u00e9mi F\u00e9raud,<b> <\/b>qui recueille un peu plus de 44 % des voix. En troisi\u00e8me position, <a href=\"https:\/\/www.leparisien.fr\/elections\/municipales\/municipales-a-paris-3-000-euros-par-an-pour-les-etudiants-toits-partages-le-programme-de-marion-waller-04-06-2025-MNHHVNIEVNEZXFVRKR6ETR23T4.php\" target=\"_blank\" rel=\"noreferrer nofollow noopener\">Marion Waller<\/a>, qui avait rejoint la primaire <a href=\"https:\/\/www.leparisien.fr\/elections\/municipales\/municipales-a-paris-qui-est-marion-waller-bebe-hidalgo-et-candidate-surprise-a-la-primaire-ps-16-03-2025-753LKXNZGZGVJO2LOQKGEEH47E.php\" target=\"_blank\" rel=\"noreferrer nofollow noopener\">plus tardivement<\/a>, en a obtenu 3 %.<\/p>\n<p class=\"paragraph text_align_left lp-f-body-02\">\u00ab Ce soir, c\u2019est le Parti socialiste qui l\u2019emporte, au terme d\u2019un processus d\u00e9mocratique exemplaire. Le verdict est net, la dynamique est lanc\u00e9e. D\u00e8s demain, nous serons pleinement mobilis\u00e9s pour rassembler et faire gagner la gauche en mars prochain \u00bb, s\u2019est f\u00e9licit\u00e9 son entourage proche.<\/p>\n<p class=\"paragraph text_align_left lp-f-body-02\">\u00ab Je remercie les militants qui ont vot\u00e9 pour moi. La victoire d\u2019Emmanuel est incontestable, a pour sa part confi\u00e9 au Parisien, R\u00e9mi F\u00e9raud. Nous nous verrons dans les prochains jours lui et moi, car Mon score doit \u00eatre pris en compte. C\u2019\u00e9tait une remontada, car il \u00e9tait d\u00e9sign\u00e9 depuis des ann\u00e9es. Pour la gauche, tout commence ! \u00bb<\/p>\n<p class=\"paragraph text_align_left lp-f-body-02\">D\u00e9sormais assur\u00e9 de prendre part \u00e0 la bataille de Paris, avec l\u2019objectif de conserver la capitale dans le giron de la gauche, Emmanuel Gr\u00e9goire va devoir s\u2019atteler \u00e0 rassembler l\u2019ensemble de ses camarades. Et d\u2019abord au sein de son propre parti, m\u00eame si R\u00e9mi F\u00e9raud a d\u00e9j\u00e0 assur\u00e9 qu\u2019il participerait \u00e0 la campagne d\u2019Emmanuel Gr\u00e9goire pour apporter son aide.<\/p>\n<p class=\"paragraph text_align_left lp-f-body-02\">Car la campagne interne qui s\u2019ach\u00e8ve <a href=\"https:\/\/www.leparisien.fr\/paris-75\/municipales-a-paris-fini-les-politesses-la-guerre-est-declaree-entre-emmanuel-gregoire-et-remi-feraud-11-01-2025-AR2BQKKTYJHB7IDWZJAVJNP75E.php\" target=\"_blank\" rel=\"noreferrer nofollow noopener\">aura laiss\u00e9 des traces<\/a>. Notamment marqu\u00e9e, d\u00e8s le d\u00e9part, par une lutte fratricide entre l\u2019ex-premier adjoint d\u2019Anne Hidalgo, Emmanuel Gr\u00e9goire, et le s\u00e9nateur, R\u00e9mi F\u00e9raud, qui a eu les faveurs de la patronne de l\u2019H\u00f4tel de Ville.<\/p>\n<p class=\"paragraph text_align_left lp-f-body-02\">A tel point que cette derni\u00e8re a clairement dit qu\u2019elle ne soutiendrait pas son ancien bras droit s\u2019il devait \u00eatre d\u00e9sign\u00e9 pour repr\u00e9senter le PS lors des municipales. D\u2019ailleurs, ce lundi soir, Anne Hidalgo s\u2019est content\u00e9e d\u2019un tr\u00e8s court commentaire : \u00ab Je f\u00e9licite Emmanuel Gr\u00e9goire pour sa d\u00e9signation. Merci \u00e0 R\u00e9mi F\u00e9raud pour sa belle campagne. \u00bb<\/p>\n<p class=\"paragraph text_align_left lp-f-body-02\">\u00ab D\u00e9sormais, nous allons discuter avec Emmanuel du rassemblement de l\u2019ensemble de la f\u00e9d\u00e9ration, de l\u2019ensemble des socialistes parisiens, autour de sa candidature pour cr\u00e9er ensemble les conditions de la mise en dynamique de cette campagne qui d\u00e9marre. Avec un seul objectif pour nous : permettre \u00e0 Paris de rester \u00e0 gauche \u00bb, a lanc\u00e9 Lamia El Aaraje, co-premi\u00e8re secr\u00e9taire de la f\u00e9d\u00e9ration du Parti socialiste de Paris, \u00e0 l\u2019issue du scrutin.<\/p>\n<p class=\"paragraph text_align_left lp-f-body-02\">En se choisissant enfin un candidat, le Parti socialiste va aussi d\u00e9sormais s\u2019atteler \u00e0 op\u00e9rer l\u2019union \u00e0 gauche alors que ses alli\u00e9s \u00e9cologistes n\u2019ont pas attendu le 1er juillet pour se lancer dans la campagne. <a href=\"https:\/\/www.leparisien.fr\/paris-75\/municipales-a-paris-dati-en-tete-au-1er-selon-un-sondage-malgre-50-dintentions-de-vote-a-gauche-22-06-2025-6TVPMRCX45HJ7GYE7GXM57TSEE.php\" target=\"_blank\" rel=\"noreferrer nofollow noopener\">Une r\u00e9cente enqu\u00eate Elabe<\/a> pour BFMTV cr\u00e9ditait ainsi le candidat \u00e9cologiste <a href=\"https:\/\/www.leparisien.fr\/elections\/municipales\/municipales-2026-a-paris-david-belliard-appelle-a-lunion-de-la-gauche-06-05-2025-MHAS3ZXTAVG3LKHMPGX6V63MAU.php\" rel=\"nofollow noopener\" target=\"_blank\">David Belliard <\/a>de 17 % \u00e0 22 % des suffrages, selon les configurations. Quand Emmanuel Gr\u00e9goire ou R\u00e9mi F\u00e9raud ne recueillaient quant \u00e0 eux qu\u2019entre 14 et 19 % au premier tour.<\/p>\n","protected":false},"excerpt":{"rendered":"C\u2019est la fin d\u2019un suspense qui durait depuis plus de sept mois. A neuf mois des \u00e9lections municipales,&hellip;\n","protected":false},"author":2,"featured_media":216826,"comment_status":"","ping_status":"","sticky":false,"template":"","format":"standard","meta":{"footnotes":""},"categories":[1888],"tags":[11,5949,1777,674,1011,27,3554,12,626,316,25],"class_list":{"0":"post-216825","1":"post","2":"type-post","3":"status-publish","4":"format-standard","5":"has-post-thumbnail","7":"category-paris","8":"tag-actualites","9":"tag-elections","10":"tag-eu","11":"tag-europe","12":"tag-fr","13":"tag-france","14":"tag-municipales","15":"tag-news","16":"tag-paris","17":"tag-politique","18":"tag-republique-francaise"},"share_on_mastodon":{"url":"https:\/\/pubeurope.com\/@fr\/114774862936762713","error":""},"_links":{"self":[{"href":"https:\/\/www.europesays.com\/fr\/wp-json\/wp\/v2\/posts\/216825","targetHints":{"allow":["GET"]}}],"collection":[{"href":"https:\/\/www.europesays.com\/fr\/wp-json\/wp\/v2\/posts"}],"about":[{"href":"https:\/\/www.europesays.com\/fr\/wp-json\/wp\/v2\/types\/post"}],"author":[{"embeddable":true,"href":"https:\/\/www.europesays.com\/fr\/wp-json\/wp\/v2\/users\/2"}],"replies":[{"embeddable":true,"href":"https:\/\/www.europesays.com\/fr\/wp-json\/wp\/v2\/comments?post=216825"}],"version-history":[{"count":0,"href":"https:\/\/www.europesays.com\/fr\/wp-json\/wp\/v2\/posts\/216825\/revisions"}],"wp:featuredmedia":[{"embeddable":true,"href":"https:\/\/www.europesays.com\/fr\/wp-json\/wp\/v2\/media\/216826"}],"wp:attachment":[{"href":"https:\/\/www.europesays.com\/fr\/wp-json\/wp\/v2\/media?parent=216825"}],"wp:term":[{"taxonomy":"category","embeddable":true,"href":"https:\/\/www.europesays.com\/fr\/wp-json\/wp\/v2\/categories?post=216825"},{"taxonomy":"post_tag","embeddable":true,"href":"https:\/\/www.europesays.com\/fr\/wp-json\/wp\/v2\/tags?post=216825"}],"curies":[{"name":"wp","href":"https:\/\/api.w.org\/{rel}","templated":true}]}}