{"id":216827,"date":"2025-06-30T23:16:12","date_gmt":"2025-06-30T23:16:12","guid":{"rendered":"https:\/\/www.europesays.com\/fr\/216827\/"},"modified":"2025-06-30T23:16:12","modified_gmt":"2025-06-30T23:16:12","slug":"municipales-a-paris-mon-score-doit-etre-considere-juge-remi-feraud-candidat-malheureux-a-la-primaire-socialiste","status":"publish","type":"post","link":"https:\/\/www.europesays.com\/fr\/216827\/","title":{"rendered":"Municipales \u00e0 Paris\u00a0: \u00ab\u00a0Mon score doit \u00eatre consid\u00e9r\u00e9\u00a0\u00bb, juge R\u00e9mi F\u00e9raud, candidat malheureux \u00e0 la primaire socialiste"},"content":{"rendered":"<p class=\"paragraph text_align_left lp-f-body-02\">Entour\u00e9 de quelques membres de son \u00e9quipe, il a rapidement compris, \u00ab d\u00e8s l\u2019arriv\u00e9e des premiers r\u00e9sultats de section d\u2019arrondissement \u00bb, le score final qui se dessinait.<\/p>\n<p class=\"paragraph text_align_left lp-f-body-02\">R\u00e9mi F\u00e9raud, s\u00e9nateur et ancien maire du Xe arrondissement, est arriv\u00e9 second de la primaire socialiste qui se tenait ce lundi soir pour d\u00e9signer le candidat du parti en vue de l\u2019\u00e9lection municipale de mars 2026.<\/p>\n<p class=\"paragraph text_align_left lp-f-body-02\">Apr\u00e8s sept mois de bataille interne, il reconna\u00eet que \u00ab le score n\u2019est pas contestable \u00bb, et acte la victoire d\u2019<a href=\"https:\/\/www.leparisien.fr\/elections\/municipales\/municipales-a-paris-emmanuel-gregoire-choisi-pour-etre-le-candidat-socialiste-et-succeder-a-anne-hidalgo-30-06-2025-J6IFNUHMCJBFZF4UERMBPJK3GI.php\" target=\"_blank\" rel=\"noreferrer nofollow noopener\">Emmanuel Gr\u00e9goire<\/a>.<\/p>\n<p class=\"paragraph text_align_left lp-f-body-02\">\u00ab J\u2019ai appel\u00e9 Emmanuel pour le f\u00e9liciter de sa d\u00e9signation. Si la victoire est nette, le r\u00e9sultat est \u00e9quilibr\u00e9. Pr\u00e8s de 45 % des militants ont vot\u00e9 pour moi, je veux les saluer. Maintenant, une nouvelle p\u00e9riode commence \u00bb, se projette d\u00e9j\u00e0 R\u00e9mi F\u00e9raud.<\/p>\n<p class=\"paragraph text_align_left lp-f-body-02\">Les deux hommes ont pr\u00e9vu de s\u2019entretenir dans les jours qui viennent. Un moment important apr\u00e8s une primaire qui a vu leurs deux camps s\u2019attaquer parfois frontalement.<\/p>\n<p>\u00ab Cette campagne a \u00e9t\u00e9 une remontada \u00bb<\/p>\n<p class=\"paragraph text_align_left lp-f-body-02\">\u00ab Je ne perds pas de vue l\u2019essentiel : la victoire de la gauche l\u2019ann\u00e9e prochaine \u00bb, rappelle-t-il. Et si la maire de Paris, Anne Hidalgo, qui d\u00e9fendait R\u00e9mi F\u00e9raud ardemment, <a href=\"https:\/\/www.leparisien.fr\/elections\/municipales\/municipales-2026-a-paris-en-sattaquant-a-emmanuel-gregoire-anne-hidalgo-joue-t-elle-contre-son-camp-14-03-2025-KB5MYX3GVBHTZFP64Z3GB5WVTY.php\" target=\"_blank\" rel=\"noreferrer nofollow noopener\">avait d\u00e9clar\u00e9 qu\u2019elle ne soutiendrait pas Emmanuel Gr\u00e9goire, son ex-premier adjoint, en cas de victoire<\/a>, le s\u00e9nateur se veut au contraire beau joueur. \u00ab Je participerai \u00e0 la campagne, je soutiendrai Emmanuel Gr\u00e9goire \u00bb, promet R\u00e9mi F\u00e9raud.<\/p>\n<p class=\"paragraph text_align_left lp-f-body-02\">Un r\u00f4le qui reste \u00e0 d\u00e9finir. \u00ab Mais mon score doit \u00eatre consid\u00e9r\u00e9, notamment dans les grands arrondissements dont le maire est socialiste \u00bb, pr\u00e9vient celui qui a pu \u00e9changer avec Anne Hidalgo ce lundi soir.<\/p>\n<p class=\"paragraph text_align_left lp-f-body-02\">Avant de conclure : \u00ab Je ne regrette pas d\u2019avoir \u00e9t\u00e9 candidat. Cette campagne a \u00e9t\u00e9 une remontada car Emmanuel \u00e9tait le candidat annonc\u00e9 depuis des ann\u00e9es. Une remontada formidable\u2026 Pour la gauche, du rassemblement \u00e0 la mise en ordre de bataille, tout commence ! \u00bb<\/p>\n","protected":false},"excerpt":{"rendered":"Entour\u00e9 de quelques membres de son \u00e9quipe, il a rapidement compris, \u00ab d\u00e8s l\u2019arriv\u00e9e des premiers r\u00e9sultats de&hellip;\n","protected":false},"author":2,"featured_media":216828,"comment_status":"","ping_status":"","sticky":false,"template":"","format":"standard","meta":{"footnotes":""},"categories":[1888],"tags":[11,1777,674,1011,27,1944,12,626,316,25],"class_list":{"0":"post-216827","1":"post","2":"type-post","3":"status-publish","4":"format-standard","5":"has-post-thumbnail","7":"category-paris","8":"tag-actualites","9":"tag-eu","10":"tag-europe","11":"tag-fr","12":"tag-france","13":"tag-ma-ville","14":"tag-news","15":"tag-paris","16":"tag-politique","17":"tag-republique-francaise"},"share_on_mastodon":{"url":"","error":""},"_links":{"self":[{"href":"https:\/\/www.europesays.com\/fr\/wp-json\/wp\/v2\/posts\/216827","targetHints":{"allow":["GET"]}}],"collection":[{"href":"https:\/\/www.europesays.com\/fr\/wp-json\/wp\/v2\/posts"}],"about":[{"href":"https:\/\/www.europesays.com\/fr\/wp-json\/wp\/v2\/types\/post"}],"author":[{"embeddable":true,"href":"https:\/\/www.europesays.com\/fr\/wp-json\/wp\/v2\/users\/2"}],"replies":[{"embeddable":true,"href":"https:\/\/www.europesays.com\/fr\/wp-json\/wp\/v2\/comments?post=216827"}],"version-history":[{"count":0,"href":"https:\/\/www.europesays.com\/fr\/wp-json\/wp\/v2\/posts\/216827\/revisions"}],"wp:featuredmedia":[{"embeddable":true,"href":"https:\/\/www.europesays.com\/fr\/wp-json\/wp\/v2\/media\/216828"}],"wp:attachment":[{"href":"https:\/\/www.europesays.com\/fr\/wp-json\/wp\/v2\/media?parent=216827"}],"wp:term":[{"taxonomy":"category","embeddable":true,"href":"https:\/\/www.europesays.com\/fr\/wp-json\/wp\/v2\/categories?post=216827"},{"taxonomy":"post_tag","embeddable":true,"href":"https:\/\/www.europesays.com\/fr\/wp-json\/wp\/v2\/tags?post=216827"}],"curies":[{"name":"wp","href":"https:\/\/api.w.org\/{rel}","templated":true}]}}