{"id":216833,"date":"2025-06-30T23:19:19","date_gmt":"2025-06-30T23:19:19","guid":{"rendered":"https:\/\/www.europesays.com\/fr\/216833\/"},"modified":"2025-06-30T23:19:19","modified_gmt":"2025-06-30T23:19:19","slug":"les-etats-unis-absents-de-la-reunion-contre-la-pauvrete-de-lonu-en-espagne","status":"publish","type":"post","link":"https:\/\/www.europesays.com\/fr\/216833\/","title":{"rendered":"Les \u00c9tats-Unis absents de la r\u00e9union contre la pauvret\u00e9 de l&rsquo;ONU en Espagne"},"content":{"rendered":"<p>De nombreux pays du monde se sont r\u00e9unis en Espagne lundi, \u00e0 l&rsquo;exception notable des \u00c9tats-Unis, pour tenter de combler le foss\u00e9 grandissant entre les pays riches et les pays pauvres et de r\u00e9unir les milliers de milliards de dollars n\u00e9cessaires pour le combler.<\/p>\n<p>\u00ab\u00a0Le financement est le moteur du d\u00e9veloppement. Et pour l&rsquo;instant, ce moteur tourne au ralenti\u00a0\u00bb, a d\u00e9clar\u00e9 le secr\u00e9taire g\u00e9n\u00e9ral des Nations unies, Antonio Guterres, dans son discours d&rsquo;ouverture de la r\u00e9union de quatre jours sur le financement du d\u00e9veloppement, qui se tient \u00e0 S\u00e9ville.<\/p>\n<p>De nombreux pays sont confront\u00e9s \u00e0 l&rsquo;escalade du fardeau de la dette, \u00e0 la baisse des investissements, \u00e0 la diminution de l&rsquo;aide internationale et \u00e0 l&rsquo;augmentation des barri\u00e8res commerciales.<\/p>\n<p>L&rsquo;ONU et l&rsquo;Espagne, qui co-organisent la r\u00e9union, estiment que ces quatre jours sont l&rsquo;occasion de combler le d\u00e9ficit de financement annuel stup\u00e9fiant de 4 000 milliards de dollars (3 400 milliards d&rsquo;euros) pour promouvoir le d\u00e9veloppement, sortir des millions de personnes de la pauvret\u00e9 et contribuer \u00e0 la r\u00e9alisation des objectifs de d\u00e9veloppement durable de l&rsquo;ONU pour 2030, qui accusent un retard consid\u00e9rable.<\/p>\n<p>M\u00eame si ce rassemblement intervient dans un contexte d&rsquo;incertitude \u00e9conomique et de tensions g\u00e9opolitiques, il y a de l&rsquo;espoir que le monde puisse relever l&rsquo;un des d\u00e9fis mondiaux les plus importants : garantir \u00e0 tous l&rsquo;acc\u00e8s \u00e0 la nourriture, aux soins de sant\u00e9, \u00e0 l&rsquo;\u00e9ducation et \u00e0 l&rsquo;eau.<\/p>\n<p>Plus de 70 dirigeants mondiaux y ont particip\u00e9, selon les Nations unies, ainsi que des repr\u00e9sentants d&rsquo;institutions financi\u00e8res internationales, de banques de d\u00e9veloppement, d&rsquo;organisations philanthropiques, du secteur priv\u00e9 et de la soci\u00e9t\u00e9 civile.<\/p>\n<p>Le Premier ministre espagnol Pedro S\u00e1nchez a d\u00e9clar\u00e9 aux d\u00e9l\u00e9gu\u00e9s que le sommet \u00e9tait l&rsquo;occasion \u00ab\u00a0d&rsquo;\u00e9lever la voix face \u00e0 ceux qui cherchent \u00e0 nous convaincre que la rivalit\u00e9 et la concurrence donneront le ton \u00e0 l&rsquo;humanit\u00e9 et \u00e0 son avenir\u00a0\u00bb.<\/p>\n<p><strong>Rejet de derni\u00e8re minute par les \u00c9tats-Unis<\/strong><\/p>\n<p>Lors de la derni\u00e8re r\u00e9union pr\u00e9paratoire, le 17 juin, les \u00c9tats-Unis ont rejet\u00e9 le document final n\u00e9goci\u00e9 pendant des mois par les 193 pays membres de l&rsquo;ONU et ont annonc\u00e9 leur retrait du processus et de la conf\u00e9rence de S\u00e9ville.<\/p>\n<p>Le document d&rsquo;engagement de S\u00e9ville, approuv\u00e9 par consensus, sera adopt\u00e9 par les participants \u00e0 la conf\u00e9rence sans modification. Il indique que les d\u00e9l\u00e9gu\u00e9s ont convenu de lancer \u00ab\u00a0un ensemble ambitieux de r\u00e9formes et d&rsquo;actions visant \u00e0 combler d&rsquo;urgence le d\u00e9ficit de financement\u00a0\u00bb.<\/p>\n<p>Le document pr\u00e9conise un revenu fiscal minimum de 15 % du produit int\u00e9rieur brut d&rsquo;un pays afin d&rsquo;accro\u00eetre les ressources publiques, de tripler les pr\u00eats accord\u00e9s par les banques multilat\u00e9rales de d\u00e9veloppement et d&rsquo;accro\u00eetre le financement priv\u00e9 en offrant des incitations \u00e0 l&rsquo;investissement dans des domaines essentiels tels que les infrastructures.<\/p>\n<p>Il appelle \u00e9galement \u00e0 des r\u00e9formes pour aider les pays \u00e0 faire face \u00e0 l&rsquo;augmentation de la dette.<\/p>\n<p><img decoding=\"async\" class=\"caas-img caas-lazy has-preview\" alt=\"Pedro S\u00e1nchez et Ant\u00f3nio Guterres lors de la r\u00e9union sur le financement du d\u00e9veloppement \u00e0 S\u00e9ville, le 30 juin 2025.\" src=\"https:\/\/www.europesays.com\/fr\/wp-content\/uploads\/2025\/06\/a14aa8d0fdd21aa91e6deb58843c933b.jpeg\"\/><\/p>\n<p> Pedro S\u00e1nchez et Ant\u00f3nio Guterres lors de la r\u00e9union sur le financement du d\u00e9veloppement \u00e0 S\u00e9ville, le 30 juin 2025.   &#8211; AP Photo <\/p>\n<p>La responsable du commerce des Nations unies, Rebeca Grynspan, a r\u00e9cemment d\u00e9clar\u00e9 que \u00ab\u00a0le d\u00e9veloppement r\u00e9gresse\u00a0\u00bb et que la crise de la dette mondiale s&rsquo;est aggrav\u00e9e.<\/p>\n<p>L&rsquo;ann\u00e9e derni\u00e8re, 3,3 milliards de personnes vivaient dans des pays qui payaient plus d&rsquo;int\u00e9r\u00eats sur leur dette qu&rsquo;ils n&rsquo;en consacraient \u00e0 la sant\u00e9 ou \u00e0 l&rsquo;\u00e9ducation, et ce chiffre passera \u00e0 3,4 milliards cette ann\u00e9e, selon Mme Grynspan.<\/p>\n<p>Les pays en d\u00e9veloppement paieront 947 milliards de dollars (805 milliards d&rsquo;euros) pour le service de la dette cette ann\u00e9e, contre 847 milliards de dollars (720 milliards d&rsquo;euros) l&rsquo;ann\u00e9e derni\u00e8re.<\/p>\n<p>Le pr\u00e9sident angolais Joao Lourenco, qui s&rsquo;exprimait au nom du groupe africain lors de la conf\u00e9rence, a d\u00e9clar\u00e9 que le paiement de la dette \u00ab\u00a0consomme plus de ressources que celles allou\u00e9es \u00e0 la sant\u00e9 et \u00e0 l&rsquo;\u00e9ducation r\u00e9unies\u00a0\u00bb pour de nombreux pays.<\/p>\n<p><strong>Objections des \u00c9tats-Unis<\/strong><\/p>\n<p>Le diplomate am\u00e9ricain Jonathan Shrier a d\u00e9clar\u00e9 lors de la r\u00e9union du 17 juin que \u00ab\u00a0notre engagement en faveur de la coop\u00e9ration internationale et du d\u00e9veloppement \u00e9conomique \u00e0 long terme reste in\u00e9branlable\u00a0\u00bb, mais il a ajout\u00e9 que le texte \u00ab\u00a0franchit plusieurs de nos lignes rouges\u00a0\u00bb.<\/p>\n<p>Selon lui, il s&rsquo;agit notamment d&rsquo;interf\u00e9rer avec la gouvernance des institutions financi\u00e8res internationales, de tripler la capacit\u00e9 de pr\u00eat annuelle des banques multilat\u00e9rales de d\u00e9veloppement et de propositions envisageant un r\u00f4le pour les Nations unies dans l&rsquo;architecture de la dette mondiale.<\/p>\n<p><img decoding=\"async\" class=\"caas-img caas-lazy has-preview\" alt=\"Pedro S\u00e1nchez et Ant\u00f3nio Guterres accueillent la pr\u00e9sidente de la Commission europ\u00e9enne Ursula von der Leyen \u00e0 S\u00e9ville, le 30 juin 2025.\" src=\"https:\/\/www.europesays.com\/fr\/wp-content\/uploads\/2025\/06\/f984cc68009df1f3bcbb13af177e7667.jpeg\"\/><\/p>\n<p> Pedro S\u00e1nchez et Ant\u00f3nio Guterres accueillent la pr\u00e9sidente de la Commission europ\u00e9enne Ursula von der Leyen \u00e0 S\u00e9ville, le 30 juin 2025.   &#8211; AP Photo <\/p>\n<p>M. Shrier s&rsquo;est \u00e9galement oppos\u00e9 aux propositions relatives au commerce, \u00e0 la fiscalit\u00e9 et \u00e0 l&rsquo;innovation qui ne sont pas conformes \u00e0 la politique am\u00e9ricaine, ainsi qu&rsquo;\u00e0 la formulation d&rsquo;une convention-cadre des Nations unies sur la coop\u00e9ration fiscale internationale.<\/p>\n<p>Les \u00c9tats-Unis \u00e9taient le plus grand pourvoyeur d&rsquo;aide \u00e9trang\u00e8re au monde avant que l&rsquo;administration Trump ne d\u00e9mant\u00e8le sa principale agence d&rsquo;aide, l&rsquo;Agence am\u00e9ricaine pour le d\u00e9veloppement international (USAID).<\/p>\n<p>Elle a r\u00e9duit de mani\u00e8re drastique le financement de l&rsquo;aide \u00e9trang\u00e8re, la qualifiant de gaspillage et de contraire au programme du pr\u00e9sident r\u00e9publicain.<\/p>\n<p>D&rsquo;autres donateurs occidentaux ont \u00e9galement r\u00e9duit leur aide internationale.<\/p>\n<p><b class=\"c-widget-related__title__text\">Related<\/b><\/p>\n<p>La semaine derni\u00e8re, la secr\u00e9taire g\u00e9n\u00e9rale adjointe des Nations unies, Amina Mohammed, a qualifi\u00e9 de \u00ab\u00a0regrettable\u00a0\u00bb le retrait des \u00c9tats-Unis de la conf\u00e9rence, ajoutant qu&rsquo;apr\u00e8s S\u00e9ville, \u00ab\u00a0nous nous engagerons \u00e0 nouveau avec les \u00c9tats-Unis et nous esp\u00e9rons que nous pourrons faire en sorte qu&rsquo;ils participent au succ\u00e8s de la sortie de millions de personnes de la pauvret\u00e9\u00a0\u00bb.<\/p>\n<p>Lundi, la pr\u00e9sidente de la Commission europ\u00e9enne, Ursula von der Leyen, a r\u00e9affirm\u00e9 l&rsquo;engagement de l&rsquo;Union en faveur du financement du d\u00e9veloppement, d\u00e9clarant : \u00ab\u00a0Notre engagement est l\u00e0 pour durer\u00a0\u00bb.<\/p>\n","protected":false},"excerpt":{"rendered":"De nombreux pays du monde se sont r\u00e9unis en Espagne lundi, \u00e0 l&rsquo;exception notable des \u00c9tats-Unis, pour tenter&hellip;\n","protected":false},"author":2,"featured_media":216834,"comment_status":"","ping_status":"","sticky":false,"template":"","format":"standard","meta":{"footnotes":""},"categories":[1589],"tags":[11,73,1866,35623,35624,35626,12,35625,1864,1865,1863,308],"class_list":{"0":"post-216833","1":"post","2":"type-post","3":"status-publish","4":"format-standard","5":"has-post-thumbnail","7":"category-etats-unis","8":"tag-actualites","9":"tag-etats-unis","10":"tag-etats-unis-damerique","11":"tag-financement-du-developpement","12":"tag-financement-prive","13":"tag-milliards-de-dollars","14":"tag-news","15":"tag-secretaire-general-des-nations-unies","16":"tag-united-states","17":"tag-united-states-of-america","18":"tag-us","19":"tag-usa"},"share_on_mastodon":{"url":"https:\/\/pubeurope.com\/@fr\/114774879191477257","error":""},"_links":{"self":[{"href":"https:\/\/www.europesays.com\/fr\/wp-json\/wp\/v2\/posts\/216833","targetHints":{"allow":["GET"]}}],"collection":[{"href":"https:\/\/www.europesays.com\/fr\/wp-json\/wp\/v2\/posts"}],"about":[{"href":"https:\/\/www.europesays.com\/fr\/wp-json\/wp\/v2\/types\/post"}],"author":[{"embeddable":true,"href":"https:\/\/www.europesays.com\/fr\/wp-json\/wp\/v2\/users\/2"}],"replies":[{"embeddable":true,"href":"https:\/\/www.europesays.com\/fr\/wp-json\/wp\/v2\/comments?post=216833"}],"version-history":[{"count":0,"href":"https:\/\/www.europesays.com\/fr\/wp-json\/wp\/v2\/posts\/216833\/revisions"}],"wp:featuredmedia":[{"embeddable":true,"href":"https:\/\/www.europesays.com\/fr\/wp-json\/wp\/v2\/media\/216834"}],"wp:attachment":[{"href":"https:\/\/www.europesays.com\/fr\/wp-json\/wp\/v2\/media?parent=216833"}],"wp:term":[{"taxonomy":"category","embeddable":true,"href":"https:\/\/www.europesays.com\/fr\/wp-json\/wp\/v2\/categories?post=216833"},{"taxonomy":"post_tag","embeddable":true,"href":"https:\/\/www.europesays.com\/fr\/wp-json\/wp\/v2\/tags?post=216833"}],"curies":[{"name":"wp","href":"https:\/\/api.w.org\/{rel}","templated":true}]}}