{"id":216866,"date":"2025-06-30T23:39:11","date_gmt":"2025-06-30T23:39:11","guid":{"rendered":"https:\/\/www.europesays.com\/fr\/216866\/"},"modified":"2025-06-30T23:39:11","modified_gmt":"2025-06-30T23:39:11","slug":"cnews-sur-orbite-lci-grimpe-bfm-stagne-les-audiences-des-chaines-dinfo-apres-le-changement-de-numerotation-de-la-tnt","status":"publish","type":"post","link":"https:\/\/www.europesays.com\/fr\/216866\/","title":{"rendered":"CNews sur orbite, LCI grimpe, BFM stagne\u2026 Les audiences des cha\u00eenes d\u2019info apr\u00e8s le changement de num\u00e9rotation de la TNT"},"content":{"rendered":"<p class=\"paragraph text_align_left lp-f-body-02\">CNews a ent\u00e9rin\u00e9 son statut de premi\u00e8re cha\u00eene d\u2019information au terme d\u2019un mois et d\u2019une saison records, une hi\u00e9rarchie <a href=\"https:\/\/www.leparisien.fr\/culture-loisirs\/tv\/bilan-de-la-nouvelle-numerotation-de-la-tnt-lci-grande-gagnante-cnews-inebranlable-les-premiers-jours-16-06-2025-DD4OR7GT4FGLLMLTAL35RWELRY.php\" target=\"_self\" rel=\"nofollow noopener\">que n\u2019a pas boulevers\u00e9e le changement de num\u00e9rotation de la TNT<\/a> survenu en juin, selon les chiffres M\u00e9diam\u00e9trie d\u00e9voil\u00e9s lundi.<\/p>\n<p class=\"paragraph text_align_left lp-f-body-02\">Des quatre cha\u00eenes d\u2019info, LCI, toujours troisi\u00e8me derri\u00e8re BFMTV et devant franceinfo, est celle qui a le plus profit\u00e9 de leur regroupement sur la t\u00e9l\u00e9commande, le 6 juin, dans un contexte de <a href=\"https:\/\/www.leparisien.fr\/international\/israel\/\" target=\"_self\" rel=\"nofollow noopener\">forte actualit\u00e9 internationale<\/a>.<\/p>\n<p>Nouveau record pour CNews<\/p>\n<p class=\"paragraph text_align_left lp-f-body-02\">CNews, qui a d\u00e9tr\u00f4n\u00e9 BFMTV pour la premi\u00e8re fois il y a un peu plus d\u2019un an, s\u2019est f\u00e9licit\u00e9e lundi d\u2019avoir sign\u00e9 de septembre \u00e0 juin la plus forte progression du PAF, toutes cha\u00eenes confondues, pour atteindre 3,2 % de part d\u2019audience (PDA) en moyenne, contre 2,7 % sur la saison 2023-2024.<\/p>\n<p class=\"paragraph text_align_left lp-f-body-02\">Pass\u00e9e du canal 16 au 14, la cha\u00eene d\u2019info dans le giron du milliardaire conservateur Vincent Bollor\u00e9 a enregistr\u00e9 3,6 % de PDA en juin, soit 0,1 point de plus que son pr\u00e9c\u00e9dent record de juin 2024 &#8211; marqu\u00e9 par la dissolution de l\u2019Assembl\u00e9e nationale &#8211; et 0,2 point de plus qu\u2019en mai 2025.<\/p>\n<p>BFMTV stagne<\/p>\n<p class=\"paragraph text_align_left lp-f-body-02\">Cinqui\u00e8me cha\u00eene nationale en juin devant France 5, elle creuse encore l\u2019\u00e9cart avec BFMTV, distanc\u00e9e de 0,7 points, \u00e0 2,9 % de PDA. BFMTV, d\u00e9sormais install\u00e9e sur l\u2019ex-canal de LCP et Public S\u00e9nat (13), voit sa PDA baisser sur un an (-0,5 point) mais reste stable sur un mois.<\/p>\n<p class=\"paragraph text_align_left lp-f-body-02\">L\u2019ancienne leader, qui fait face \u00e0 de nombreuses d\u00e9fections de journalistes depuis son rachat par l\u2019armateur CMA CGM mi-2024, revendique toutefois chaque jour 12 millions de t\u00e9l\u00e9spectateurs en cumul\u00e9, contre 9 millions pour CNews.<\/p>\n<p>Le renouveau de LCI ?<\/p>\n<p class=\"paragraph text_align_left lp-f-body-02\">LCI (ex-canal 26), qui a r\u00e9cup\u00e9r\u00e9 l\u2019ancien canal 15 de BFMTV, grimpe, elle, \u00e0 2,3 % de PDA en juin, son meilleur score depuis deux ans. La cha\u00eene du groupe TF 1 gagne ainsi 0,3 point sur un an et 0,5 point sur un mois.<\/p>\n<p class=\"paragraph text_align_left lp-f-body-02\">Derri\u00e8re, franceinfo, rapatri\u00e9e du canal 27 au 16, se maintient sur un an \u00e0 1 % de PDA en juin, soit 0,2 point de plus qu\u2019en mai.<\/p>\n<p class=\"paragraph text_align_left lp-f-body-02\">Le changement de num\u00e9rotation d\u00e9coule de l\u2019arr\u00eat des cha\u00eenes C8 et NRJ 12 sur la t\u00e9l\u00e9vision num\u00e9rique terrestre (TNT) fin f\u00e9vrier. Cela a ouvert la possibilit\u00e9 d\u2019une remise en ordre plus logique des canaux, d\u00e9cid\u00e9e par l\u2019Arcom, le r\u00e9gulateur de l\u2019audiovisuel.<\/p>\n","protected":false},"excerpt":{"rendered":"CNews a ent\u00e9rin\u00e9 son statut de premi\u00e8re cha\u00eene d\u2019information au terme d\u2019un mois et d\u2019une saison records, une&hellip;\n","protected":false},"author":2,"featured_media":216867,"comment_status":"","ping_status":"","sticky":false,"template":"","format":"standard","meta":{"footnotes":""},"categories":[1356],"tags":[872,58,59,1011,27,252,2205,1364],"class_list":{"0":"post-216866","1":"post","2":"type-post","3":"status-publish","4":"format-standard","5":"has-post-thumbnail","7":"category-television","8":"tag-culture-et-loisirs","9":"tag-divertissement","10":"tag-entertainment","11":"tag-fr","12":"tag-france","13":"tag-television","14":"tag-television-medias","15":"tag-tv"},"share_on_mastodon":{"url":"https:\/\/pubeurope.com\/@fr\/114774958051643238","error":""},"_links":{"self":[{"href":"https:\/\/www.europesays.com\/fr\/wp-json\/wp\/v2\/posts\/216866","targetHints":{"allow":["GET"]}}],"collection":[{"href":"https:\/\/www.europesays.com\/fr\/wp-json\/wp\/v2\/posts"}],"about":[{"href":"https:\/\/www.europesays.com\/fr\/wp-json\/wp\/v2\/types\/post"}],"author":[{"embeddable":true,"href":"https:\/\/www.europesays.com\/fr\/wp-json\/wp\/v2\/users\/2"}],"replies":[{"embeddable":true,"href":"https:\/\/www.europesays.com\/fr\/wp-json\/wp\/v2\/comments?post=216866"}],"version-history":[{"count":0,"href":"https:\/\/www.europesays.com\/fr\/wp-json\/wp\/v2\/posts\/216866\/revisions"}],"wp:featuredmedia":[{"embeddable":true,"href":"https:\/\/www.europesays.com\/fr\/wp-json\/wp\/v2\/media\/216867"}],"wp:attachment":[{"href":"https:\/\/www.europesays.com\/fr\/wp-json\/wp\/v2\/media?parent=216866"}],"wp:term":[{"taxonomy":"category","embeddable":true,"href":"https:\/\/www.europesays.com\/fr\/wp-json\/wp\/v2\/categories?post=216866"},{"taxonomy":"post_tag","embeddable":true,"href":"https:\/\/www.europesays.com\/fr\/wp-json\/wp\/v2\/tags?post=216866"}],"curies":[{"name":"wp","href":"https:\/\/api.w.org\/{rel}","templated":true}]}}