{"id":21687,"date":"2025-04-13T07:55:09","date_gmt":"2025-04-13T07:55:09","guid":{"rendered":"https:\/\/www.europesays.com\/fr\/21687\/"},"modified":"2025-04-13T07:55:09","modified_gmt":"2025-04-13T07:55:09","slug":"en-mer-noire-la-roumanie-en-premiere-ligne-de-lotan-face-a-la-russie-liberation","status":"publish","type":"post","link":"https:\/\/www.europesays.com\/fr\/21687\/","title":{"rendered":"En mer Noire, la Roumanie en premi\u00e8re ligne de l\u2019Otan face \u00e0 la Russie \u2013 Lib\u00e9ration"},"content":{"rendered":"<p class=\"sc-cPiKLX AiZTS text-element\">L\u2019h\u00e9licopt\u00e8re s\u2019\u00e9l\u00e8ve dans un staccato assourdissant depuis l\u2019aire d\u2019appontage, op\u00e8re trois boucles autour de la fr\u00e9gate, puis dispara\u00eet dans un ciel parfaitement bleu au-dessus de la mer Noire. La man\u0153uvre de reconnaissance militaire est minutieusement chor\u00e9graphi\u00e9e, sous le regard fier du contre-amiral Cornel-Eugen Cojocaru, commandant de la flotte navale roumaine.<\/p>\n<p class=\"sc-cPiKLX AiZTS text-element\">Chaque ann\u00e9e, la Roumanie organise l\u2019exercice multinational Sea Shield visant \u00e0 renforcer les capacit\u00e9s de coop\u00e9ration de l\u2019Otan sur la mer Noire. Il s\u2019agit d\u2019un entra\u00eenement complexe, et d\u2019un des plus grands exercices navals de l\u2019Alliance. \u00abNous nous pr\u00e9parons par tous les moyens, tant pour la lutte anti-sous-marine, la lutte en surface mais aussi contre les forces a\u00e9riennes ennemies, via des exercices de d\u00e9fense antia\u00e9rienne\u00bb, explique le commandant.<\/p>\n","protected":false},"excerpt":{"rendered":"L\u2019h\u00e9licopt\u00e8re s\u2019\u00e9l\u00e8ve dans un staccato assourdissant depuis l\u2019aire d\u2019appontage, op\u00e8re trois boucles autour de la fr\u00e9gate, puis dispara\u00eet&hellip;\n","protected":false},"author":2,"featured_media":21688,"comment_status":"","ping_status":"","sticky":false,"template":"","format":"standard","meta":{"footnotes":""},"categories":[1591],"tags":[11,554,75,73,1887,12,136,4868,1885,1886,132,297,364],"class_list":{"0":"post-21687","1":"post","2":"type-post","3":"status-publish","4":"format-standard","5":"has-post-thumbnail","7":"category-russie","8":"tag-actualites","9":"tag-defense","10":"tag-donald-trump","11":"tag-etats-unis","12":"tag-federation-de-russie","13":"tag-news","14":"tag-otan","15":"tag-roumanie","16":"tag-russia","17":"tag-russian-federation","18":"tag-russie","19":"tag-ukraine-la-crise","20":"tag-union-europeenne"},"share_on_mastodon":{"url":"https:\/\/pubeurope.com\/@fr\/114329585224966213","error":""},"_links":{"self":[{"href":"https:\/\/www.europesays.com\/fr\/wp-json\/wp\/v2\/posts\/21687","targetHints":{"allow":["GET"]}}],"collection":[{"href":"https:\/\/www.europesays.com\/fr\/wp-json\/wp\/v2\/posts"}],"about":[{"href":"https:\/\/www.europesays.com\/fr\/wp-json\/wp\/v2\/types\/post"}],"author":[{"embeddable":true,"href":"https:\/\/www.europesays.com\/fr\/wp-json\/wp\/v2\/users\/2"}],"replies":[{"embeddable":true,"href":"https:\/\/www.europesays.com\/fr\/wp-json\/wp\/v2\/comments?post=21687"}],"version-history":[{"count":0,"href":"https:\/\/www.europesays.com\/fr\/wp-json\/wp\/v2\/posts\/21687\/revisions"}],"wp:featuredmedia":[{"embeddable":true,"href":"https:\/\/www.europesays.com\/fr\/wp-json\/wp\/v2\/media\/21688"}],"wp:attachment":[{"href":"https:\/\/www.europesays.com\/fr\/wp-json\/wp\/v2\/media?parent=21687"}],"wp:term":[{"taxonomy":"category","embeddable":true,"href":"https:\/\/www.europesays.com\/fr\/wp-json\/wp\/v2\/categories?post=21687"},{"taxonomy":"post_tag","embeddable":true,"href":"https:\/\/www.europesays.com\/fr\/wp-json\/wp\/v2\/tags?post=21687"}],"curies":[{"name":"wp","href":"https:\/\/api.w.org\/{rel}","templated":true}]}}