{"id":216886,"date":"2025-06-30T23:50:11","date_gmt":"2025-06-30T23:50:11","guid":{"rendered":"https:\/\/www.europesays.com\/fr\/216886\/"},"modified":"2025-06-30T23:50:11","modified_gmt":"2025-06-30T23:50:11","slug":"sorbiers-une-foule-vibrante-rend-hommage-a-romain-auzary-un-homme-fait-de-neige-damour-et-de-folie","status":"publish","type":"post","link":"https:\/\/www.europesays.com\/fr\/216886\/","title":{"rendered":"Sorbiers. Une foule vibrante rend hommage \u00e0 Romain Auzary, \u00ab\u00a0un homme fait de neige, d\u2019amour et de folie\u00a0\u00bb"},"content":{"rendered":"<p>Une c\u00e9r\u00e9monie d\u2019adieu dans une salle omnisports, ce n\u2019est pas classique. Mais Romain Auzary ne l\u2019\u00e9tait pas non plus. Et ses parents n\u2019ont pas vu trop grand en choisissant ce gymnase de Sorbiers pour la c\u00e9r\u00e9monie d\u2019hommage \u00e0 leur fils, tragiquement disparu \u00e0 l\u2019\u00e2ge de 43 ans.<\/p>\n<p>D\u00e8s 13 heures ce lundi 30\u00a0juin, les personnes touch\u00e9es par le d\u00e9c\u00e8s du menuisier install\u00e9 \u00e0 Montricher-Albanne (Savoie), \u00e9galement pisteur-secouriste, ont converg\u00e9 vers les rives de l\u2019Onzon, pour un hommage programm\u00e9 \u00e0 13\u00a0h\u00a030. Les centaines de chaises install\u00e9es n\u2019ont pas \u00e9t\u00e9 de trop pour accueillir la foule, pendant que Bob Marley invitait, avec Redomption song , \u00e0 chanter la libert\u00e9.<\/p>\n<p>  Deux paires de ski et un maillot Manufrance de l\u2019ASSE<\/p>\n<p>Famille, amis, coll\u00e8gues ont pris la parole pour exprimer, avec des mots poignants, ce qui les liait \u00e0 \u00ab\u00a0cet homme fait de neige, d\u2019amour et de folie\u00a0\u00bb, comme le d\u00e9crit son fr\u00e8re, inconsolable.<\/p>\n<p>\u00ab <a href=\"https:\/\/www.leprogres.fr\/faits-divers-justice\/2025\/06\/09\/disparition-d-un-festivalier-de-l-outdoormix-les-recherches-se-poursuivent\" target=\"_blank\" rel=\"noopener\">Ta disparition, toujours inexplicable<\/a>, ne correspond pas \u00e0 ce que tu \u00e9tais, toi qui avais un amour incommensurable pour ton fils et un attachement infini \u00e0 ta famille\u00a0\u00bb, d\u00e9clare son p\u00e8re. Qui \u00e9voque les \u00ab\u00a0conversations enflamm\u00e9es\u00a0\u00bb au sujet de la politique ou du football.<\/p>\n<p>\u00ab\u00a0Aujourd\u2019hui encore, tu as r\u00e9uni une si grande assembl\u00e9e qui nous bouleverse devant tant de reconnaissance\u00a0\u00bb, confie sa m\u00e8re. Pour elle, \u00ab\u00a0les vacances \u00e0 Serre-Pon\u00e7on sont les plus beaux souvenirs. L\u00e0-bas, <a href=\"https:\/\/www.leprogres.fr\/faits-divers-justice\/2025\/06\/08\/un-festivalier-disparait-ses-proches-veulent-garder-espoir\" target=\"_blank\" rel=\"noopener\">nous marcherons dans tes pas avec ton fils<\/a>.\u00a0\u00bb Elle promet\u00a0: \u00ab\u00a0Tu ne dispara\u00eetras jamais. Tu seras partout o\u00f9 nous serons.\u00a0\u00bb<\/p>\n<p>  Le ski, plus qu\u2019un sport pour cette \u00ab\u00a0grande gueule au grand c\u0153ur\u00a0\u00bb<\/p>\n<p>Devant le cercueil, sur lequel ont \u00e9t\u00e9 appos\u00e9s ses deux paires de ski et le maillot Manufrance de l\u2019ASSE dont Romain Auzary \u00e9tait fan, ses amis de Sorbiers ont t\u00e9moign\u00e9 de leurs d\u00e9cennies \u00ab\u00a0d\u2019amiti\u00e9 sans faille\u00a0\u00bb. Et leurs souvenirs heureux du temps du foot \u00e0 l\u2019ES Sorbiers, des courses de BMX, des karaok\u00e9s avec Manu Chao, Secteur A ou Barbara. \u00ab\u00a0Tu pouvais tout chanter en soir\u00e9e.\u00a0\u00bb<\/p>\n<p>Un ami de 35 ans regrette\u00a0: \u00ab\u00a0On aurait tant aim\u00e9 que tu nous appelles pour nous annoncer la descente de l\u2019OL en Ligue 2\u2026\u00a0\u00bb Il note que la seule infid\u00e9lit\u00e9 de Romain \u00e0 l\u2019\u00e9quipe des Verts qui le faisait vibrer \u00e9tait sa \u00ab\u00a0passion pour Messi et le Bar\u00e7a\u00a0\u00bb.<\/p>\n<p>\u00ab\u00a0Grande gueule au grand c\u0153ur\u00a0\u00bb, Romain Auzary a \u00ab\u00a0toujours su organiser les retrouvailles malgr\u00e9 le temps qui passait\u00a0\u00bb, avec ses amis d\u2019enfance. \u00c0 moto ou \u00e0 ski, celui qui \u00ab\u00a0vivait \u00e0 200 \u00e0 l\u2019heure\u00a0\u00bb a marqu\u00e9 par son \u00ab\u00a0rire\u00a0\u00bb, son \u00ab\u00a0accent st\u00e9phanois\u00a0\u00bb mais surtout son \u00ab\u00a0c\u0153ur \u00e9norme o\u00f9 chacun avait sa place\u00a0\u00bb.<\/p>\n<p>  \u00ab\u00a0On c\u00e9l\u00e8bre une vie droite et sinc\u00e8re\u00a0\u00bb<\/p>\n<p>Chez ses coll\u00e8gues et amis pisteurs, son \u00ab\u00a0petit grain de folie a tout de suite plu, puis on a d\u00e9couvert un gars en or\u00a0\u00bb avec qui partager \u00ab\u00a0la rigueur dans le travail et les fous rires sur les pistes\u00a0\u00bb.<\/p>\n<p>Le ski, c\u2019\u00e9tait \u00ab\u00a0plus qu\u2019un sport\u00a0\u00bb pour Romain, \u00ab\u00a0c\u2019\u00e9tait un souffle\u00a0\u00bb. Un de ses amis des Alpes raconte comment Romain s\u2019est \u00ab\u00a0appropri\u00e9 un couloir, qu\u2019on appelle maintenant le couloir Auzary. Il te ressemble\u00a0: difficile d\u2019acc\u00e8s pour \u00e9viter d\u2019\u00eatre trop trac\u00e9, bien orient\u00e9 pour avoir la meilleure neige et suffisamment pentu pour d\u00e9livrer des sensations.\u00a0\u00bb<\/p>\n<p>Entre Baby can I hold you tonight de Tracy Chapman et Imagine  de John Lennon, ses cousins ont assur\u00e9 qu\u2019ils continueraient de parler de Romain \u00ab\u00a0pour ne pas oublier qui nous \u00e9tions quand tu \u00e9tais l\u00e0\u00a0\u00bb. Car Romain Auzary changeait le cours des vies qu\u2019il a crois\u00e9es, tous en ont t\u00e9moign\u00e9\u00a0: \u00ab\u00a0Je n\u2019ai jamais vu quelqu\u2019un attirer un tel \u00e9lan d\u2019amour, d\u2019amiti\u00e9 et de solidarit\u00e9\u00a0\u00bb, assure l\u2019un\u00a0; \u00ab\u00a0on c\u00e9l\u00e8bre une vie droite et sinc\u00e8re pendant laquelle tu tirais tout le monde vers le haut et vers la joie\u00a0\u00bb, compl\u00e8te l\u2019autre.<\/p>\n<p>  \u00ab\u00a0Tu \u00e9tais trop grand pour ce monde\u00a0\u00bb<\/p>\n<p>Le p\u00e8re de Romain, qui a chapeaut\u00e9 les op\u00e9rations de recherche apr\u00e8s la disparition le 7\u00a0juin, en marge de l\u2019Outdoormix Festival d\u2019Embrun (Hautes-Alpes), a conclu par des remerciements aux \u00e9lus lig\u00e9riens et haut-alpins qui se sont mobilis\u00e9s, au camping qui a accueilli la famille pendant les 13 jours entre la disparition et la d\u00e9couverte du corps, et aux loueurs de bateaux, paddles et aux kayakistes qui ont tent\u00e9 de le retrouver.<\/p>\n<p>Puis le cercueil a quitt\u00e9 la salle sous un tonnerre d\u2019applaudissements, pendant que les mots de ses proches apparaissaient sur grand \u00e9cran\u00a0: \u00ab\u00a0Tu \u00e9tais trop grand pour ce monde.\u00a0\u00bb<\/p>\n","protected":false},"excerpt":{"rendered":"Une c\u00e9r\u00e9monie d\u2019adieu dans une salle omnisports, ce n\u2019est pas classique. Mais Romain Auzary ne l\u2019\u00e9tait pas non&hellip;\n","protected":false},"author":2,"featured_media":216887,"comment_status":"","ping_status":"","sticky":false,"template":"","format":"standard","meta":{"footnotes":""},"categories":[9653],"tags":[119,1111,11,2430,9223,7539,1777,674,274,1011,27,3367,1391,12,25,4001,9664,104,17204],"class_list":{"0":"post-216886","1":"post","2":"type-post","3":"status-publish","4":"format-standard","5":"has-post-thumbnail","7":"category-saint-etienne","8":"tag-accident","9":"tag-actu","10":"tag-actualites","11":"tag-auvergne-rhone-alpes","12":"tag-carnet-du-jour","13":"tag-edition-loire-sud","14":"tag-eu","15":"tag-europe","16":"tag-faits-divers-justice","17":"tag-fr","18":"tag-france","19":"tag-loire","20":"tag-necrologie","21":"tag-news","22":"tag-republique-francaise","23":"tag-saint-etienne","24":"tag-saint-etienne-bassin","25":"tag-societe","26":"tag-sorbiers"},"share_on_mastodon":{"url":"https:\/\/pubeurope.com\/@fr\/114775000600962195","error":""},"_links":{"self":[{"href":"https:\/\/www.europesays.com\/fr\/wp-json\/wp\/v2\/posts\/216886","targetHints":{"allow":["GET"]}}],"collection":[{"href":"https:\/\/www.europesays.com\/fr\/wp-json\/wp\/v2\/posts"}],"about":[{"href":"https:\/\/www.europesays.com\/fr\/wp-json\/wp\/v2\/types\/post"}],"author":[{"embeddable":true,"href":"https:\/\/www.europesays.com\/fr\/wp-json\/wp\/v2\/users\/2"}],"replies":[{"embeddable":true,"href":"https:\/\/www.europesays.com\/fr\/wp-json\/wp\/v2\/comments?post=216886"}],"version-history":[{"count":0,"href":"https:\/\/www.europesays.com\/fr\/wp-json\/wp\/v2\/posts\/216886\/revisions"}],"wp:featuredmedia":[{"embeddable":true,"href":"https:\/\/www.europesays.com\/fr\/wp-json\/wp\/v2\/media\/216887"}],"wp:attachment":[{"href":"https:\/\/www.europesays.com\/fr\/wp-json\/wp\/v2\/media?parent=216886"}],"wp:term":[{"taxonomy":"category","embeddable":true,"href":"https:\/\/www.europesays.com\/fr\/wp-json\/wp\/v2\/categories?post=216886"},{"taxonomy":"post_tag","embeddable":true,"href":"https:\/\/www.europesays.com\/fr\/wp-json\/wp\/v2\/tags?post=216886"}],"curies":[{"name":"wp","href":"https:\/\/api.w.org\/{rel}","templated":true}]}}