{"id":216888,"date":"2025-06-30T23:51:19","date_gmt":"2025-06-30T23:51:19","guid":{"rendered":"https:\/\/www.europesays.com\/fr\/216888\/"},"modified":"2025-06-30T23:51:19","modified_gmt":"2025-06-30T23:51:19","slug":"loire-remous-autour-des-premiers-pas-en-politique-de-la-famille-artigues","status":"publish","type":"post","link":"https:\/\/www.europesays.com\/fr\/216888\/","title":{"rendered":"Loire : remous autour des premiers pas en politique de la famille Artigues"},"content":{"rendered":"<p><img loading=\"lazy\" decoding=\"async\" alt=\"\u00a9 Facebook Augustin Artigues - Augustin Artigues s'\u00e9tonne de possibles sanctions prises \u00e0 son encontre par Les R\u00e9publicains.\" data-zoom-src=\"https:\/\/www.europesays.com\/fr\/wp-content\/uploads\/2025\/06\/initial-augustin-artigues.jpg\" data-zoomable=\"\" height=\"702\" src=\"https:\/\/www.europesays.com\/fr\/wp-content\/uploads\/2025\/06\/initial-augustin-artigues.jpg\" width=\"1248\"\/>  <\/p>\n<p class=\"article-desc\">\u00a9 Facebook Augustin Artigues &#8211; Augustin Artigues s&rsquo;\u00e9tonne de possibles sanctions prises \u00e0 son encontre par Les R\u00e9publicains. <\/p>\n<p>\u00ab\u00a0Gilles Artigues n\u2019a plus d\u2019ambition politique \u00e0 Saint-Etienne\u00a0\u00bb, annon\u00e7ait d\u00e9but juin Me Andr\u00e9 Buffard, avocat de l\u2019<strong>ex-d\u00e9put\u00e9 centriste<\/strong>, en marge de l\u2019annonce du renvoi en correctionnelle, en septembre, <a href=\"https:\/\/mesinfos.fr\/42000-saint-etienne\/affaire-du-chantage-a-la-video-intime-le-maire-de-saint-etienne-sera-juge-en-septembre-224051.html\" target=\"_blank\" rel=\"noopener\">du maire de la ville Ga\u00ebl Perdriau dans l\u2019affaire dite de la sextape<\/a>. C\u2019\u00e9tait sans compter sur les ambitions de ses proches. <\/p>\n<p>Mireille Artigues d\u00e9sign\u00e9e cheffe de file de l\u2019Alliance centriste \u00e0 Albi <\/p>\n<p>Tout d\u2019abord, son \u00e9pouse, <strong>Mireille Artigues<\/strong>, \u00e0 Albi, la pr\u00e9fecture du d\u00e9partement du Tarn o\u00f9 Gilles Artigues est depuis trois ans directeur dioc\u00e9sain de l\u2019enseignement catholique. Le bureau du parti <strong>l\u2019Alliance centriste<\/strong>, pr\u00e9sid\u00e9 par le s\u00e9nateur du Tarn Philippe Folliot, vient d\u2019investir cette quinquag\u00e9naire cheffe de file pour les \u00e9lections municipales de mars 2026 dans cette ville de 50 000 habitants. <\/p>\n<p>L\u2019exclusion d\u2019Augustin Artigues demand\u00e9e par les R\u00e9publicains de la Loire <\/p>\n<p>Ce week-end, la fi\u00e8vre pr\u00e9-\u00e9lectorale a \u00e9galement gagn\u00e9 la <strong>F\u00e9d\u00e9ration de la Loire des R\u00e9publicains<\/strong>, qui demande aux instances nationales \u00ab\u00a0l\u2019exclusion d\u2019Augustin Artigues\u00a0\u00bb, le fils de l\u2019\u00e9lu st\u00e9phanois. Ce militant de 19 ans, r\u00e9put\u00e9 proche de Laurent Wauquiez, se d\u00e9clare \u00ab\u00a0surpris de la m\u00e9thode employ\u00e9e\u00a0\u00bb par sa famille politique. <\/p>\n<p>Celle-ci lui reproche un post sur Facebook, intitul\u00e9 \u00ab\u00a0Il est urgent de nettoyer cette mairie au k\u00e4rcher\u00a0\u00bb, agr\u00e9ment\u00e9 de photos d\u2019\u00e9lus municipaux de droite rest\u00e9s fid\u00e8les \u00e0 Ga\u00ebl Perdriau, dont \u00ab\u00a0plusieurs s\u2019appr\u00eatent \u00e0 retourner leur veste\u00a0\u00bb, selon <strong>Augustin Artigues<\/strong>.<\/p>\n","protected":false},"excerpt":{"rendered":"\u00a9 Facebook Augustin Artigues &#8211; Augustin Artigues s&rsquo;\u00e9tonne de possibles sanctions prises \u00e0 son encontre par Les R\u00e9publicains.&hellip;\n","protected":false},"author":2,"featured_media":216889,"comment_status":"","ping_status":"","sticky":false,"template":"","format":"standard","meta":{"footnotes":""},"categories":[9653],"tags":[1111,11,2430,1777,674,1011,27,35632,12,25,4001],"class_list":{"0":"post-216888","1":"post","2":"type-post","3":"status-publish","4":"format-standard","5":"has-post-thumbnail","7":"category-saint-etienne","8":"tag-actu","9":"tag-actualites","10":"tag-auvergne-rhone-alpes","11":"tag-eu","12":"tag-europe","13":"tag-fr","14":"tag-france","15":"tag-gilles-artigues","16":"tag-news","17":"tag-republique-francaise","18":"tag-saint-etienne"},"share_on_mastodon":{"url":"https:\/\/pubeurope.com\/@fr\/114775005130993224","error":""},"_links":{"self":[{"href":"https:\/\/www.europesays.com\/fr\/wp-json\/wp\/v2\/posts\/216888","targetHints":{"allow":["GET"]}}],"collection":[{"href":"https:\/\/www.europesays.com\/fr\/wp-json\/wp\/v2\/posts"}],"about":[{"href":"https:\/\/www.europesays.com\/fr\/wp-json\/wp\/v2\/types\/post"}],"author":[{"embeddable":true,"href":"https:\/\/www.europesays.com\/fr\/wp-json\/wp\/v2\/users\/2"}],"replies":[{"embeddable":true,"href":"https:\/\/www.europesays.com\/fr\/wp-json\/wp\/v2\/comments?post=216888"}],"version-history":[{"count":0,"href":"https:\/\/www.europesays.com\/fr\/wp-json\/wp\/v2\/posts\/216888\/revisions"}],"wp:featuredmedia":[{"embeddable":true,"href":"https:\/\/www.europesays.com\/fr\/wp-json\/wp\/v2\/media\/216889"}],"wp:attachment":[{"href":"https:\/\/www.europesays.com\/fr\/wp-json\/wp\/v2\/media?parent=216888"}],"wp:term":[{"taxonomy":"category","embeddable":true,"href":"https:\/\/www.europesays.com\/fr\/wp-json\/wp\/v2\/categories?post=216888"},{"taxonomy":"post_tag","embeddable":true,"href":"https:\/\/www.europesays.com\/fr\/wp-json\/wp\/v2\/tags?post=216888"}],"curies":[{"name":"wp","href":"https:\/\/api.w.org\/{rel}","templated":true}]}}