{"id":216891,"date":"2025-06-30T23:58:10","date_gmt":"2025-06-30T23:58:10","guid":{"rendered":"https:\/\/www.europesays.com\/fr\/216891\/"},"modified":"2025-06-30T23:58:10","modified_gmt":"2025-06-30T23:58:10","slug":"previsions-du-mardi-1-juillet-2025-5","status":"publish","type":"post","link":"https:\/\/www.europesays.com\/fr\/216891\/","title":{"rendered":"pr\u00e9visions du mardi 1 juillet 2025"},"content":{"rendered":"<p>Montpellier va \u00eatre baign\u00e9e de soleil durant cette journ\u00e9e. Les valeurs afficheront entre 24 et 35\u00b0C, un temps r\u00e9solument de saison. Attention \u00e0 la vague de chaud dans la matin\u00e9e. Des temp\u00e9ratures de 26 \u00e0 34\u00b0C sont annonc\u00e9es. Une brise de nord-ouest soufflera doucement. La ville va souffrir des fortes chaleurs avec des valeurs qui pourraient monter \u00e0 35\u00b0C l&rsquo;apr\u00e8s-midi. D\u00e8s le soir, les temp\u00e9ratures \u00e9volueront entre 27 et 30\u2009\u00b0C. Il fera 28\u00b0C en moyenne. Entre mardi et mercredi, la nuit sera claire.<\/p>\n<p>Un beau soleil est attendu demain \u00e0 Montpellier. Une baisse des temp\u00e9ratures est \u00e0 pr\u00e9voir. Les valeurs maximums pr\u00e9vues sont \u00e9lev\u00e9es, avec 32\u00b0C. Ce sera un bel \u00e9t\u00e9 : les temp\u00e9ratures s&rsquo;\u00e9chelonneront entre 23 et 32\u00b0C. Les grosses chaleurs sont pr\u00e9sentes. Avec des valeurs situ\u00e9es entre 26 et 32\u00b0C. Le matin, un vent de nord-est rafra\u00eechira quelque peu l&rsquo;atmosph\u00e8re. L&rsquo;apr\u00e8s-midi va \u00eatre vraiment chaud : pr\u00e8s de 32\u00b0C. La ville aura quelques \u00e9claircies demain soir. Un l\u00e9ger vent d&rsquo;ouest sera ressenti par les habitants.<\/p>\n<p>La m\u00e9t\u00e9o restera inchang\u00e9e les jours \u00e0 venir. Un ciel ensoleill\u00e9, avec des temp\u00e9ratures de 34\u00b0C environ, est attendu.<\/p>\n<p>Il est indispensable de veiller \u00e0 s&rsquo;hydrater correctement en p\u00e9riode de fortes chaleurs. Prenez soin d&rsquo;offrir \u00e0 boire aux jeunes enfants et aux personnes \u00e2g\u00e9es. Un brumisateur sera aussi votre alli\u00e9 au cours de ces fortes chaleurs !<\/p>\n","protected":false},"excerpt":{"rendered":"Montpellier va \u00eatre baign\u00e9e de soleil durant cette journ\u00e9e. Les valeurs afficheront entre 24 et 35\u00b0C, un temps&hellip;\n","protected":false},"author":2,"featured_media":216892,"comment_status":"","ping_status":"","sticky":false,"template":"","format":"standard","meta":{"footnotes":""},"categories":[9599],"tags":[1111,11,1777,674,1011,27,7089,2681,2208,12,2680,2119,25],"class_list":{"0":"post-216891","1":"post","2":"type-post","3":"status-publish","4":"format-standard","5":"has-post-thumbnail","7":"category-montpellier","8":"tag-actu","9":"tag-actualites","10":"tag-eu","11":"tag-europe","12":"tag-fr","13":"tag-france","14":"tag-herault","15":"tag-languedoc-roussillon","16":"tag-montpellier","17":"tag-news","18":"tag-occitanie","19":"tag-previsions-meteo","20":"tag-republique-francaise"},"share_on_mastodon":{"url":"https:\/\/pubeurope.com\/@fr\/114775032922592637","error":""},"_links":{"self":[{"href":"https:\/\/www.europesays.com\/fr\/wp-json\/wp\/v2\/posts\/216891","targetHints":{"allow":["GET"]}}],"collection":[{"href":"https:\/\/www.europesays.com\/fr\/wp-json\/wp\/v2\/posts"}],"about":[{"href":"https:\/\/www.europesays.com\/fr\/wp-json\/wp\/v2\/types\/post"}],"author":[{"embeddable":true,"href":"https:\/\/www.europesays.com\/fr\/wp-json\/wp\/v2\/users\/2"}],"replies":[{"embeddable":true,"href":"https:\/\/www.europesays.com\/fr\/wp-json\/wp\/v2\/comments?post=216891"}],"version-history":[{"count":0,"href":"https:\/\/www.europesays.com\/fr\/wp-json\/wp\/v2\/posts\/216891\/revisions"}],"wp:featuredmedia":[{"embeddable":true,"href":"https:\/\/www.europesays.com\/fr\/wp-json\/wp\/v2\/media\/216892"}],"wp:attachment":[{"href":"https:\/\/www.europesays.com\/fr\/wp-json\/wp\/v2\/media?parent=216891"}],"wp:term":[{"taxonomy":"category","embeddable":true,"href":"https:\/\/www.europesays.com\/fr\/wp-json\/wp\/v2\/categories?post=216891"},{"taxonomy":"post_tag","embeddable":true,"href":"https:\/\/www.europesays.com\/fr\/wp-json\/wp\/v2\/tags?post=216891"}],"curies":[{"name":"wp","href":"https:\/\/api.w.org\/{rel}","templated":true}]}}