{"id":216895,"date":"2025-07-01T00:01:31","date_gmt":"2025-07-01T00:01:31","guid":{"rendered":"https:\/\/www.europesays.com\/fr\/216895\/"},"modified":"2025-07-01T00:01:31","modified_gmt":"2025-07-01T00:01:31","slug":"ce-que-lon-sait-de-la-conductrice-qui-a-tue-une-cycliste-mardi-et-en-a-renverse-deux-autres-liberation","status":"publish","type":"post","link":"https:\/\/www.europesays.com\/fr\/216895\/","title":{"rendered":"ce que l\u2019on sait de la conductrice qui a tu\u00e9 une cycliste mardi et en a renvers\u00e9 deux autres \u2013 Lib\u00e9ration"},"content":{"rendered":"<p class=\"sc-ksZaOG ehjQrN text-element\">L\u2019automobiliste au volant d\u2019une camionnette, qui avait renvers\u00e9 mardi 14 janvier trois cyclistes dans le centre-ville de Rouen avant de prendre la fuite, a \u00e9t\u00e9 mise jeudi 16 janvier en examen pour \u00abmeurtre, tentative de meurtre, refus d\u2019obtemp\u00e9rer aggrav\u00e9 et d\u00e9gradation du bien d\u2019autrui\u00bb. La victime la plus gri\u00e8vement bless\u00e9e, n\u00e9e en 1996, \u00e9tait morte des suites de ses blessures. La conductrice n\u00e9e en 1977 avait \u00e9t\u00e9 interpell\u00e9e mardi \u00e0 une trentaine de kilom\u00e8tres au nord de la ville. Elle a \u00e9t\u00e9 plac\u00e9e jeudi sous mandat de d\u00e9p\u00f4t, a pr\u00e9cis\u00e9 le procureur de Rouen, S\u00e9bastien Gallois, dans un communiqu\u00e9.<\/p>\n<p class=\"sc-ksZaOG ehjQrN text-element\">Dans un communiqu\u00e9 publi\u00e9 mardi dans la soir\u00e9e, le procureur de la R\u00e9publique \u00e9tait revenu en d\u00e9tail sur les faits. \u00abCe matin \u00e0 8 h 45, un v\u00e9hicule de type utilitaire percutait par l\u2019arri\u00e8re un cycliste [\u2026], puis plus loin deux autres.\u00bb S\u00e9bastien Gallois avait pr\u00e9cis\u00e9 que des policiers municipaux avaient \u00abpris en poursuite le v\u00e9hicule\u00bb, avant de passer le relais \u00e0 la gendarmerie. Concernant les deux autres victimes, le parquet avait indiqu\u00e9 que l\u2019une \u00e9tait l\u00e9g\u00e8rement bless\u00e9e et que l\u2019autre l\u2019\u00e9tait plus gri\u00e8vement, mais \u00absans pronostic vital engag\u00e9\u00bb. Au moins trois autres personnes \u2013 un cycliste, un pi\u00e9ton, et un conducteur \u2013, ainsi que des policiers municipaux ont \u00e9t\u00e9 mis en danger durant le parcours du v\u00e9hicule de la gard\u00e9e \u00e0 vue.<\/p>\n<p class=\"sc-ksZaOG ehjQrN text-element\">La conductrice a \u00e9t\u00e9 interpell\u00e9e \u00e0 Buchy, \u00e0 une trentaine de kilom\u00e8tres au nord est de Rouen et \u00abquatre armes de cat\u00e9gorie C [(armes \u00e0 feu n\u00e9cessitant un permis] ou D [qui peuvent \u00eatre achet\u00e9es et d\u00e9tenues librement sous conditions, par exemple bombe lacrymog\u00e8ne ou arme de collection]\u00bb ont \u00e9t\u00e9 retrouv\u00e9es \u00e0 bord de son v\u00e9hicule. Le magistrat a soulign\u00e9 que \u00abc\u2019est son employeur, constatant son d\u00e9part avec le v\u00e9hicule peu avant les faits\u00bb, qui a donn\u00e9 l\u2019alerte.<\/p>\n<p class=\"sc-ksZaOG ehjQrN text-element\">De plus, la conductrice a commis de \u00abnombreuses infractions routi\u00e8res commises durant la poursuite\u00bb, a indiqu\u00e9 le parquet jeudi, conduisant huit autres personnes, sans \u00eatre bless\u00e9es, \u00e0 porter plainte.<\/p>\n<p class=\"sc-ksZaOG ehjQrN text-element\">Selon le procureur, la conductrice, inconnue de la justice, a exprim\u00e9 \u00abdes intentions suicidaires\u00bb en garde \u00e0 vue. Elle a notamment tenu des propos incoh\u00e9rents \u00e0 la suite de son interpellation. Si elle n\u2019\u00e9tait pas sous l\u2019emprise d\u2019alcool, des analyses doivent \u00eatre men\u00e9es pour d\u00e9terminer si elle avait consomm\u00e9 de la drogue. S\u00e9bastien Gallois pr\u00e9cise par ailleurs qu\u2019aucun \u00abpropos \u00e0 connotation id\u00e9ologique ou religieuse\u00bb n\u2019a \u00e9t\u00e9 exprim\u00e9 par la conductrice. <\/p>\n<p class=\"sc-ksZaOG ehjQrN text-element\">\u00abElle a mis les faits en relation avec un profond mal-\u00eatre psychologique, dont elle impute la cause \u00e0 un diff\u00e9rend ancien avec son employeur\u00bb, a rappel\u00e9 jeudi le procureur. \u00abUne premi\u00e8re expertise psychiatrique a conclu \u00e0 une responsabilit\u00e9 p\u00e9nale, mais avec une alt\u00e9ration du discernement pendant les faits\u00bb, a-t-il indiqu\u00e9. Les quatre armes \u00abavaient \u00e9t\u00e9 achet\u00e9es suite \u00e0 une agression dont la mise en cause aurait \u00e9t\u00e9 la victime il y a quatre ans, et conserv\u00e9es depuis\u00bb, a fait savoir S\u00e9bastien Gallois. Pour ces faits, la conductrice a \u00e9t\u00e9 convoqu\u00e9e en vue d\u2019une comparution sur reconnaissance pr\u00e9alable de culpabilit\u00e9, dite de plaider coupable.<\/p>\n<p class=\"sc-ksZaOG ehjQrN text-element\">La pr\u00e9fecture de Seine-Maritime a pr\u00e9cis\u00e9 sur X que la conductrice, poursuivie par la gendarmerie, avait \u00e9t\u00e9 interpell\u00e9e \u00e0 10 h 15. Le maire (PS) de Rouen Nicolas Mayer-Rossignol a fait part sur le m\u00eame r\u00e9seau social d\u2019un \u00abeffroi absolu\u00bb et remerci\u00e9 les services de secours.<\/p>\n<blockquote class=\"twitter-tweet\">\n<p lang=\"fr\" dir=\"ltr\">Effroi absolu ce matin. Merci \u00e0 la police municipale ainsi qu\u2019aux forces de police nationale et de gendarmerie qui ont permis d\u2019arr\u00eater la conductrice. Merci aux pompiers, CHU, personnels de sant\u00e9 mobilis\u00e9s en urgence. Toutes mes pens\u00e9es vont aux victimes et \u00e0 leurs proches. <a href=\"https:\/\/t.co\/SeclWqHprW\">https:\/\/t.co\/SeclWqHprW<\/a><\/p>\n<p>\u2014 Nicolas Mayer-Rossignol (@NicolasMayerNMR) <a href=\"https:\/\/twitter.com\/NicolasMayerNMR\/status\/1879109187235639785?ref_src=twsrc%5Etfw\" target=\"_blank\" rel=\"noopener\">January 14, 2025<\/a><\/p><\/blockquote>\n<p class=\"sc-ksZaOG ehjQrN text-element\">Mardi, le ministre des transports, Philippe Tabarot, a exprim\u00e9 dans un message Facebook, sa \u00absolidarit\u00e9 totale envers les bless\u00e9s et leurs familles\u00bb. \u00abLa s\u00e9curit\u00e9 des cyclistes sur nos routes doit \u00eatre une priorit\u00e9 absolue, a-t-il ajout\u00e9. C\u2019est le sens de la mission sur le partage de la route \u201ccontre les violences, prot\u00e9ger tous les usagers de la route\u201d que j\u2019ai confirm\u00e9e lors de ma nomination et qui rendra ses conclusions tr\u00e8s prochainement.\u00bb<\/p>\n<p class=\"sc-ksZaOG ehjQrN text-element\"><b>Mise \u00e0 jour <\/b>: mercredi 15 janvier \u00e0 9h45, ajout des \u00e9l\u00e9ments du dernier communiqu\u00e9 du procureur ; le jeudi 16 janvier \u00e0 21 h 30, ajout des derni\u00e8res indications du procureur de Rouen.<\/p>\n<p><script async src=\"https:\/\/platform.twitter.com\/widgets.js\" charset=\"utf-8\"><\/script><\/p>\n","protected":false},"excerpt":{"rendered":"L\u2019automobiliste au volant d\u2019une camionnette, qui avait renvers\u00e9 mardi 14 janvier trois cyclistes dans le centre-ville de Rouen&hellip;\n","protected":false},"author":2,"featured_media":216896,"comment_status":"","ping_status":"","sticky":false,"template":"","format":"standard","meta":{"footnotes":""},"categories":[9587],"tags":[1111,11,1777,674,1011,27,6314,12,5161,25,9590,208],"class_list":{"0":"post-216895","1":"post","2":"type-post","3":"status-publish","4":"format-standard","5":"has-post-thumbnail","7":"category-rouen","8":"tag-actu","9":"tag-actualites","10":"tag-eu","11":"tag-europe","12":"tag-fr","13":"tag-france","14":"tag-mobilites-douces","15":"tag-news","16":"tag-normandie","17":"tag-republique-francaise","18":"tag-rouen","19":"tag-velo"},"share_on_mastodon":{"url":"https:\/\/pubeurope.com\/@fr\/114775044253885712","error":""},"_links":{"self":[{"href":"https:\/\/www.europesays.com\/fr\/wp-json\/wp\/v2\/posts\/216895","targetHints":{"allow":["GET"]}}],"collection":[{"href":"https:\/\/www.europesays.com\/fr\/wp-json\/wp\/v2\/posts"}],"about":[{"href":"https:\/\/www.europesays.com\/fr\/wp-json\/wp\/v2\/types\/post"}],"author":[{"embeddable":true,"href":"https:\/\/www.europesays.com\/fr\/wp-json\/wp\/v2\/users\/2"}],"replies":[{"embeddable":true,"href":"https:\/\/www.europesays.com\/fr\/wp-json\/wp\/v2\/comments?post=216895"}],"version-history":[{"count":0,"href":"https:\/\/www.europesays.com\/fr\/wp-json\/wp\/v2\/posts\/216895\/revisions"}],"wp:featuredmedia":[{"embeddable":true,"href":"https:\/\/www.europesays.com\/fr\/wp-json\/wp\/v2\/media\/216896"}],"wp:attachment":[{"href":"https:\/\/www.europesays.com\/fr\/wp-json\/wp\/v2\/media?parent=216895"}],"wp:term":[{"taxonomy":"category","embeddable":true,"href":"https:\/\/www.europesays.com\/fr\/wp-json\/wp\/v2\/categories?post=216895"},{"taxonomy":"post_tag","embeddable":true,"href":"https:\/\/www.europesays.com\/fr\/wp-json\/wp\/v2\/tags?post=216895"}],"curies":[{"name":"wp","href":"https:\/\/api.w.org\/{rel}","templated":true}]}}