{"id":216905,"date":"2025-07-01T00:07:10","date_gmt":"2025-07-01T00:07:10","guid":{"rendered":"https:\/\/www.europesays.com\/fr\/216905\/"},"modified":"2025-07-01T00:07:10","modified_gmt":"2025-07-01T00:07:10","slug":"previsions-du-mardi-1-juillet-2025-6","status":"publish","type":"post","link":"https:\/\/www.europesays.com\/fr\/216905\/","title":{"rendered":"pr\u00e9visions du mardi 1 juillet 2025"},"content":{"rendered":"<p>C&rsquo;est un soleil splendide qui va se montrer aujourd&rsquo;hui sur Strasbourg. Il va faire chaud avec des temp\u00e9ratures qui s&rsquo;\u00e9chelonneront entre 19 et 34\u00b0C. Une l\u00e9g\u00e8re brise de sud-est sera ressentie par les habitants. La matin\u00e9e va \u00eatre vraiment chaude : jusqu&rsquo;\u00e0 31\u00b0C. L&rsquo;\u00e9t\u00e9 prend ses quartiers ! Les temp\u00e9ratures vont monter pendant l&rsquo;apr\u00e8s-midi de plusieurs degr\u00e9s. De tr\u00e8s importantes chaleurs (entre 32\u00b0C et 34\u00b0C) sont attendues. Intemp\u00e9ries : on pr\u00e9voit des pluies \u00e9parses pour le soir. Les valeurs maximums pr\u00e9vues sont \u00e9lev\u00e9es, avec 31\u00b0C. On passera de mardi \u00e0 mercredi par une nuit claire.<\/p>\n<p>Demain, les Strasbourgeois comme les vacanciers vont pouvoir profiter d&rsquo;un soleil radieux. La m\u00e9t\u00e9o va se r\u00e9chauffer avec une augmentation de quelques degr\u00e9s pour un \u00e9t\u00e9 chaud. Les fortes chaleurs sont pr\u00e9sentes. Avec des temp\u00e9ratures comprises entre 19 et 36\u00b0C. Ce sera un bel \u00e9t\u00e9 : les valeurs afficheront entre 19 et 36\u00b0C. D\u00e8s le matin, les temp\u00e9ratures \u00e9volueront entre 23 et 33\u2009\u00b0C. Un vent de sud-est soufflera un peu, avec 5 km\/h. Les temp\u00e9ratures, plus estivales, vont conna\u00eetre une hausse de plusieurs degr\u00e9s au cours de l&rsquo;apr\u00e8s-midi. La ville va p\u00e2tir des grosses chaleurs avec des valeurs qui devraient grimper \u00e0 36\u00b0C. L&rsquo;\u00e9pisode d&rsquo;importantes chaleurs est bien l\u00e0, avec des temp\u00e9ratures qui risqueront d&rsquo;aller jusqu&rsquo;\u00e0 32\u00b0C demain soir. Un vent de sud-est soufflera doucement.<\/p>\n<p>Peu de changements au fil des jours. Le temps sera ensoleill\u00e9 avec des temp\u00e9ratures autour de 31\u00b0C.<\/p>\n<p>N&rsquo;oubliez pas que la chaleur induit l&rsquo;affaiblissement : \u00e9vitez tout effort physique dans la journ\u00e9e, principalement entre midi et 16h. Dans tous les cas, buvez de l&rsquo;eau r\u00e9guli\u00e8rement, sans attendre d&rsquo;avoir soif !<\/p>\n","protected":false},"excerpt":{"rendered":"C&rsquo;est un soleil splendide qui va se montrer aujourd&rsquo;hui sur Strasbourg. Il va faire chaud avec des temp\u00e9ratures&hellip;\n","protected":false},"author":2,"featured_media":216906,"comment_status":"","ping_status":"","sticky":false,"template":"","format":"standard","meta":{"footnotes":""},"categories":[2820],"tags":[1111,11,2389,2649,1777,674,1011,27,775,12,2119,25,640],"class_list":{"0":"post-216905","1":"post","2":"type-post","3":"status-publish","4":"format-standard","5":"has-post-thumbnail","7":"category-strasbourg","8":"tag-actu","9":"tag-actualites","10":"tag-alsace","11":"tag-bas-rhin","12":"tag-eu","13":"tag-europe","14":"tag-fr","15":"tag-france","16":"tag-grand-est","17":"tag-news","18":"tag-previsions-meteo","19":"tag-republique-francaise","20":"tag-strasbourg"},"share_on_mastodon":{"url":"https:\/\/pubeurope.com\/@fr\/114775068148987927","error":""},"_links":{"self":[{"href":"https:\/\/www.europesays.com\/fr\/wp-json\/wp\/v2\/posts\/216905","targetHints":{"allow":["GET"]}}],"collection":[{"href":"https:\/\/www.europesays.com\/fr\/wp-json\/wp\/v2\/posts"}],"about":[{"href":"https:\/\/www.europesays.com\/fr\/wp-json\/wp\/v2\/types\/post"}],"author":[{"embeddable":true,"href":"https:\/\/www.europesays.com\/fr\/wp-json\/wp\/v2\/users\/2"}],"replies":[{"embeddable":true,"href":"https:\/\/www.europesays.com\/fr\/wp-json\/wp\/v2\/comments?post=216905"}],"version-history":[{"count":0,"href":"https:\/\/www.europesays.com\/fr\/wp-json\/wp\/v2\/posts\/216905\/revisions"}],"wp:featuredmedia":[{"embeddable":true,"href":"https:\/\/www.europesays.com\/fr\/wp-json\/wp\/v2\/media\/216906"}],"wp:attachment":[{"href":"https:\/\/www.europesays.com\/fr\/wp-json\/wp\/v2\/media?parent=216905"}],"wp:term":[{"taxonomy":"category","embeddable":true,"href":"https:\/\/www.europesays.com\/fr\/wp-json\/wp\/v2\/categories?post=216905"},{"taxonomy":"post_tag","embeddable":true,"href":"https:\/\/www.europesays.com\/fr\/wp-json\/wp\/v2\/tags?post=216905"}],"curies":[{"name":"wp","href":"https:\/\/api.w.org\/{rel}","templated":true}]}}