{"id":216907,"date":"2025-07-01T00:08:34","date_gmt":"2025-07-01T00:08:34","guid":{"rendered":"https:\/\/www.europesays.com\/fr\/216907\/"},"modified":"2025-07-01T00:08:34","modified_gmt":"2025-07-01T00:08:34","slug":"10-evenements-aux-airs-de-vacances-a-strasbourg-et-ses-environs","status":"publish","type":"post","link":"https:\/\/www.europesays.com\/fr\/216907\/","title":{"rendered":"10 \u00e9v\u00e9nements aux airs de vacances \u00e0 Strasbourg et ses environs"},"content":{"rendered":"<p><b>Si l\u2019\u00e9t\u00e9 est plus caniculaire que jamais, pas de panique : on a ici 10 bonnes occasions d\u2019affronter la chaleur. Festivals \u00e0 l\u2019ambiance familiale, teufs originales, f\u00eates de quartier, de l\u2019\u00e9t\u00e9\u2026 Y a plus qu\u2019\u00e0 choisir. Et si t\u2019en as pas assez, il te reste<a href=\"https:\/\/pokaa.fr\/2025\/06\/11\/cine-plein-air-cet-ete-9-films-seront-diffuses-gratuitement-a-strasbourg\/\" target=\"_blank\" rel=\"noopener\"> le cin\u00e9 plein air<\/a> et les nombreux festivals de la ville ou de la r\u00e9gion : <a href=\"https:\/\/pokaa.fr\/2025\/03\/17\/retour-des-beaux-jours-17-festivals-incontournables-a-redecouvrir-a-2h-max-de-strasbourg\/\" target=\"_blank\" rel=\"noopener\">D\u00e9cibulles, Jazz \u00e0 la Petite France,<\/a> mais aussi <a href=\"https:\/\/pokaa.fr\/2025\/06\/22\/dj-sets-biergarten-feux-dartifice-le-festival-vents-dest-revient-a-20-minutes-de-strasbourg\/\" target=\"_blank\" rel=\"noopener\">Vents d\u2019Est<\/a>, ou <a href=\"https:\/\/pokaa.fr\/2025\/06\/30\/drag-dj-sets-knacks-un-festival-queer-100-gratuit-debarque-a-strasbourg\/\" target=\"_blank\" rel=\"noopener\">Divercity<\/a> samedi. Allez, c\u2019est parti et c\u2019est m\u00eame parfois gratuit !\u00a0<\/b><\/p>\n<p>Les teufs<\/p>\n<p>Mar\u00e9e Bass #3\u00a0: croisi\u00e8res avec DJ sets<\/p>\n<p>On te le dit tout de go, quel que soit l\u2019\u00e9tat de la m\u00e9t\u00e9o\u00a0: <b>ce d\u00e9but de mois sera aquatique<\/b> ou ne sera pas. Pour cette premi\u00e8re sortie, on esp\u00e8re que t\u2019as le pied marin\u2026 Car <b>De La Food <\/b>(l\u2019agence derri\u00e8re les \u00e9v\u00e9nements Street Bouche) annonce le retour d\u2019une <b>Mar\u00e9e Bass<\/b> sur Strasbourg.<\/p>\n<p>Le vendredi 4 juillet, elle t\u2019embarque \u00e0 bord d\u2019un bateau-croisi\u00e8re, pour surfer sur le dancefloor. Au choix\u00a0: trois d\u00e9parts, trois capitaines \u00e0 bord. \u00c0 19h, <b>Deejay K-Real<\/b> te fera voguer sur <b>\u00ab\u00a0tes hits pr\u00e9f\u00e9r\u00e9s des ann\u00e9es 2000\u00a0\u00bb<\/b>, puis <b>Mara Mura <\/b>d\u00e8s 21h pour un set <b>house New Jersey<\/b>\u00a0; et enfin <b>Go Terence<\/b> pour la derni\u00e8re \u00e0 23h, pour une s\u00e9lection <b>baile funk, tropical bass, moombahton et trap<\/b>.<\/p>\n<p>Et pour te caler dans la cale du bateau\u00a0: des bretzels, et des pizzas \u00e0 la part de chez Casa Fusco. Hissez haut\u00a0!<\/p>\n<p align=\"CENTER\"><b>Quand et o\u00f9\u00a0?<br \/><\/b>Vendredi 4 juillet (\u00e0 19h, 21h et 23h)<br \/>Embarcad\u00e8re Dauphine \u00e0 Strasbourg<br \/><a href=\"https:\/\/fb.me\/e\/5K3GFCvJy\" target=\"_blank\" rel=\"noopener\">L\u2019\u00e9v\u00e9nement Facebook<\/a><\/p>\n<p>La Finca\u00a0: 10 000 bpm sous les mers \u00e0 la P\u00e9niche M\u00e9canique<\/p>\n<p>Apr\u00e8s la soir\u00e9e \u00e0 flot : celle sous l\u2019eau ! Le vendredi 4 juillet, si \u00ab\u00a0Jules Verne l\u2019a r\u00eav\u00e9, <b>La Finca<\/b> va t\u2019y plonger\u00a0\u00bb\u2026 O\u00f9\u00a0? <b>10 000 bpm sous les mers<\/b>\u00a0!<\/p>\n<p>Un an apr\u00e8s sa MicroMacroCosmos \u00ab\u00a0\u00e0 la rencontre du tr\u00e8s petit et du tr\u00e8s grand\u00a0\u00bb, le collectif r\u00e9investit la cale de la P\u00e9niche M\u00e9canique pour <b>une soir\u00e9e aquatique.<\/b>\u00a0Pour ce premier \u00e9pisode de la s\u00e9rie <b>\u00ab\u00a0Club Vacances\u00a0\u00bb<\/b> du club strasbourgeois, il ne te reste plus qu\u2019\u00e0 \u00ab\u00a0prend[re] ton masque et ton tuba\u00a0\u00bb.<\/p>\n<p>Outre <b>La Finca Family<\/b> avec APU, Mydryaz (en live), PEUT ETRE et Seliph \u00e0 la barre, une guest de Paris\u00a0:<strong> Sphinx (Club Eterno)<\/strong>, pour une vibe house \/ melodic techno \/ dark disco \/ trance. <b>\u00ab Une immersion sous le niveau de la mer pour une soir\u00e9e bien d\u00e9ter. \u00bb<\/b><\/p>\n<p align=\"CENTER\"><b>Quand et o\u00f9\u00a0?<br \/><\/b>Vendredi 4 juillet de 22h30 \u00e0 3h45<br \/>\u00c0 la P\u00e9niche M\u00e9canique<br \/><a href=\"https:\/\/fb.me\/e\/4VF0mZL5I\" target=\"_blank\" rel=\"noopener\">L\u2019\u00e9v\u00e9nement Facebook<\/a><\/p>\n<p>    <img width=\"800\" height=\"533\" src=\"https:\/\/www.europesays.com\/fr\/wp-content\/uploads\/2025\/07\/449472100-122154956552221502-8933606012678146437-n-e1725987258187-800x533.jpg\" class=\"attachment-image-size-L size-image-size-L\" alt=\"badray + La Finca\" decoding=\"async\" loading=\"lazy\"  \/>         Badray (La Finca) \u00e0 la P\u00e9niche M\u00e9canique (juin 2024). \u00a9 Candid Photographie \/ Document remis <\/p>\n<p>Swim\u2019n\u2019Sound #3\u00a0: Spectr aux Bains municipaux<\/p>\n<p>\u00ab\u00a0Je peux pas, j\u2019ai piscine\u00a0\u00bb. Tu m\u2019\u00e9tonnes\u00a0! Pour le lendemain, on garde le maillot pour sauter dans le grand bain\u2026 Celui des <b>Bains Municipaux<\/b>, qui s\u2019ouvriront<b> le samedi 5 juillet de 20h \u00e0 23h<\/b> pour une nouvelle <b>Swim\u2019n\u2019Sound<\/b>.<\/p>\n<p>Pour cette troisi\u00e8me \u00e9dition, c\u2019est <b>Spectr<\/b> qui fera le grand plongeon. Et pour cette date sp\u00e9ciale, le collectif nomme <b>le <\/b><b>\u00ab\u00a0ph\u00e9nom\u00e8ne britannique\u00a0\u00bb<\/b><b> Badger<\/b> comme ma\u00eetre-nageur. Pour un live \u00e9lectronique dans le Grand bassin, entre<b> techno, break et house<\/b>.<\/p>\n<p>Quant \u00e0 faire des vagues dans le Petit bassin\u00a0? De la \u00ab\u00a0musique deep house subaquatique\u00a0\u00bb\u00a0; et pour faire une pause chill\u00a0: l\u2019espace Bien-\u00catre (avec hammam, jacuzzi, etc.). Et si tu veux continuer la soir\u00e9e au sec\u00a0: direction l\u2019<b>after party<\/b> (en option), de 23h \u00e0 4h.<\/p>\n<p align=\"CENTER\"><b>Quand et o\u00f9\u00a0?<br \/><\/b>Samedi 5 juillet de 19h30 \u00e0 23h30<br \/>Aux Bains municipaux<br \/>(+ after party en option de 23h \u00e0 4h au Blue Moon)<br \/><a href=\"https:\/\/fb.me\/e\/637b7cJIC\" target=\"_blank\" rel=\"noopener\">L\u2019\u00e9v\u00e9nement Facebook<\/a><\/p>\n<p>    <img width=\"800\" height=\"457\" src=\"https:\/\/www.europesays.com\/fr\/wp-content\/uploads\/2025\/07\/bains-municipaux-1-800x457.png\" class=\"attachment-image-size-L size-image-size-L\" alt=\"Bains municipaux\" decoding=\"async\" loading=\"lazy\"  \/>         \u00a9 Page Facebook des Bains municipaux \/ Capture d&rsquo;\u00e9cran <\/p>\n<p>Du cinoche et de l&rsquo;impro<br \/>\nLa F\u00eate du cin\u00e9ma<\/p>\n<p>Avec les fortes chaleurs, quelle bonne excuse que d\u2019aller au cin\u00e9ma. Outre la clim\u2019, <b>jusqu\u2019au 2 juillet<\/b>, on profitera aussi de<strong> l<\/strong><b>a F\u00eate du cin\u00e9ma<\/b> (commenc\u00e9e le 29 juin).<\/p>\n<p>Dans toutes les salles partenaires de France et de Navarre\u00a0: un <b>tarif unique de 5\u20ac<\/b>, pour profiter de la programmation en cours et des derni\u00e8res nouveaut\u00e9s. \u00c0 Strasbourg, on pourra se diriger vers les <strong>c<\/strong><b>in\u00e9mas Star et Star Saint-Exup\u00e9ry<\/b>, <b>Le Cosm<\/b><strong>os<\/strong>, le <b>Cin\u00e9ma Vox<\/b> et <b>UGC Cin\u00e9 Cit\u00e9 Strasbourg<\/b>.<\/p>\n<p align=\"CENTER\"><b>Quand et o\u00f9\u00a0?<br \/><\/b>Jusqu\u2019au 2 juillet<br \/>Partout en France<br \/><a href=\"https:\/\/www.feteducinema.com\/\" target=\"_blank\" rel=\"noopener\">+ d\u2019infos<\/a><\/p>\n<p>    <img width=\"400\" height=\"600\" src=\"https:\/\/www.europesays.com\/fr\/wp-content\/uploads\/2025\/07\/cinema-odyssee.jpg\" class=\"attachment-image-size-M size-image-size-M\" alt=\"cin\u00e9ma odyss\u00e9e\" decoding=\"async\" loading=\"lazy\"  \/>         Le Cosmos. \u00a9 Mathilde Piaud \/ Pokaa <\/p>\n<p>Soir\u00e9e \u00ab Doublage de films improvis\u00e9 \u00bb avec La Spetzi \u00e0 La Grenze<\/p>\n<p>On reste dans le cinoche, mais en version doubl\u00e9e d\u00e9tourn\u00e9e. Le <b>mercredi 9 juill<\/b><strong>et<\/strong>, <b>La Spetzi<\/b> (compagnie strasbourgeoise d\u2019improvisation th\u00e9\u00e2trale) r\u00e9investit <b>La Grenze<\/b> pour <b>une soir\u00e9e \u00ab Doublage de films improvis\u00e9 \u00bb<\/b>.<\/p>\n<p>Le concept\u00a0? Les com\u00e9dien(ne)s sur sc\u00e8ne \u00ab\u00a0d\u00e9couvrent sur grand \u00e9cran des extraits de films ou s\u00e9ries qu\u2019ils [et elles] ne connaissent pas\u00a0\u00bb. Avec, pour d\u00e9fi, d\u2019en <b>imaginer les dialogues en direct<\/b>. Le r\u00e9sultat\u00a0? Des doublages absurdes, qui feront appr\u00e9cier la VF aux plus r\u00e9fractaires.<\/p>\n<p align=\"CENTER\"><b>Quand et o\u00f9\u00a0?<br \/><\/b>Mercredi 9 juillet \u00e0 20h<br \/>\u00c0 La Grenze<br \/><a href=\"https:\/\/fb.me\/e\/8IeSddU1x\" target=\"_blank\" rel=\"noopener\">L\u2019\u00e9v\u00e9nement Facebook<\/a><\/p>\n<p>    <img width=\"800\" height=\"600\" src=\"https:\/\/www.europesays.com\/fr\/wp-content\/uploads\/2025\/07\/la-grenze14-francoisfreundlich-800x600.jpg\" class=\"attachment-image-size-L size-image-size-L\" alt=\"La Grenze\" decoding=\"async\" loading=\"lazy\"  \/>         La Grenze. \u00a9 Fran\u00e7ois Freundlich \/ Document remis <\/p>\n<p>Les sorties kids-friendly<br \/>\nF\u00eates de l&rsquo;Ill \u00e0 Illkirch<\/p>\n<p>L\u2019\u00e9t\u00e9 am\u00e8ne avec lui de nombreuses festivit\u00e9s \u00e0 <b>Illkirch-Graffenstaden !<\/b> D\u2019ailleurs, La Symphonie des Beaux Jours organise<b> les vendredi 4 et samedi 5 juillet les F\u00eates de l\u2019Ill<\/b>, pour un moment en famille.<\/p>\n<p><b>Chaque jour<\/b> d\u00e8s 19h, des associations illkirchoises s\u2019empareront de la sc\u00e8ne avant de laisser place aux <b>concerts du soir<\/b>, puis aux<b> feux d\u2019artifice<\/b>\u2026 Puis des <b>DJ<\/b> prendront le relais pour la fin de soir\u00e9e.<\/p>\n<p align=\"CENTER\"><b>Quand et o\u00f9\u00a0?<br \/><\/b>Vendredi 4 et samedi 5 juillet \u00e0 partir de 19h<br \/>Cour et jardin de l\u2019Illiade \u00e0 Illkirch-Graffenstaden<br \/><a href=\"https:\/\/fb.me\/e\/4SEbJR7bk\" target=\"_blank\" rel=\"noopener\">L\u2019\u00e9v\u00e9nement Facebook<\/a><\/p>\n<p>    <img width=\"800\" height=\"560\" src=\"https:\/\/www.europesays.com\/fr\/wp-content\/uploads\/2025\/07\/FDI-2011-Feux-2.jpg\" class=\"attachment-image-size-L size-image-size-L\" alt=\"FDI-2011-Feux-2\" decoding=\"async\" loading=\"lazy\"  \/>         Feux d&rsquo;artifices lors des F\u00eates de l&rsquo;Ill. \u00a9 apavig.fr \/ Capture d&rsquo;\u00e9cran <\/p>\n<p>F\u00eate de quartier des \u00c9crivains<\/p>\n<p><b>\u00c0 Bischheim<\/b> (au plateau et gymnase Lamartine), le <b>samedi 5 juillet <\/b>se tiendra<b> la F\u00eate de quartier des \u00c9crivains<\/b>. <b>Un \u00e9v\u00e9nements pour petit(e)s et grand(e)s de 16h \u00e0 23h<\/b>, imagin\u00e9 en collaboration avec les Villes de Strasbourg et Schiltigheim.<\/p>\n<p>Un riche programme, dont des <b>animations sportives<\/b>, des <b>ateliers<\/b> (avec casque VR, autour du quartier et de l\u2019interculturalit\u00e9), un <b>bar \u00e0 jeux<\/b>, un <b>ch\u00e2teau gonflable<\/b>, une initiation \u00e0 la <b>boxe<\/b>, des lectures d\u2019histoires, un <b>photobooth<\/b>, un tournoi de foot\u2026 Ainsi que <strong>le spectacle du duo Klonk et Lelonk<\/strong> (tout public), des d\u00e9monstrations culturelles et un <b>DJ set<\/b> en soir\u00e9e.<\/p>\n<p align=\"CENTER\"><b>Quand et o\u00f9\u00a0?<br \/><\/b>Samedi 5 juillet de 16h \u00e0 23h<br \/>Au plateau et gymnase Lamartine \u00e0 Bischheim<br \/><a href=\"https:\/\/fb.me\/e\/eBNhk53Ko\" target=\"_blank\" rel=\"noopener\">L\u2019\u00e9v\u00e9nement Facebook<\/a><\/p>\n<\/p>\n<p>Le Celtifest au Lieu d&rsquo;Europe<\/p>\n<p>Changement d\u2019ambiance, de quartier\u2026 Et de culture\u00a0!<b> Le samedi 5, le Lieu d\u2019Europe<\/b> (\u00e0 la Robertsau) s\u2019ouvre \u00e0 la <b>premi\u00e8re \u00e9dition du Celtifest, pour \u00ab\u00a0un voyage \u00e0 travers la culture celtique\u00a0<\/b>\u00bb, au travers de <b>concerts<\/b>, <b>expositions<\/b>, <b>spectacles<\/b> et <b>ateliers<\/b>.<\/p>\n<p>Celui-ci nous transportera \u00ab\u00a0de l\u2019Irlande \u00e0 l\u2019\u00c9cosse, en passant par la Bretagne, l\u2019Angleterre et l\u2019Espagne\u00a0\u00bb, ainsi que l\u2019Alsace, \u00ab\u00a0terre d\u2019influences multiples\u00a0\u00bb pour \u00ab\u00a0son riche h\u00e9ritage historique celtique\u00a0\u00bb.<\/p>\n<p>\u00c0 l\u2019affiche\u00a0: l\u2019artiste bretonne <b>C\u00e9cile Corbel <\/b>(et son nouvel album Graal) ainsi que des interludes musicaux assur\u00e9s par les cornemuses des Highland Dragoons Pipes de Strasbourg.<\/p>\n<p>Mais aussi\u00a0: <b>\u00ab\u00a0des d\u00e9ambulations f\u00e9eriques\u00a0\u00bb <\/b>avec la Compagnie Opale de la Lune, <b>un camp celte reconstitu\u00e9<\/b> avec l\u2019association Les Trimatrici, des <b>ateliers p\u00e9dagogiques et cr\u00e9atif<\/b><strong>s<\/strong>, une exposition sur la culture celtique (en partenariat avec le Mus\u00e9e arch\u00e9ologique de Strasbourg), et un cercle de lecture sur la litt\u00e9rature celte (avec la M\u00e9diath\u00e8que M\u00e9lanie-de-Pourtal\u00e8s).<\/p>\n<p align=\"CENTER\"><b>Quand et o\u00f9\u00a0?<br \/><\/b>Samedi 5 juillet \u00e0 partir de 11h<br \/>Au Lieu d\u2019Europe (\u00e0 la Robertsau)<br \/><a href=\"https:\/\/fb.me\/e\/4BLDS3cib\" target=\"_blank\" rel=\"noopener\">L\u2019\u00e9v\u00e9nement Facebook<\/a><\/p>\n<\/p>\n<p>La Java Suspendue \u2013 \u00e9dition II \u00e0 l&rsquo;Or\u00e9e 85<\/p>\n<p><b>\u00c0 l\u2019Or\u00e9e 85<\/b>, c\u2019est tout le week-end <b>du 5 et du 6 juillet<\/b> qui sera r\u00e9serv\u00e9 pour <b>La Java Suspendue<\/b>. Une deuxi\u00e8me \u00e9dition \u00e9tendue, avec de nombreuses propositions originales.<\/p>\n<p><b>Le samedi <\/b>d\u00e8s l\u2019apr\u00e8s-midi\u00a0: p\u00eache aux chapeaux, <b>stand maquillage<\/b>, et une expo de la compagnie Les Jardins Suspendus. Ainsi qu\u2019un atelier-lecture et \u00e9criture pour petit(e)s et grand(e)s sous un tipi, et <b>avec une sir\u00e8ne<\/b>\u00a0; une <b>pi\u00e8ce de th\u00e9\u00e2tre<\/b> et show de <b>cracheuses de feu<\/b> en soir\u00e9e.<\/p>\n<p>Pour la musique\u00a0: <b>des DJ sets <\/b>avec <b>TRZHSKA<\/b> (house et disco), <b>Just Yasmine<\/b> et <b>Laisse Lucie Faire <\/b>en b2b (house, disco et UK garage), et <b>Miss Tricky<\/b> (tech house, deep house). Et une \u00ab\u00a0pyjama party psych\u00e9d\u00e9lique qui fait BABABOUM\u00a0\u00bb.<\/p>\n<p><b>Le dimanche<\/b>\u00a0: <b>vide-dressing<\/b>, expo, stands, spectacle, <b>concerts<\/b> (une \u00ab\u00a0surprise\u00a0\u00bb et un live de de Gr\u00e9gory Huck), ainsi qu\u2019une <b>sc\u00e8ne ouverte<\/b>.<\/p>\n<p align=\"CENTER\"><b>Quand et o\u00f9\u00a0?<br \/><\/b>Samedi 5 et dimanche 6 juillet (de 15h \u00e0 1h et de 15h \u00e0 22h)<br \/>\u00c0 L\u2019Or\u00e9e 85<br \/><a href=\"https:\/\/fb.me\/e\/6aICVKp2f\" target=\"_blank\" rel=\"noopener\">L\u2019\u00e9v\u00e9nement Facebook<\/a><\/p>\n<p>                <img width=\"389\" height=\"500\" src=\"https:\/\/www.europesays.com\/fr\/wp-content\/uploads\/2025\/05\/img-9756-389x500.jpg\" class=\"attachment-gallery size-gallery\" alt=\"or\u00e9e 85\" data-full-url=\"https:\/\/pokaa.fr\/wp-content\/uploads\/2025\/02\/11\/img-9756.jpg\" decoding=\"async\" loading=\"lazy\"  \/>            <\/p>\n<p>                <img width=\"394\" height=\"500\" src=\"https:\/\/www.europesays.com\/fr\/wp-content\/uploads\/2025\/07\/img-9761-394x500.jpg\" class=\"attachment-gallery size-gallery\" alt=\"or\u00e9e 85\" data-full-url=\"https:\/\/pokaa.fr\/wp-content\/uploads\/2025\/02\/11\/img-9761.jpg\" decoding=\"async\" loading=\"lazy\"  \/>            <\/p>\n<p>                    L&rsquo;Or\u00e9e 85. \u00a9 Coraline Lafon \/ Pokaa<\/p>\n<p>La F\u00eate de l&rsquo;\u00c9t\u00e9 \u00e0 la Tour Merveilleuse du Schloessel<\/p>\n<p>Et on termine cette s\u00e9lection avec <b>la F\u00eate de l\u2019\u00c9t\u00e9 de la Tour Merveilleuse du Schloessel<\/b>, \u00e0 Koenigshoffen. Une <b>apr\u00e8s-midi aussi festive que familiale, le samedi 12 juillet<\/b>.<\/p>\n<p>Au programme\u00a0: des animations avec des <b>jeux en bois g\u00e9ants<\/b>, du <b>th\u00e9\u00e2tre d\u2019improvisation<\/b> (avec la Lolita), une lecture de <b>contes<\/b>, un <b>karaok\u00e9<\/b>\u2026 Et des <b>ateliers<\/b> (vannerie de ronce, land art, aquarelle, etc.). Y a plus qu\u2019\u00e0 esp\u00e9rer qu\u2019il fasse beau, pour c\u00e9l\u00e9brer l\u2019\u00e9t\u00e9 comme il faut\u00a0!<\/p>\n<p align=\"CENTER\"><b>Quand et o\u00f9\u00a0?<br \/><\/b>Samedi 12 juillet de 14h30 \u00e0 22h<br \/>\u00c0 la Tour Merveilleuse du Schloessel (Koenigshoffen)<br \/><a href=\"https:\/\/fb.me\/e\/5PnNnPmQF\" target=\"_blank\" rel=\"noopener\">L\u2019\u00e9v\u00e9nement Facebook<\/a><\/p>\n<p>                <img width=\"875\" height=\"500\" src=\"https:\/\/www.europesays.com\/fr\/wp-content\/uploads\/2025\/07\/pokaa-875x500.png\" class=\"attachment-gallery size-gallery\" alt=\"Tour du Schloessel\" data-full-url=\"https:\/\/pokaa.fr\/wp-content\/uploads\/2024\/06\/20\/pokaa.png\" decoding=\"async\" loading=\"lazy\"  \/>            <\/p>\n<p>                <img width=\"750\" height=\"500\" src=\"https:\/\/www.europesays.com\/fr\/wp-content\/uploads\/2025\/07\/lolita-plein-air-impro-spectacle-e1626312041441.jpg\" class=\"attachment-gallery size-gallery\" alt=\"\u00a9 Lolita + plein air + impro + spectacle\" data-full-url=\"https:\/\/www.europesays.com\/fr\/wp-content\/uploads\/2025\/07\/lolita-plein-air-impro-spectacle-e1626312041441.jpg\" decoding=\"async\" loading=\"lazy\"\/>            <\/p>\n<p>                    1. \u00a9 Page Facebook Tour merveilleuse du Schloessel  \/ Capture d&rsquo;\u00e9cran ; 2. \u00a9 Lolita \/ Document remis<\/p>\n<p>                <img width=\"750\" height=\"500\" src=\"https:\/\/www.europesays.com\/fr\/wp-content\/uploads\/2025\/07\/240712-pka-decibulles-54-750x500.jpg\" class=\"attachment-gallery size-gallery\" alt=\"D\u00e9cibulles Festival Musique F\u00eate Concerts\" data-full-url=\"https:\/\/pokaa.fr\/wp-content\/uploads\/2024\/07\/14\/240712-pka-decibulles-54.jpg\" decoding=\"async\" loading=\"lazy\"  \/>            <\/p>\n<p>                <img width=\"334\" height=\"500\" src=\"https:\/\/www.europesays.com\/fr\/wp-content\/uploads\/2025\/07\/dsc-7076-334x500.jpg\" class=\"attachment-gallery size-gallery\" alt=\"decibulles concert festival musique \u00e9t\u00e9\" data-full-url=\"https:\/\/pokaa.fr\/wp-content\/uploads\/2023\/07\/dsc-7076.jpg\" decoding=\"async\" loading=\"lazy\"  \/>            <\/p>\n<p>                <img width=\"752\" height=\"500\" src=\"https:\/\/www.europesays.com\/fr\/wp-content\/uploads\/2025\/07\/220710_decibulles_dimanche-16.jpg\" class=\"attachment-gallery size-gallery\" alt=\"220710_Decibulles_dimanche-16\" data-full-url=\"https:\/\/www.europesays.com\/fr\/wp-content\/uploads\/2025\/07\/220710_decibulles_dimanche-16.jpg\" decoding=\"async\" loading=\"lazy\"  \/>            <\/p>\n<p>                <img width=\"752\" height=\"500\" src=\"https:\/\/www.europesays.com\/fr\/wp-content\/uploads\/2025\/07\/220710_decibulles_dimanche-2.jpg\" class=\"attachment-gallery size-gallery\" alt=\"220710_Decibulles_dimanche-2\" data-full-url=\"https:\/\/www.europesays.com\/fr\/wp-content\/uploads\/2025\/07\/220710_decibulles_dimanche-2.jpg\" decoding=\"async\" loading=\"lazy\"  \/>            <\/p>\n<p>                <img width=\"667\" height=\"500\" src=\"https:\/\/www.europesays.com\/fr\/wp-content\/uploads\/2025\/04\/image00034-3.jpeg\" class=\"attachment-gallery size-gallery\" alt=\"Nao navette Batorama\" data-full-url=\"https:\/\/www.europesays.com\/fr\/wp-content\/uploads\/2025\/04\/image00034-3.jpeg\" decoding=\"async\" loading=\"lazy\"  \/>            <\/p>\n<p>                <img width=\"667\" height=\"500\" src=\"https:\/\/www.europesays.com\/fr\/wp-content\/uploads\/2025\/07\/image00032-5.jpeg\" class=\"attachment-gallery size-gallery\" alt=\"Nao navette Batorama\" data-full-url=\"https:\/\/www.europesays.com\/fr\/wp-content\/uploads\/2025\/07\/image00032-5.jpeg\" decoding=\"async\" loading=\"lazy\"  \/>            <\/p>\n<p>                <img width=\"667\" height=\"500\" src=\"https:\/\/www.europesays.com\/fr\/wp-content\/uploads\/2025\/04\/image00010-9.jpeg\" class=\"attachment-gallery size-gallery\" alt=\"Nao navette Batorama\" data-full-url=\"https:\/\/www.europesays.com\/fr\/wp-content\/uploads\/2025\/04\/image00010-9.jpeg\" decoding=\"async\" loading=\"lazy\"  \/>            <\/p>\n<p>                <img width=\"375\" height=\"500\" src=\"https:\/\/www.europesays.com\/fr\/wp-content\/uploads\/2025\/07\/207482-polarr-original-375x500.jpeg\" class=\"attachment-gallery size-gallery\" alt=\"\u00c9tudiant Strasbourg quai Bateliers\" data-full-url=\"https:\/\/pokaa.fr\/wp-content\/uploads\/2024\/02\/14\/207482-polarr-original-1500x2000.jpeg\" decoding=\"async\" loading=\"lazy\"  \/>            <\/p>\n<p>                <img width=\"750\" height=\"500\" src=\"https:\/\/www.europesays.com\/fr\/wp-content\/uploads\/2025\/07\/dsc01657.jpg\" class=\"attachment-gallery size-gallery\" alt=\"quai des bateliers strasbourg\" data-full-url=\"https:\/\/www.europesays.com\/fr\/wp-content\/uploads\/2025\/07\/dsc01657.jpg\" decoding=\"async\" loading=\"lazy\"  \/>            <\/p>\n<p>                    \u00a9 Adrien Labit \/ Pokaa<\/p>\n","protected":false},"excerpt":{"rendered":"Si l\u2019\u00e9t\u00e9 est plus caniculaire que jamais, pas de panique : on a ici 10 bonnes occasions d\u2019affronter&hellip;\n","protected":false},"author":2,"featured_media":216908,"comment_status":"","ping_status":"","sticky":false,"template":"","format":"standard","meta":{"footnotes":""},"categories":[2820],"tags":[1111,11,4763,650,1697,12084,2883,1777,674,652,849,1011,27,775,326,12,21919,3907,25,3140,640,4064],"class_list":{"0":"post-216907","1":"post","2":"type-post","3":"status-publish","4":"format-standard","5":"has-post-thumbnail","7":"category-strasbourg","8":"tag-actu","9":"tag-actualites","10":"tag-agenda","11":"tag-cinema","12":"tag-concert","13":"tag-dj-set","14":"tag-ete","15":"tag-eu","16":"tag-europe","17":"tag-famille","18":"tag-festival","19":"tag-fr","20":"tag-france","21":"tag-grand-est","22":"tag-gratuit","23":"tag-news","24":"tag-ou-sortir","25":"tag-que-faire","26":"tag-republique-francaise","27":"tag-spectacle","28":"tag-strasbourg","29":"tag-week-end"},"share_on_mastodon":{"url":"https:\/\/pubeurope.com\/@fr\/114775072890811786","error":""},"_links":{"self":[{"href":"https:\/\/www.europesays.com\/fr\/wp-json\/wp\/v2\/posts\/216907","targetHints":{"allow":["GET"]}}],"collection":[{"href":"https:\/\/www.europesays.com\/fr\/wp-json\/wp\/v2\/posts"}],"about":[{"href":"https:\/\/www.europesays.com\/fr\/wp-json\/wp\/v2\/types\/post"}],"author":[{"embeddable":true,"href":"https:\/\/www.europesays.com\/fr\/wp-json\/wp\/v2\/users\/2"}],"replies":[{"embeddable":true,"href":"https:\/\/www.europesays.com\/fr\/wp-json\/wp\/v2\/comments?post=216907"}],"version-history":[{"count":0,"href":"https:\/\/www.europesays.com\/fr\/wp-json\/wp\/v2\/posts\/216907\/revisions"}],"wp:featuredmedia":[{"embeddable":true,"href":"https:\/\/www.europesays.com\/fr\/wp-json\/wp\/v2\/media\/216908"}],"wp:attachment":[{"href":"https:\/\/www.europesays.com\/fr\/wp-json\/wp\/v2\/media?parent=216907"}],"wp:term":[{"taxonomy":"category","embeddable":true,"href":"https:\/\/www.europesays.com\/fr\/wp-json\/wp\/v2\/categories?post=216907"},{"taxonomy":"post_tag","embeddable":true,"href":"https:\/\/www.europesays.com\/fr\/wp-json\/wp\/v2\/tags?post=216907"}],"curies":[{"name":"wp","href":"https:\/\/api.w.org\/{rel}","templated":true}]}}