{"id":216909,"date":"2025-07-01T00:09:18","date_gmt":"2025-07-01T00:09:18","guid":{"rendered":"https:\/\/www.europesays.com\/fr\/216909\/"},"modified":"2025-07-01T00:09:18","modified_gmt":"2025-07-01T00:09:18","slug":"contre-la-dictature-audiovisuelle-ici-azur-et-france-3-cote-dazur-en-greve-illimitee-contre-le-projet-de-regroupement-de-laudiovisuel-public-de-rachida-dati","status":"publish","type":"post","link":"https:\/\/www.europesays.com\/fr\/216909\/","title":{"rendered":"\u00ab\u00a0Contre la dictature audiovisuelle\u00a0\u00bb: Ici Azur et France 3 C\u00f4te d\u2019Azur en gr\u00e8ve illimit\u00e9e contre le projet de regroupement de l\u2019audiovisuel public de Rachida Dati"},"content":{"rendered":"<p>D\u00e9fendre l\u2019audiovisuel public. Les syndicats de Radio France et France T\u00e9l\u00e9visions <a href=\"https:\/\/www.nicematin.com\/greve-mouvements-sociaux\/audiovisuel-public-radio-france-perturbee-par-une-greve-991723\" target=\"_blank\" rel=\"noopener\">s\u2019opposent au projet de holding<\/a>, regroupant Radio France, France T\u00e9l\u00e9visions et l\u2019INA, sous le nom de France M\u00e9dias. La ministre de la Culture, Rachida Dati le pr\u00e9sente \u00e0 l\u2019Assembl\u00e9e nationale ces 30 juin et 1er juillet. Depuis jeudi dernier, les syndicalistes ont d\u00e9clar\u00e9 une gr\u00e8ve illimit\u00e9e (possibilit\u00e9 de gr\u00e8ve sans pr\u00e9avis) et ce lundi, une trentaine de salari\u00e9s se sont regroup\u00e9s place Mass\u00e9na \u00e0 Nice.<\/p>\n<p>                                \u00ab\u00a0Risque pour l\u2019ind\u00e9pendance\u00a0\u00bb<\/p>\n<p>Leur crainte: une sorte de retour \u00e0 l\u2019ORTF (qui rassemblait la t\u00e9l\u00e9vision et la radio publiques jusqu\u2019en 1975, en forte d\u00e9pendance avec le pouvoir). \u00ab\u00a0On d\u00e9fend le pluralisme. Plus on centralise et plus il y a un risque pour l\u2019ind\u00e9pendance. Tout \u00e7a pour faire des \u00e9conomies\u00a0\u00bb, craint Coralie Becq, journaliste \u00e0 France 3 C\u00f4te d\u2019Azur et membre du bureau du Syndicat national des journalistes. \u00ab\u00a0La France deviendrait une dictature audiovisuelle. En 20 ans de m\u00e9tier, je n\u2019ai jamais eu de pression pour le traitement de mes sujets. C\u2019est une chance qui pourrait \u00eatre bient\u00f4t termin\u00e9e\u00a0\u00bb, s\u2019inqui\u00e8te S\u00e9bastien Germain, journaliste \u00e0 Ici Azur et syndiqu\u00e9 \u00e0 la CGT.<\/p>\n<p>Les salari\u00e9s ont \u00e9t\u00e9 rejoints par des politiques et des passants, notamment des auditeurs et des t\u00e9l\u00e9spectateurs.<\/p>\n<p>Pas de programmes locaux<\/p>\n<p>Ce lundi matin, il n\u2019y a pas eu de matinale \u00e0 Ici Azur et pas d\u2019\u00e9dition locale et de journal sur France 3 C\u00f4te d\u2019Azur. Ce mardi, il n\u2019y aura de nouveau pas de matinale sur la radio locale. 67% des journalistes de Radio France \u00e9taient en gr\u00e8ve. Avec France 3, ils comptent se mobiliser jusqu\u2019au retrait du projet.<\/p>\n<p>              <img ci-src=\"https:\/\/www.nicematin.com\/medias\/protec\/DATA_ART_15814583-FDfV8PYn.jpg?vh=061764&amp;ci_seal=e224eb8abe\" alt=\"\"\/><br \/>\n        Les pancartes r\u00e9clamaient le maintien du pluralisme dans l\u2019audiovisuel public. Photo Cyril Dodergny <\/p>\n","protected":false},"excerpt":{"rendered":"D\u00e9fendre l\u2019audiovisuel public. Les syndicats de Radio France et France T\u00e9l\u00e9visions s\u2019opposent au projet de holding, regroupant Radio&hellip;\n","protected":false},"author":2,"featured_media":216910,"comment_status":"","ping_status":"","sticky":false,"template":"","format":"standard","meta":{"footnotes":""},"categories":[2819],"tags":[1111,11,251,341,1777,674,1011,27,500,12,2401,882,25,3366],"class_list":{"0":"post-216909","1":"post","2":"type-post","3":"status-publish","4":"format-standard","5":"has-post-thumbnail","7":"category-nice","8":"tag-actu","9":"tag-actualites","10":"tag-culture","11":"tag-emploi","12":"tag-eu","13":"tag-europe","14":"tag-fr","15":"tag-france","16":"tag-medias","17":"tag-news","18":"tag-nice","19":"tag-provence-alpes-cote-dazur","20":"tag-republique-francaise","21":"tag-vie-locale"},"share_on_mastodon":{"url":"https:\/\/pubeurope.com\/@fr\/114775075924946775","error":""},"_links":{"self":[{"href":"https:\/\/www.europesays.com\/fr\/wp-json\/wp\/v2\/posts\/216909","targetHints":{"allow":["GET"]}}],"collection":[{"href":"https:\/\/www.europesays.com\/fr\/wp-json\/wp\/v2\/posts"}],"about":[{"href":"https:\/\/www.europesays.com\/fr\/wp-json\/wp\/v2\/types\/post"}],"author":[{"embeddable":true,"href":"https:\/\/www.europesays.com\/fr\/wp-json\/wp\/v2\/users\/2"}],"replies":[{"embeddable":true,"href":"https:\/\/www.europesays.com\/fr\/wp-json\/wp\/v2\/comments?post=216909"}],"version-history":[{"count":0,"href":"https:\/\/www.europesays.com\/fr\/wp-json\/wp\/v2\/posts\/216909\/revisions"}],"wp:featuredmedia":[{"embeddable":true,"href":"https:\/\/www.europesays.com\/fr\/wp-json\/wp\/v2\/media\/216910"}],"wp:attachment":[{"href":"https:\/\/www.europesays.com\/fr\/wp-json\/wp\/v2\/media?parent=216909"}],"wp:term":[{"taxonomy":"category","embeddable":true,"href":"https:\/\/www.europesays.com\/fr\/wp-json\/wp\/v2\/categories?post=216909"},{"taxonomy":"post_tag","embeddable":true,"href":"https:\/\/www.europesays.com\/fr\/wp-json\/wp\/v2\/tags?post=216909"}],"curies":[{"name":"wp","href":"https:\/\/api.w.org\/{rel}","templated":true}]}}