{"id":216913,"date":"2025-07-01T00:11:09","date_gmt":"2025-07-01T00:11:09","guid":{"rendered":"https:\/\/www.europesays.com\/fr\/216913\/"},"modified":"2025-07-01T00:11:09","modified_gmt":"2025-07-01T00:11:09","slug":"previsions-du-mardi-1-juillet-2025-7","status":"publish","type":"post","link":"https:\/\/www.europesays.com\/fr\/216913\/","title":{"rendered":"pr\u00e9visions du mardi 1 juillet 2025"},"content":{"rendered":"<p>C&rsquo;est une belle journ\u00e9e dont va profiter Nantes, o\u00f9 le soleil va briller intens\u00e9ment. L&rsquo;\u00e9t\u00e9 s&rsquo;est d\u00e9finitivement install\u00e9 puisque les valeurs s&rsquo;\u00e9chelonneront de 17 \u00e0 37\u00b0C. Les temp\u00e9ratures maximums annonc\u00e9es le matin sont \u00e9lev\u00e9es, avec 34\u00b0C. Une brise de nord-est soufflera doucement. L&rsquo;apr\u00e8s-midi, c&rsquo;est une hausse de plusieurs degr\u00e9s que vont conna\u00eetre les temp\u00e9ratures pour un climat de plus en plus estival. La ville va p\u00e2tir d&rsquo;importantes chaleurs avec des valeurs qui pourraient grimper \u00e0 37\u00b0C. Un vent de sud-ouest est attendu : il soufflera \u00e0 20 km\/h. La ville va subir, le soir, une vague de fortes chaleurs avec des temp\u00e9ratures qui rejoindront parfois les 32\u00b0C. Un ciel d\u00e9pourvu de nuages est attendu dans la nuit reliant mardi et mercredi.<\/p>\n<p>Demain, une chute du mercure est \u00e0 craindre \u00e0 Nantes. Les grosses chaleurs sont pr\u00e9sentes. Avec des valeurs situ\u00e9es entre 15 et 32\u00b0C. Les temp\u00e9ratures afficheront entre 15 et 32\u00b0C, un temps r\u00e9solument de saison. Un vent de nord, atteignant 21 km\/h, soufflera. Le temps devrait s&rsquo;am\u00e9liorer pendant la matin\u00e9e. Un magnifique soleil va briller et ce, tout au long de l&rsquo;apr\u00e8s-midi. La m\u00e9t\u00e9o va se r\u00e9chauffer avec une augmentation de plusieurs degr\u00e9s pour un \u00e9t\u00e9 chaud. Attention \u00e0 la vague de chaleur. Des valeurs de 27 \u00e0 32\u00b0C sont pr\u00e9vues. Les temp\u00e9ratures s&rsquo;\u00e9chelonneront entre 27\u00b0C et 32\u00b0C, donnant aux habitants l&rsquo;occasion d&rsquo;appr\u00e9cier la p\u00e9riode estivale. Il fera 23\u00b0C en moyenne demain soir.<\/p>\n<p>Peu de changements pour la suite. On s&rsquo;attend \u00e0 des journ\u00e9es ensoleill\u00e9es, accompagn\u00e9es par des temp\u00e9ratures dans les 33\u00b0C en moyenne.<\/p>\n<p>N&rsquo;oubliez pas que la chaleur induit la fatigue : \u00e9vitez tout effort physique dans la journ\u00e9e, principalement entre midi et 16h. Dans tous les cas, buvez de l&rsquo;eau r\u00e9guli\u00e8rement, sans attendre d&rsquo;avoir soif !<\/p>\n","protected":false},"excerpt":{"rendered":"C&rsquo;est une belle journ\u00e9e dont va profiter Nantes, o\u00f9 le soleil va briller intens\u00e9ment. L&rsquo;\u00e9t\u00e9 s&rsquo;est d\u00e9finitivement install\u00e9&hellip;\n","protected":false},"author":2,"featured_media":216914,"comment_status":"","ping_status":"","sticky":false,"template":"","format":"standard","meta":{"footnotes":""},"categories":[2818],"tags":[1111,11,1777,674,1011,27,3047,766,12,2636,2119,25],"class_list":{"0":"post-216913","1":"post","2":"type-post","3":"status-publish","4":"format-standard","5":"has-post-thumbnail","7":"category-nantes","8":"tag-actu","9":"tag-actualites","10":"tag-eu","11":"tag-europe","12":"tag-fr","13":"tag-france","14":"tag-loire-atlantique","15":"tag-nantes","16":"tag-news","17":"tag-pays-de-la-loire","18":"tag-previsions-meteo","19":"tag-republique-francaise"},"share_on_mastodon":{"url":"","error":""},"_links":{"self":[{"href":"https:\/\/www.europesays.com\/fr\/wp-json\/wp\/v2\/posts\/216913","targetHints":{"allow":["GET"]}}],"collection":[{"href":"https:\/\/www.europesays.com\/fr\/wp-json\/wp\/v2\/posts"}],"about":[{"href":"https:\/\/www.europesays.com\/fr\/wp-json\/wp\/v2\/types\/post"}],"author":[{"embeddable":true,"href":"https:\/\/www.europesays.com\/fr\/wp-json\/wp\/v2\/users\/2"}],"replies":[{"embeddable":true,"href":"https:\/\/www.europesays.com\/fr\/wp-json\/wp\/v2\/comments?post=216913"}],"version-history":[{"count":0,"href":"https:\/\/www.europesays.com\/fr\/wp-json\/wp\/v2\/posts\/216913\/revisions"}],"wp:featuredmedia":[{"embeddable":true,"href":"https:\/\/www.europesays.com\/fr\/wp-json\/wp\/v2\/media\/216914"}],"wp:attachment":[{"href":"https:\/\/www.europesays.com\/fr\/wp-json\/wp\/v2\/media?parent=216913"}],"wp:term":[{"taxonomy":"category","embeddable":true,"href":"https:\/\/www.europesays.com\/fr\/wp-json\/wp\/v2\/categories?post=216913"},{"taxonomy":"post_tag","embeddable":true,"href":"https:\/\/www.europesays.com\/fr\/wp-json\/wp\/v2\/tags?post=216913"}],"curies":[{"name":"wp","href":"https:\/\/api.w.org\/{rel}","templated":true}]}}