{"id":216918,"date":"2025-07-01T00:14:11","date_gmt":"2025-07-01T00:14:11","guid":{"rendered":"https:\/\/www.europesays.com\/fr\/216918\/"},"modified":"2025-07-01T00:14:11","modified_gmt":"2025-07-01T00:14:11","slug":"previsions-du-mardi-1-juillet-2025-8","status":"publish","type":"post","link":"https:\/\/www.europesays.com\/fr\/216918\/","title":{"rendered":"pr\u00e9visions du mardi 1 juillet 2025"},"content":{"rendered":"<p>C&rsquo;est une magnifique journ\u00e9e dont va profiter Bordeaux, o\u00f9 le soleil va briller avec force. L&rsquo;\u00e9t\u00e9 s&rsquo;est d\u00e9finitivement install\u00e9 puisque les valeurs iront de 20 \u00e0 40\u00b0C. La p\u00e9riode de grosses chaleurs est bien l\u00e0, avec des temp\u00e9ratures qui pourront monter jusqu&rsquo;\u00e0 36\u00b0C le matin. Un vent de sud-ouest rafra\u00eechira l\u00e9g\u00e8rement l&rsquo;atmosph\u00e8re. L&rsquo;apr\u00e8s-midi, c&rsquo;est une hausse de plusieurs degr\u00e9s que vont conna\u00eetre les temp\u00e9ratures pour un climat de plus en plus estival. De tr\u00e8s fortes chaleurs (entre 37\u00b0C et 40\u00b0C) sont annonc\u00e9es. La ville va conna\u00eetre, le soir, une vague d&rsquo;importantes chaleurs avec des valeurs qui atteindront parfois les 34\u00b0C. On s&rsquo;attend \u00e0 une nuit claire entre mardi et mercredi.<\/p>\n<p>Demain, un beau soleil rayonnera sur Bordeaux. Une chute des temp\u00e9ratures est pr\u00e9vue. Attention \u00e0 la vague de chaleur. Des temp\u00e9ratures de 19 \u00e0 32\u00b0C sont attendues. Ce sera un bel \u00e9t\u00e9 : les valeurs afficheront entre 19 et 32\u00b0C. Une petite brise d&rsquo;ouest sera ressentie par les habitants. La ville va p\u00e2tir des grosses chaleurs avec des temp\u00e9ratures qui devraient grimper \u00e0 31\u00b0C le matin. Un temps plus chaud est \u00e0 pr\u00e9voir demain apr\u00e8s-midi puisque le mercure va enregistrer une augmentation, remplissant les terrasses de r\u00e9sidents et de touristes venus profiter de l&rsquo;\u00e9t\u00e9. Les valeurs maximales pr\u00e9vues sont \u00e9lev\u00e9es, avec 32\u00b0C.<\/p>\n<p>Les jours s&rsquo;encha\u00eenent et ne changent pas. Des temp\u00e9ratures dans les 36\u00b0C accompagneront un ciel ensoleill\u00e9.<\/p>\n<p>Rappelez-vous de bien vous hydrater, m\u00eame si vous n&rsquo;avez pas soif, au cours de ces p\u00e9riodes de fortes chaleurs. Evitez de vous exposer entre 12h et 16h et faites tr\u00e8s attention aux personnes les plus fragiles comme les personnes \u00e2g\u00e9es ou le jeune enfant.<\/p>\n","protected":false},"excerpt":{"rendered":"C&rsquo;est une magnifique journ\u00e9e dont va profiter Bordeaux, o\u00f9 le soleil va briller avec force. L&rsquo;\u00e9t\u00e9 s&rsquo;est d\u00e9finitivement&hellip;\n","protected":false},"author":2,"featured_media":216919,"comment_status":"","ping_status":"","sticky":false,"template":"","format":"standard","meta":{"footnotes":""},"categories":[2817],"tags":[1111,11,3177,1997,1777,674,1011,27,2905,12,2219,2119,25],"class_list":{"0":"post-216918","1":"post","2":"type-post","3":"status-publish","4":"format-standard","5":"has-post-thumbnail","7":"category-bordeaux","8":"tag-actu","9":"tag-actualites","10":"tag-aquitaine","11":"tag-bordeaux","12":"tag-eu","13":"tag-europe","14":"tag-fr","15":"tag-france","16":"tag-gironde","17":"tag-news","18":"tag-nouvelle-aquitaine","19":"tag-previsions-meteo","20":"tag-republique-francaise"},"share_on_mastodon":{"url":"https:\/\/pubeurope.com\/@fr\/114775095029636043","error":""},"_links":{"self":[{"href":"https:\/\/www.europesays.com\/fr\/wp-json\/wp\/v2\/posts\/216918","targetHints":{"allow":["GET"]}}],"collection":[{"href":"https:\/\/www.europesays.com\/fr\/wp-json\/wp\/v2\/posts"}],"about":[{"href":"https:\/\/www.europesays.com\/fr\/wp-json\/wp\/v2\/types\/post"}],"author":[{"embeddable":true,"href":"https:\/\/www.europesays.com\/fr\/wp-json\/wp\/v2\/users\/2"}],"replies":[{"embeddable":true,"href":"https:\/\/www.europesays.com\/fr\/wp-json\/wp\/v2\/comments?post=216918"}],"version-history":[{"count":0,"href":"https:\/\/www.europesays.com\/fr\/wp-json\/wp\/v2\/posts\/216918\/revisions"}],"wp:featuredmedia":[{"embeddable":true,"href":"https:\/\/www.europesays.com\/fr\/wp-json\/wp\/v2\/media\/216919"}],"wp:attachment":[{"href":"https:\/\/www.europesays.com\/fr\/wp-json\/wp\/v2\/media?parent=216918"}],"wp:term":[{"taxonomy":"category","embeddable":true,"href":"https:\/\/www.europesays.com\/fr\/wp-json\/wp\/v2\/categories?post=216918"},{"taxonomy":"post_tag","embeddable":true,"href":"https:\/\/www.europesays.com\/fr\/wp-json\/wp\/v2\/tags?post=216918"}],"curies":[{"name":"wp","href":"https:\/\/api.w.org\/{rel}","templated":true}]}}