{"id":216920,"date":"2025-07-01T00:15:19","date_gmt":"2025-07-01T00:15:19","guid":{"rendered":"https:\/\/www.europesays.com\/fr\/216920\/"},"modified":"2025-07-01T00:15:19","modified_gmt":"2025-07-01T00:15:19","slug":"les-tarifs-du-metro-bus-et-tramway-augmentent-ce-mardi-a-toulouse-voici-les-nouveaux-prix","status":"publish","type":"post","link":"https:\/\/www.europesays.com\/fr\/216920\/","title":{"rendered":"Les tarifs du m\u00e9tro, bus et tramway augmentent ce mardi \u00e0 Toulouse : voici les nouveaux prix"},"content":{"rendered":"<p>            Par<br \/>\n        <strong><br \/>\n            <a href=\"https:\/\/actu.fr\/auteur\/david-saint-sernin\" title=\"Consulter tous les articles de David Saint-Sernin\" target=\"_blank\" rel=\"noopener\">David Saint-Sernin<\/a><br \/>\n        <\/strong><\/p>\n<p>        Publi\u00e9 le<\/p>\n<p>            30 juin 2025 \u00e0 17h26        <\/p>\n<p>\u00c0 partir de ce mardi 1er\u00a0juillet 2025, prendre le m\u00e9tro, les bus ou le tramway va vous co\u00fbter plus cher \u00e0 Toulouse. <a href=\"https:\/\/actu.fr\/occitanie\/toulouse_31555\/toulouse-les-tarifs-du-metro-bus-et-tramway-augmentent-en-juillet-voici-de-combien_60972944.html\" target=\"_blank\" rel=\"noopener\">Comme c\u2019est le cas<\/a> depuis plusieurs ann\u00e9es,<a href=\"https:\/\/actu.fr\/occitanie\/toulouse_31555\/video-toulouse-ils-feront-gagner-du-temps-aux-usagers-voici-les-nouveaux-tickets-rechargeables-de-tisseo_62392453.html\" target=\"_blank\" rel=\"noopener\"> Tiss\u00e9o augmente ses tarifs<\/a> au d\u00e9but de l\u2019\u00e9t\u00e9. Une hausse progressive, vot\u00e9e dans une d\u00e9lib\u00e9ration en 2022, qui s\u2019\u00e9talera<strong> jusqu\u2019en juillet 2026. <\/strong>Voici ce qui vous attend ce mardi.<\/p>\n<p>Des hausses chaque ann\u00e9e<\/p>\n<p class=\" wall-content\">Le but de cette hausse progressive est \u00ab\u2009d\u2019accompagner le d\u00e9veloppement croissant de notre r\u00e9seau de transport dans les prochaines ann\u00e9es\u2009\u00bb, indiquait en 2022 Tiss\u00e9o qui d\u00e9taillait\u2009:<\/p>\n<p class=\" wall-content\">\u00ab\u2009Les principes g\u00e9n\u00e9raux de la d\u00e9lib\u00e9ration \u00e9taient les suivants\u2009: une \u00e9volution annuelle mod\u00e9r\u00e9e de +\u00a02\u2009% par an en moyenne. Une adaptation de la gamme tarifaire \u00e0 destination des jeunes, avec l\u2019introduction du crit\u00e8re \u00ab\u2009boursier\u2009\u00bb pour b\u00e9n\u00e9ficier du tarif le plus bas (les boursiers \u00e9chelon 7 conservent la gratuit\u00e9), des tarifs solidaires pour les autres b\u00e9n\u00e9ficiaires (S\u00e9niors, Demandeurs d\u2019emploi, Personnes \u00e0 Mobilit\u00e9 R\u00e9duite (de 50 \u00e0 79\u2009% d\u2019invalidit\u00e9), l\u2019introduction d\u2019un nouveau seuil pour ceux b\u00e9n\u00e9ficiant de ressources sup\u00e9rieures \u00e0 deux fois le SMIC Net (soit 2798 euros\/ mois \u2013 bar\u00e8me en vigueur actuellement)\u2009\u00bb, rappelle Tiss\u00e9o \u00e0 chaque hausse.<\/p>\n<p>Le ticket unitaire stable, les autres tickets augmentent<\/p>\n<p class=\" wall-content\">Ce 1er\u00a0juillet, si certains tarifs \u00e9voluent cela ne sera pas le cas du ticket unitaire qui reste \u00e0 1,8 euro. (Il augmentera de 10 centimes en 2026 pour co\u00fbter 1,90, ndlr).<\/p>\n<p class=\" wall-content\">En revanche, tout le reste de la grille va augmenter. Voici le d\u00e9tail\u2009:<\/p>\n<p class=\" wall-content\">Ticket 10 d\u00e9placements\u2009: +\u00a00,30 \u20ac, passe de 15,40\u00a0\u20ac \u00e0 15,70\u00a0\u20ac<br \/>Ticket Tribu\u2009: +\u00a00,20 \u20ac, passe de 9,10\u00a0\u20ac \u00e0 9,30\u00a0\u20ac<br \/>10 d\u00e9placements tarif r\u00e9duit\u2009: +\u00a00,30 \u20ac, passe de 11,20\u00a0\u20ac \u00e0 11,50\u00a0\u20ac<br \/>Pass journ\u00e9e\u2009: +\u00a00,10 \u20ac, passe de 6,90\u00a0\u20ac \u00e0 7,00\u00a0\u20ac<br \/>Pass 3\u00a0jours\u2009: +\u00a00,30 \u20ac, passe de 13,80\u00a0\u20ac \u00e0 14,10\u00a0\u20ac<\/p>\n<p>Hausse pour les abonnements<\/p>\n<p class=\" wall-content\">Les abonnements vont aussi augmenter\u2009:<\/p>\n<p class=\" wall-content\">7\u00a0jours\u2009: +\u00a00,30 \u20ac, passe de 17,20\u00a0\u20ac \u00e0 17,50\u00a0\u20ac<br \/>30\u00a0jours \/ 30 d\u00e9placements\u2009: +\u00a00,70 \u20ac, passe de 39,30\u00a0\u20ac \u00e0 40,00\u00a0\u20ac<br \/>31\u00a0jours tout public\u2009: +\u00a01,00\u00a0\u20ac, passe de 57\u00a0\u20ac \u00e0 58,00\u00a0\u20ac<br \/>Annuel comptant\u2009: +\u00a019,00\u00a0\u20ac, passe de 587,10\u00a0\u20ac \u00e0 606,10\u00a0\u20ac<br \/>Annuel mensualis\u00e9\u2009: +\u00a01,60\u00a0\u20ac, passe de 48,90\u00a0\u20ac \u00e0 50,50\u00a0\u20ac<\/p>\n<p class=\" wall-content\">Suivez toute l\u2019actualit\u00e9 de vos villes et m\u00e9dias favoris en vous inscrivant \u00e0 <a href=\"https:\/\/moncompte.actu.fr\" title=\"D\u00e9couvez Mon Actu\" rel=\"nofollow noopener\" data-trk=\"{&quot;cta&quot;:{&quot;action&quot;:&quot;https:\\\/\\\/moncompte.actu.fr&quot;,&quot;category&quot;:&quot;mon compte&quot;,&quot;from&quot;:&quot;article footer&quot;,&quot;name&quot;:&quot;Mon actu&quot;,&quot;type&quot;:&quot;cta&quot;}}\" target=\"_blank\">Mon Actu<\/a>.<\/p>\n","protected":false},"excerpt":{"rendered":"Par David Saint-Sernin Publi\u00e9 le 30 juin 2025 \u00e0 17h26 \u00c0 partir de ce mardi 1er\u00a0juillet 2025, prendre&hellip;\n","protected":false},"author":2,"featured_media":216921,"comment_status":"","ping_status":"","sticky":false,"template":"","format":"standard","meta":{"footnotes":""},"categories":[2816],"tags":[1111,11,130,1777,674,1011,27,10596,12,2680,25,104,5400,2312],"class_list":{"0":"post-216920","1":"post","2":"type-post","3":"status-publish","4":"format-standard","5":"has-post-thumbnail","7":"category-toulouse","8":"tag-actu","9":"tag-actualites","10":"tag-consommation","11":"tag-eu","12":"tag-europe","13":"tag-fr","14":"tag-france","15":"tag-metro-de-toulouse","16":"tag-news","17":"tag-occitanie","18":"tag-republique-francaise","19":"tag-societe","20":"tag-tisseo","21":"tag-toulouse"},"share_on_mastodon":{"url":"https:\/\/pubeurope.com\/@fr\/114775099753687405","error":""},"_links":{"self":[{"href":"https:\/\/www.europesays.com\/fr\/wp-json\/wp\/v2\/posts\/216920","targetHints":{"allow":["GET"]}}],"collection":[{"href":"https:\/\/www.europesays.com\/fr\/wp-json\/wp\/v2\/posts"}],"about":[{"href":"https:\/\/www.europesays.com\/fr\/wp-json\/wp\/v2\/types\/post"}],"author":[{"embeddable":true,"href":"https:\/\/www.europesays.com\/fr\/wp-json\/wp\/v2\/users\/2"}],"replies":[{"embeddable":true,"href":"https:\/\/www.europesays.com\/fr\/wp-json\/wp\/v2\/comments?post=216920"}],"version-history":[{"count":0,"href":"https:\/\/www.europesays.com\/fr\/wp-json\/wp\/v2\/posts\/216920\/revisions"}],"wp:featuredmedia":[{"embeddable":true,"href":"https:\/\/www.europesays.com\/fr\/wp-json\/wp\/v2\/media\/216921"}],"wp:attachment":[{"href":"https:\/\/www.europesays.com\/fr\/wp-json\/wp\/v2\/media?parent=216920"}],"wp:term":[{"taxonomy":"category","embeddable":true,"href":"https:\/\/www.europesays.com\/fr\/wp-json\/wp\/v2\/categories?post=216920"},{"taxonomy":"post_tag","embeddable":true,"href":"https:\/\/www.europesays.com\/fr\/wp-json\/wp\/v2\/tags?post=216920"}],"curies":[{"name":"wp","href":"https:\/\/api.w.org\/{rel}","templated":true}]}}