{"id":216924,"date":"2025-07-01T00:17:13","date_gmt":"2025-07-01T00:17:13","guid":{"rendered":"https:\/\/www.europesays.com\/fr\/216924\/"},"modified":"2025-07-01T00:17:13","modified_gmt":"2025-07-01T00:17:13","slug":"carte-vague-de-chaleur-ville-par-ville-les-temperatures-maximales-relevees-ce-lundi","status":"publish","type":"post","link":"https:\/\/www.europesays.com\/fr\/216924\/","title":{"rendered":"CARTE. Vague de chaleur\u00a0: ville par ville, les temp\u00e9ratures maximales relev\u00e9es ce lundi"},"content":{"rendered":"<p>Ce lundi 30\u00a0juin 2025 a \u00e9t\u00e9 marqu\u00e9 par des <a href=\"https:\/\/www.ouest-france.fr\/meteo\/canicule\/\" target=\"_self\" rel=\"nofollow noopener\">temp\u00e9ratures exceptionnelles<\/a>. Conform\u00e9ment aux pr\u00e9visions de M\u00e9t\u00e9o France, qui avait plac\u00e9 pour ce d\u00e9but de semaine un nombre record de 84\u00a0d\u00e9partements en vigilance orange canicule, les maximales ont d\u00e9pass\u00e9 les 41\u00a0\u00b0C par endroits.<\/p>\n<p>Sur une grande partie du pays, les 30\u00a0\u00b0C, voire les 35\u00a0\u00b0C, ont \u00e9t\u00e9 d\u00e9pass\u00e9s. Seuls les reliefs et le littoral de la Manche demeurant sous ce seuil.<\/p>\n<p><a href=\"https:\/\/www.ouest-france.fr\/meteo\/canicule\/direct-vague-de-chaleur-84-departements-en-vigilance-orange-canicule-les-40-c-deja-depasses-a3e032d6-5675-4831-a676-1d1526d4c15b\" target=\"_self\" rel=\"nofollow noopener\"> <strong>Suivez notre direct<\/strong> du lundi 30\u00a0juin 2025 consacr\u00e9 \u00e0 la vague de chaleur<\/a><\/p>\n<p>Jusqu\u2019\u00e0 41,9\u00a0\u00b0C \u00e0 Vinsobres<\/p>\n<p>\u00c0 16\u00a0h, deux stations m\u00e9t\u00e9o avaient enregistr\u00e9 des maximales sup\u00e9rieures \u00e0 41\u00a0\u00b0C\u00a0: Vinsobres dans la Dr\u00f4me, et Durban-Corbi\u00e8res dans l\u2019Aude. Plusieurs villes du sud-est du pays ont enregistr\u00e9 plus de 40\u00a0\u00b0C, notamment dans l\u2019H\u00e9rault. \u00c0 Vinsobres, le record pour un mois de juin est tomb\u00e9, avec un pic \u00e0 41,9\u00a0\u00b0C.<\/p>\n<p>Voici les temp\u00e9ratures maximales relev\u00e9es \u00e0 17\u00a0h dans les principales stations de M\u00e9t\u00e9o France\u00a0:<\/p>\n<\/p>\n<p>Cette journ\u00e9e est marqu\u00e9e par l\u2019\u00e9tendue de la vague de chaleur\u00a0: la plupart des stations d\u00e9passent le seuil de 35\u00a0\u00b0C et seules quelques stations situ\u00e9es en altitude ou sur le littoral demeurent sous les 30\u00a0\u00b0C.<\/p>\n<p>Il a fait 36,7\u00a0\u00b0C \u00e0 Paris dans les Jardins du Luxembourg. 32,5\u00a0\u00b0C \u00e0 Lille, 37,2\u00a0\u00b0C \u00e0 Lyon, 38,6 \u00b0 \u00e0 Toulouse, 36,9\u00a0\u00b0C \u00e0 Nantes, 37,4\u00a0\u00b0C \u00e0 Rennes\u2026<\/p>\n<p>Coublevie (Is\u00e8re) a connu un nouveau record absolu de temp\u00e9rature, avec 40,4\u00a0\u00b0C, d\u00e9passant les 40,1\u00a0\u00b0C du 24\u00a0juillet 2019.<\/p>\n<p>\u00c0 Pont-Saint-Esprit (Gard), Tusson (Charente), mais aussi Lanleff dans les C\u00f4tes-d\u2019Armor, le record de temp\u00e9rature pour un mois de juin a \u00e9t\u00e9 d\u00e9pass\u00e9.<\/p>\n<p><strong>Lire aussi\u00a0:<\/strong> <a href=\"https:\/\/rennes.maville.com\/actu\/actudet_-vague-de-chaleur-en-france-a-quoi-faut-il-s-attendre-jusqu-a-vendredi-_54135-6878203_actu.Htm\" target=\"_self\" rel=\"nofollow noopener\">Vague de chaleur en France\u00a0: \u00e0 quoi faut-il s\u2019attendre jusqu\u2019\u00e0 vendredi\u00a0?<\/a><\/p>\n<p>Le pic de chaleur est \u00e0 venir<\/p>\n<p>M\u00e9t\u00e9o France pr\u00e9voit que les temp\u00e9ratures vont encore augmenter mardi 1er\u00a0juillet, et pourraient atteindre 38\u00a0\u00b0C dans plusieurs villes du centre du pays\u00a0: Toulouse, Tours, Lyon\u2026 Pour la journ\u00e9e de mardi, <a href=\"https:\/\/www.ouest-france.fr\/meteo\/canicule\/direct-vague-de-chaleur-16-departements-seront-en-vigilance-rouge-mardi-annonce-meteo-france-a3e032d6-5675-4831-a676-1d1526d4c15b\" target=\"_self\" rel=\"nofollow noopener\">16\u00a0d\u00e9partements sont plac\u00e9s en vigilance rouge canicule<\/a> par M\u00e9t\u00e9o France. Il s\u2019agit des d\u00e9partements d\u2019\u00cele-de-France, du Cher, du Loiret, de l\u2019Indre, du Loir-et-Cher, de l\u2019Indre-et-Loire, de l\u2019Aube, de l\u2019Yonne et de la Vienne<\/p>\n<p>Un <a href=\"https:\/\/rennes.maville.com\/actu\/actudet_-vague-de-chaleur-on-a-teste-pour-vous-le-numero-vert-canicule-info-service-_54135-6878210_actu.Htm\" target=\"_self\" rel=\"nofollow noopener\">num\u00e9ro vert \u00ab\u00a0Canicule info service\u00a0\u00bb<\/a> a \u00e9t\u00e9 mis en place au\u00a00800 06\u00a066\u00a066\u00a0pour prodiguer des conseils pour traverser l\u2019\u00e9pisode caniculaire.<\/p>\n<p>Pendant ces p\u00e9riodes de fortes chaleurs, il est recommand\u00e9 de rester au frais, de boire de l\u2019eau sans attendre la soif, de se mouiller r\u00e9guli\u00e8rement le corps et d\u2019\u00e9viter les activit\u00e9s physiques.<\/p>\n<p>Il est \u00e9galement conseill\u00e9 de tenter de maintenir son logement au frais, en gardant fen\u00eatres et volets ferm\u00e9s en journ\u00e9e, et en a\u00e9rant le soir s\u2019il fait plus frais.<\/p>\n<p>\u00a0<\/p>\n","protected":false},"excerpt":{"rendered":"Ce lundi 30\u00a0juin 2025 a \u00e9t\u00e9 marqu\u00e9 par des temp\u00e9ratures exceptionnelles. Conform\u00e9ment aux pr\u00e9visions de M\u00e9t\u00e9o France, qui&hellip;\n","protected":false},"author":2,"featured_media":216925,"comment_status":"","ping_status":"","sticky":false,"template":"","format":"standard","meta":{"footnotes":""},"categories":[2815],"tags":[1111,11,11617,13208,1777,674,1011,27,811,1307,9865,35634,12,35635,25,13209,27319,4824],"class_list":{"0":"post-216924","1":"post","2":"type-post","3":"status-publish","4":"format-standard","5":"has-post-thumbnail","7":"category-lille","8":"tag-actu","9":"tag-actualites","10":"tag-carte","11":"tag-chaleur","12":"tag-eu","13":"tag-europe","14":"tag-fr","15":"tag-france","16":"tag-hauts-de-france","17":"tag-lille","18":"tag-lundi","19":"tag-maximales","20":"tag-news","21":"tag-relevees","22":"tag-republique-francaise","23":"tag-temperatures","24":"tag-vague","25":"tag-ville"},"share_on_mastodon":{"url":"","error":""},"_links":{"self":[{"href":"https:\/\/www.europesays.com\/fr\/wp-json\/wp\/v2\/posts\/216924","targetHints":{"allow":["GET"]}}],"collection":[{"href":"https:\/\/www.europesays.com\/fr\/wp-json\/wp\/v2\/posts"}],"about":[{"href":"https:\/\/www.europesays.com\/fr\/wp-json\/wp\/v2\/types\/post"}],"author":[{"embeddable":true,"href":"https:\/\/www.europesays.com\/fr\/wp-json\/wp\/v2\/users\/2"}],"replies":[{"embeddable":true,"href":"https:\/\/www.europesays.com\/fr\/wp-json\/wp\/v2\/comments?post=216924"}],"version-history":[{"count":0,"href":"https:\/\/www.europesays.com\/fr\/wp-json\/wp\/v2\/posts\/216924\/revisions"}],"wp:featuredmedia":[{"embeddable":true,"href":"https:\/\/www.europesays.com\/fr\/wp-json\/wp\/v2\/media\/216925"}],"wp:attachment":[{"href":"https:\/\/www.europesays.com\/fr\/wp-json\/wp\/v2\/media?parent=216924"}],"wp:term":[{"taxonomy":"category","embeddable":true,"href":"https:\/\/www.europesays.com\/fr\/wp-json\/wp\/v2\/categories?post=216924"},{"taxonomy":"post_tag","embeddable":true,"href":"https:\/\/www.europesays.com\/fr\/wp-json\/wp\/v2\/tags?post=216924"}],"curies":[{"name":"wp","href":"https:\/\/api.w.org\/{rel}","templated":true}]}}