{"id":216932,"date":"2025-07-01T00:21:17","date_gmt":"2025-07-01T00:21:17","guid":{"rendered":"https:\/\/www.europesays.com\/fr\/216932\/"},"modified":"2025-07-01T00:21:17","modified_gmt":"2025-07-01T00:21:17","slug":"les-prix-de-limmobilier-repartent-a-la-hausse-a-lyon-selon-laforet","status":"publish","type":"post","link":"https:\/\/www.europesays.com\/fr\/216932\/","title":{"rendered":"Les prix de l\u2019immobilier repartent \u00e0 la hausse \u00e0 Lyon, selon Lafor\u00eat"},"content":{"rendered":"<p><img width=\"487\" height=\"297\" src=\"https:\/\/www.europesays.com\/fr\/wp-content\/uploads\/2025\/07\/Laforet-Immobilier-Agence.jpg\" class=\"attachment-post-thumbnail size-post-thumbnail wp-post-image\" alt=\"\" decoding=\"async\" fetchpriority=\"high\" \/><\/p>\n<p>(Lafor\u00eat)<\/p>\n<p><strong>Le r\u00e9seau d\u2019agences franchis\u00e9es a fait part de son bilan au titre du premier semestre. L\u2019activit\u00e9 repart, mais un rebond de l\u2019offre inf\u00e9rieur \u00e0 celui de la demande alimente une hausse des prix.<\/strong><\/p>\n<p>L\u2019activit\u00e9 immobili\u00e8re tend \u00e0 rebondir, selon Lafor\u00eat. Le r\u00e9seau d\u2019agences franchis\u00e9es a en effet fait \u00e9tat de ses statistiques immobili\u00e8res au terme du premier semestre 2025. Et \u00e0 la fin juin, \u00able bilan des 12 derniers mois met en \u00e9vidence un net rebond de l\u2019activit\u00e9, port\u00e9 par une stabilisation des taux d\u2019int\u00e9r\u00eat et un retour partiel de la fluidit\u00e9 des transactions\u00bb, note le r\u00e9seau.<\/p>\n<p>Premier constat\u00a0: la demande rebondit nettement, de l\u2019ordre de 18% au niveau national, avec des hausses plus soutenues en r\u00e9gions (+19%) et l\u00e9g\u00e8rement inf\u00e9rieures \u00e0 Paris (+13%), ainsi qu\u2019en \u00cele-de-France (+12%). Les acqu\u00e9reurs se portent davantage, au deuxi\u00e8me trimestre, sur les maisons, qui enregistrent la plus forte progression, de l\u2019ordre de 18% contre 15% d\u2019augmentation pour les appartements. Au premier trimestre, la demande \u00e9tait plus soutenue pour les appartements que pour les maisons (+18% contre +11%). <\/p>\n<p><img decoding=\"async\" src=\"https:\/\/www.europesays.com\/fr\/wp-content\/uploads\/2025\/04\/abonnezvouslarge.jpg\" alt=\"\" \/><\/p>\n<p>Pour lire la totalit\u00e9 de l&rsquo;article,<strong> <a href=\"http:\/\/www.lyonpoleimmo.com\/membership-options-page\/\" target=\"_blank\" rel=\"noopener\">abonnez-vous<\/a> <\/strong>ou <a href=\"http:\/\/www.lyonpoleimmo.com\/senregistrer\/\" target=\"_blank\" rel=\"noopener\"><strong>identifiez-vous<\/strong><\/a>  <\/p>\n<p><strong>Si vous avez appr\u00e9ci\u00e9 cet article, s&rsquo;il vous plait, prenez le temps de <a href=\"#comments\">laisser un commentaire<\/a> ou de <a href=\"http:\/\/www.lyonpoleimmo.com\/feed\/\" target=\"_blank\" rel=\"noopener\">souscrire au flux<\/a> afin de recevoir les futurs articles directement dans votre lecteur de flux.<br \/>\n    <\/strong><\/p>\n<p>\t<a href=\"http:\/\/www.lyonpoleimmo.com\/2025\/06\/30\/91481\/les-prix-de-limmobilier-repartent-a-la-hausse-a-lyon-selon-laforet\/\" rel=\"bookmark noopener\" title=\"Lien Permanent vers Les prix de l\u2019immobilier repartent \u00e0 la hausse \u00e0 Lyon, selon Lafor\u00eat\" target=\"_blank\">Les prix de l\u2019immobilier repartent \u00e0 la hausse \u00e0 Lyon, selon Lafor\u00eat<\/a><\/p>\n<p>\t<a href=\"http:\/\/www.lyonpoleimmo.com\/2025\/06\/30\/91481\/les-prix-de-limmobilier-repartent-a-la-hausse-a-lyon-selon-laforet\/\" rel=\"bookmark noopener\" title=\"Lien Permanent vers Les prix de l\u2019immobilier repartent \u00e0 la hausse \u00e0 Lyon, selon Lafor\u00eat\" target=\"_blank\"><\/p>\n<p>Le r\u00e9seau d\u2019agences franchis\u00e9es a fait part de son bilan au titre du premier semestre. L\u2019activit\u00e9 repart, mais un rebond de l\u2019offre inf\u00e9rieur \u00e0 celui de la demande alimente une hausse des prix.<\/p>\n<p><\/a><\/p>\n<p>\t<a href=\"http:\/\/www.lyonpoleimmo.com\/2025\/06\/09\/91176\/les-volumes-de-vente-dans-le-rhone-en-baisse-de-8-sur-un-an\/\" rel=\"bookmark noopener\" title=\"Lien Permanent vers Les volumes de vente dans le Rh\u00f4ne en baisse de 8% sur un an\" target=\"_blank\">Les volumes de vente dans le Rh\u00f4ne en baisse de 8% sur un an<\/a><\/p>\n<p>\t<a href=\"http:\/\/www.lyonpoleimmo.com\/2025\/06\/09\/91176\/les-volumes-de-vente-dans-le-rhone-en-baisse-de-8-sur-un-an\/\" rel=\"bookmark noopener\" title=\"Lien Permanent vers Les volumes de vente dans le Rh\u00f4ne en baisse de 8% sur un an\" target=\"_blank\"><\/p>\n<p><img decoding=\"async\" src=\"https:\/\/www.europesays.com\/fr\/wp-content\/uploads\/2025\/07\/immeubles42.jpg\" alt=\"null\" \/>L\u2019activit\u00e9 du march\u00e9 immobilier reste atone \u00e0 Lyon et dans le Rh\u00f4ne, selon le dernier barom\u00e8tre de juin de la Chambre interd\u00e9partementale des notaires de la Cour d\u2019appel de Lyon. La baisse des prix tend toutefois \u00e0 s\u2019amoindrir.<\/p>\n<p><\/a><\/p>\n<p>\t<a href=\"http:\/\/www.lyonpoleimmo.com\/2025\/05\/27\/91032\/les-prix-de-limmobilier-restent-en-repli-a-lyon-selon-lpi-iad\/\" rel=\"bookmark noopener\" title=\"Lien Permanent vers Les prix de l\u2019immobilier restent en repli \u00e0 Lyon, selon LPI iad\" target=\"_blank\">Les prix de l\u2019immobilier restent en repli \u00e0 Lyon, selon LPI iad<\/a><\/p>\n<p>\t<a href=\"http:\/\/www.lyonpoleimmo.com\/2025\/05\/27\/91032\/les-prix-de-limmobilier-restent-en-repli-a-lyon-selon-lpi-iad\/\" rel=\"bookmark noopener\" title=\"Lien Permanent vers Les prix de l\u2019immobilier restent en repli \u00e0 Lyon, selon LPI iad\" target=\"_blank\"><\/p>\n<p>Selon le barom\u00e8tre, les prix restent en repli sur un an dans la ville, mais se reprennent au niveau national. En Auvergne-Rh\u00f4ne-Alpes, les prix connaissent des disparit\u00e9s g\u00e9ographiques suivant les villes.<\/p>\n<p><\/a><\/p>\n<p>\t<a href=\"http:\/\/www.lyonpoleimmo.com\/2025\/04\/23\/90642\/les-volumes-dans-lancien-repassent-la-barre-des-800-000-transactions\/\" rel=\"bookmark noopener\" title=\"Lien Permanent vers Les volumes dans l\u2019ancien repassent la barre des 800.000 transactions\" target=\"_blank\">Les volumes dans l\u2019ancien repassent la barre des 800.000 transactions<\/a><\/p>\n<p>\t<a href=\"http:\/\/www.lyonpoleimmo.com\/2025\/04\/23\/90642\/les-volumes-dans-lancien-repassent-la-barre-des-800-000-transactions\/\" rel=\"bookmark noopener\" title=\"Lien Permanent vers Les volumes dans l\u2019ancien repassent la barre des 800.000 transactions\" target=\"_blank\"><\/p>\n<p>Les notaires de France ont publi\u00e9 leur note de conjoncture portant sur l\u2019activit\u00e9 du premier trimestre. Ceux-ci confirment une reprise d\u2019activit\u00e9 \u00e0 fin f\u00e9vrier. Les prix, eux, sont toujours en repli sur un an, notamment en Auvergne-Rh\u00f4ne-Alpes.<\/p>\n<p><\/a><\/p>\n<p>\t<a href=\"http:\/\/www.lyonpoleimmo.com\/2025\/04\/14\/90473\/une-hausse-dactivite-observee-par-lensemble-des-reseaux-au-1er-trimestre\/\" rel=\"bookmark noopener\" title=\"Lien Permanent vers Une hausse d\u2019activit\u00e9 observ\u00e9e par l\u2019ensemble des r\u00e9seaux au 1er trimestre\" target=\"_blank\">Une hausse d\u2019activit\u00e9 observ\u00e9e par l\u2019ensemble des r\u00e9seaux au 1er trimestre<\/a><\/p>\n<p>\t<a href=\"http:\/\/www.lyonpoleimmo.com\/2025\/04\/14\/90473\/une-hausse-dactivite-observee-par-lensemble-des-reseaux-au-1er-trimestre\/\" rel=\"bookmark noopener\" title=\"Lien Permanent vers Une hausse d\u2019activit\u00e9 observ\u00e9e par l\u2019ensemble des r\u00e9seaux au 1er trimestre\" target=\"_blank\"><\/p>\n<p><img decoding=\"async\" src=\"https:\/\/www.europesays.com\/fr\/wp-content\/uploads\/2025\/07\/immeubles80.jpg\" alt=\"null\" \/>Apr\u00e8s Lafor\u00eat et Century 21, L\u2019Adresse et Orpi ont r\u00e9cemment d\u00e9voil\u00e9 leurs chiffres du premier trimestre. Tous font \u00e9tat d\u2019une hausse d\u2019activit\u00e9 au cours de la p\u00e9riode, avec des nuances, notamment sur le march\u00e9 lyonnais.<\/p>\n<p><\/a><\/p>\n<p>\t<a href=\"http:\/\/www.lyonpoleimmo.com\/2025\/04\/02\/90270\/immobilier-les-volumes-ont-recule-de-79-dans-le-rhone-en-2024\/\" rel=\"bookmark noopener\" title=\"Lien Permanent vers Immobilier : les volumes d\u2019appartements ont recul\u00e9 de 7,9% dans le Rh\u00f4ne en 2024\" target=\"_blank\">Immobilier : les volumes d\u2019appartements ont recul\u00e9 de 7,9% dans le Rh\u00f4ne en 2024<\/a><\/p>\n<p>\t<a href=\"http:\/\/www.lyonpoleimmo.com\/2025\/04\/02\/90270\/immobilier-les-volumes-ont-recule-de-79-dans-le-rhone-en-2024\/\" rel=\"bookmark noopener\" title=\"Lien Permanent vers Immobilier : les volumes d\u2019appartements ont recul\u00e9 de 7,9% dans le Rh\u00f4ne en 2024\" target=\"_blank\"><\/p>\n<p><img decoding=\"async\" src=\"https:\/\/www.europesays.com\/fr\/wp-content\/uploads\/2025\/07\/notairesrhone.jpg\" alt=\"null\" \/>La Chambre interd\u00e9partementale des notaires de la Cour d\u2019appel de Lyon a pr\u00e9sent\u00e9 mardi les grands chiffres de l\u2019ann\u00e9e \u00e9coul\u00e9e en mati\u00e8re d\u2019immobilier dans le d\u00e9partement et la M\u00e9tropole.<\/p>\n<p><\/a><\/p>\n<p>\t<a href=\"http:\/\/www.lyonpoleimmo.com\/2025\/04\/01\/90254\/immobilier-malgre-une-reprise-des-transactions-les-prix-stagnent\/\" rel=\"bookmark noopener\" title=\"Lien Permanent vers Immobilier\u00a0: malgr\u00e9 une reprise des transactions, les prix stagnent\" target=\"_blank\">Immobilier\u00a0: malgr\u00e9 une reprise des transactions, les prix stagnent<\/a><\/p>\n<p>\t<a href=\"http:\/\/www.lyonpoleimmo.com\/2025\/04\/01\/90254\/immobilier-malgre-une-reprise-des-transactions-les-prix-stagnent\/\" rel=\"bookmark noopener\" title=\"Lien Permanent vers Immobilier\u00a0: malgr\u00e9 une reprise des transactions, les prix stagnent\" target=\"_blank\"><\/p>\n<p>Lafor\u00eat a fait part ce mardi de son bilan en mati\u00e8re d\u2019activit\u00e9 immobili\u00e8re au premier trimestre.<\/p>\n<p><\/a><\/p>\n<p>\t<a href=\"http:\/\/www.lyonpoleimmo.com\/2025\/03\/03\/89744\/nouvelle-baisse-des-prix-signes-en-fevrier-selon-lpi-iad\/\" rel=\"bookmark noopener\" title=\"Lien Permanent vers Nouvelle baisse des prix sign\u00e9s en f\u00e9vrier, selon LPI-iad\" target=\"_blank\">Nouvelle baisse des prix sign\u00e9s en f\u00e9vrier, selon LPI-iad<\/a><\/p>\n<p>\t<a href=\"http:\/\/www.lyonpoleimmo.com\/2025\/03\/03\/89744\/nouvelle-baisse-des-prix-signes-en-fevrier-selon-lpi-iad\/\" rel=\"bookmark noopener\" title=\"Lien Permanent vers Nouvelle baisse des prix sign\u00e9s en f\u00e9vrier, selon LPI-iad\" target=\"_blank\"><\/p>\n<p><img decoding=\"async\" src=\"https:\/\/www.europesays.com\/fr\/wp-content\/uploads\/2025\/07\/LPI-iad-fevrier2025.jpg\" \/><br \/>Le barom\u00e8tre a fait \u00e9tat d\u2019une nouvelle \u00e9rosion des prix au niveau national sur un an, et d\u2019une baisse plus franche \u00e0 Lyon sur cette m\u00eame temporalit\u00e9. Il pr\u00e9dit toutefois un retour de la hausse g\u00e9n\u00e9rale des prix de l\u2019ancien d\u2019ici le printemps.<\/p>\n<p><\/a><\/p>\n<p>\t<a href=\"http:\/\/www.lyonpoleimmo.com\/2025\/02\/09\/89343\/les-transactions-immobilieres-en-baisse-de-12-sur-un-an\/\" rel=\"bookmark noopener\" title=\"Lien Permanent vers Les transactions immobili\u00e8res en baisse de 12% sur un an\" target=\"_blank\">Les transactions immobili\u00e8res en baisse de 12% sur un an<\/a><\/p>\n<p>\t<a href=\"http:\/\/www.lyonpoleimmo.com\/2025\/02\/09\/89343\/les-transactions-immobilieres-en-baisse-de-12-sur-un-an\/\" rel=\"bookmark noopener\" title=\"Lien Permanent vers Les transactions immobili\u00e8res en baisse de 12% sur un an\" target=\"_blank\"><\/p>\n<p><img decoding=\"async\" src=\"https:\/\/www.europesays.com\/fr\/wp-content\/uploads\/2025\/07\/immeuble69.jpg\" alt=\"null\" \/>Les notaires ont fait part en fin de semaine derni\u00e8re de leur note de conjoncture immobili\u00e8re du troisi\u00e8me trimestre 2024. Les prix continuent de baisser, y compris en Auvergne-Rh\u00f4ne-Alpes.<\/p>\n<p><\/a><\/p>\n<p>\t<a href=\"http:\/\/www.lyonpoleimmo.com\/2025\/02\/03\/89257\/madrid-ville-la-plus-prisee-par-la-clientele-fortunee\/\" rel=\"bookmark noopener\" title=\"Lien Permanent vers Madrid, ville la plus pris\u00e9e par la client\u00e8le fortun\u00e9e\" target=\"_blank\">Madrid, ville la plus pris\u00e9e par la client\u00e8le fortun\u00e9e<\/a><\/p>\n<p>\t<a href=\"http:\/\/www.lyonpoleimmo.com\/2025\/02\/03\/89257\/madrid-ville-la-plus-prisee-par-la-clientele-fortunee\/\" rel=\"bookmark noopener\" title=\"Lien Permanent vers Madrid, ville la plus pris\u00e9e par la client\u00e8le fortun\u00e9e\" target=\"_blank\"><\/p>\n<p>C\u2019est le principal enseignement du Barnes City Index 2025, classement o\u00f9 Paris descend \u00e0 la 6e place. Lyon fait partie, elle, des destinations \u00e0 suivre.<\/p>\n<p><\/a><\/p>\n<p>\t<a href=\"http:\/\/www.lyonpoleimmo.com\/2025\/01\/17\/89005\/la-fnaim-confiante-pour-2025-apres-une-nouvelle-baisse-des-prix-a-lyon-en-2024\/\" rel=\"bookmark noopener\" title=\"Lien Permanent vers La FNAIM confiante pour 2025 apr\u00e8s une nouvelle baisse des prix \u00e0 Lyon en 2024\" target=\"_blank\">La FNAIM confiante pour 2025 apr\u00e8s une nouvelle baisse des prix \u00e0 Lyon en 2024<\/a><\/p>\n<p>\t<a href=\"http:\/\/www.lyonpoleimmo.com\/2025\/01\/17\/89005\/la-fnaim-confiante-pour-2025-apres-une-nouvelle-baisse-des-prix-a-lyon-en-2024\/\" rel=\"bookmark noopener\" title=\"Lien Permanent vers La FNAIM confiante pour 2025 apr\u00e8s une nouvelle baisse des prix \u00e0 Lyon en 2024\" target=\"_blank\"><\/p>\n<p>La Chambre du Rh\u00f4ne de la FNAIM a fait part de ses statistiques annuelles sur le march\u00e9 du logement ancien dans le Rh\u00f4ne et \u00e0 Lyon. Si les prix dans la ville restent toujours en-dessous de leur niveau d\u2019il y a 5 ans, la f\u00e9d\u00e9ration se veut confiante pour l\u2019ann\u00e9e \u00e0 venir, du fait d\u2019un pouvoir d\u2019achat immobilier en hausse.<\/p>\n<p><\/a><\/p>\n<p>\t<a href=\"http:\/\/www.lyonpoleimmo.com\/2025\/01\/15\/88971\/2024-annee-de-baisse-des-ventes-et-des-prix\/\" rel=\"bookmark noopener\" title=\"Lien Permanent vers 2024, ann\u00e9e de baisse des ventes et des prix\" target=\"_blank\">2024, ann\u00e9e de baisse des ventes et des prix<\/a><\/p>\n<p>\t<a href=\"http:\/\/www.lyonpoleimmo.com\/2025\/01\/15\/88971\/2024-annee-de-baisse-des-ventes-et-des-prix\/\" rel=\"bookmark noopener\" title=\"Lien Permanent vers 2024, ann\u00e9e de baisse des ventes et des prix\" target=\"_blank\"><\/p>\n<p>La FNAIM a fait part ce mercredi de ses chiffres de ventes et des prix des logements au titre de l\u2019ann\u00e9e \u00e9coul\u00e9e.<\/p>\n<p><\/a><\/p>\n<p>\t<a href=\"http:\/\/www.lyonpoleimmo.com\/2025\/01\/13\/88937\/lpi-iad-souligne-la-reprise-des-ventes-en-fin-dannee\/\" rel=\"bookmark noopener\" title=\"Lien Permanent vers LPI-iad souligne la reprise des ventes en fin d\u2019ann\u00e9e\" target=\"_blank\">LPI-iad souligne la reprise des ventes en fin d\u2019ann\u00e9e<\/a><\/p>\n<p>\t<a href=\"http:\/\/www.lyonpoleimmo.com\/2025\/01\/13\/88937\/lpi-iad-souligne-la-reprise-des-ventes-en-fin-dannee\/\" rel=\"bookmark noopener\" title=\"Lien Permanent vers LPI-iad souligne la reprise des ventes en fin d\u2019ann\u00e9e\" target=\"_blank\"><\/p>\n<p><img decoding=\"async\" src=\"https:\/\/www.europesays.com\/fr\/wp-content\/uploads\/2025\/07\/LPI-iad-janvier2025.jpg\" alt=\"null\" \/>Selon le barom\u00e8tre, le nombre de compromis sign\u00e9s en 2024 est quasiment identique \u00e0 celui de 2023.<\/p>\n<p><\/a><\/p>\n<p>\t<a href=\"http:\/\/www.lyonpoleimmo.com\/2025\/01\/07\/88863\/orpi-fait-etat-dune-hausse-de-12-du-volume-des-compromis-en-2024\/\" rel=\"bookmark noopener\" title=\"Lien Permanent vers Orpi fait \u00e9tat d\u2019une hausse de 12% du volume des compromis en 2024\" target=\"_blank\">Orpi fait \u00e9tat d\u2019une hausse de 12% du volume des compromis en 2024<\/a><\/p>\n<p>\t<a href=\"http:\/\/www.lyonpoleimmo.com\/2025\/01\/07\/88863\/orpi-fait-etat-dune-hausse-de-12-du-volume-des-compromis-en-2024\/\" rel=\"bookmark noopener\" title=\"Lien Permanent vers Orpi fait \u00e9tat d\u2019une hausse de 12% du volume des compromis en 2024\" target=\"_blank\"><\/p>\n<p><img decoding=\"async\" src=\"https:\/\/www.europesays.com\/fr\/wp-content\/uploads\/2025\/07\/Orpi-3.jpg\" \/>Les prix ont, eux, recul\u00e9 de 5% au niveau national l\u2019an dernier. Pour le r\u00e9seau, qui a d\u00e9voil\u00e9 ses perspectives pour 2025, la reprise du march\u00e9 ne sera durable \u00abque si les politiques publiques favorisent l\u2019acc\u00e8s \u00e0 la propri\u00e9t\u00e9\u00bb.<\/p>\n<p><\/a><\/p>\n<p>\t<a href=\"http:\/\/www.lyonpoleimmo.com\/2025\/01\/06\/88840\/les-prix-ont-legerement-augmente-a-lyon-en-decembre\/\" rel=\"bookmark noopener\" title=\"Lien Permanent vers Les prix ont l\u00e9g\u00e8rement augment\u00e9 \u00e0 Lyon en d\u00e9cembre\" target=\"_blank\">Les prix ont l\u00e9g\u00e8rement augment\u00e9 \u00e0 Lyon en d\u00e9cembre<\/a><\/p>\n<p>\t<a href=\"http:\/\/www.lyonpoleimmo.com\/2025\/01\/06\/88840\/les-prix-ont-legerement-augmente-a-lyon-en-decembre\/\" rel=\"bookmark noopener\" title=\"Lien Permanent vers Les prix ont l\u00e9g\u00e8rement augment\u00e9 \u00e0 Lyon en d\u00e9cembre\" target=\"_blank\"><\/p>\n<p>Le barom\u00e8tre Seloger \/ Meilleurs Agents fait \u00e9tat d\u2019une fin d\u2019ann\u00e9e plut\u00f4t positive, et reste optimiste pour 2025, \u00e0 la faveur d\u2019une am\u00e9lioration \u2028du pouvoir d\u2019achat immobilier des m\u00e9nages.<\/p>\n<p><\/a><\/p>\n","protected":false},"excerpt":{"rendered":"(Lafor\u00eat) Le r\u00e9seau d\u2019agences franchis\u00e9es a fait part de son bilan au titre du premier semestre. L\u2019activit\u00e9 repart,&hellip;\n","protected":false},"author":2,"featured_media":216933,"comment_status":"","ping_status":"","sticky":false,"template":"","format":"standard","meta":{"footnotes":""},"categories":[1889],"tags":[5265,1111,11,2430,1777,674,1011,27,2808,35636,2428,12,25],"class_list":{"0":"post-216932","1":"post","2":"type-post","3":"status-publish","4":"format-standard","5":"has-post-thumbnail","7":"category-lyon","8":"tag-abonnes","9":"tag-actu","10":"tag-actualites","11":"tag-auvergne-rhone-alpes","12":"tag-eu","13":"tag-europe","14":"tag-fr","15":"tag-france","16":"tag-grand-lyon","17":"tag-les-prix","18":"tag-lyon","19":"tag-news","20":"tag-republique-francaise"},"share_on_mastodon":{"url":"https:\/\/pubeurope.com\/@fr\/114775123451529910","error":""},"_links":{"self":[{"href":"https:\/\/www.europesays.com\/fr\/wp-json\/wp\/v2\/posts\/216932","targetHints":{"allow":["GET"]}}],"collection":[{"href":"https:\/\/www.europesays.com\/fr\/wp-json\/wp\/v2\/posts"}],"about":[{"href":"https:\/\/www.europesays.com\/fr\/wp-json\/wp\/v2\/types\/post"}],"author":[{"embeddable":true,"href":"https:\/\/www.europesays.com\/fr\/wp-json\/wp\/v2\/users\/2"}],"replies":[{"embeddable":true,"href":"https:\/\/www.europesays.com\/fr\/wp-json\/wp\/v2\/comments?post=216932"}],"version-history":[{"count":0,"href":"https:\/\/www.europesays.com\/fr\/wp-json\/wp\/v2\/posts\/216932\/revisions"}],"wp:featuredmedia":[{"embeddable":true,"href":"https:\/\/www.europesays.com\/fr\/wp-json\/wp\/v2\/media\/216933"}],"wp:attachment":[{"href":"https:\/\/www.europesays.com\/fr\/wp-json\/wp\/v2\/media?parent=216932"}],"wp:term":[{"taxonomy":"category","embeddable":true,"href":"https:\/\/www.europesays.com\/fr\/wp-json\/wp\/v2\/categories?post=216932"},{"taxonomy":"post_tag","embeddable":true,"href":"https:\/\/www.europesays.com\/fr\/wp-json\/wp\/v2\/tags?post=216932"}],"curies":[{"name":"wp","href":"https:\/\/api.w.org\/{rel}","templated":true}]}}