{"id":216934,"date":"2025-07-01T00:22:17","date_gmt":"2025-07-01T00:22:17","guid":{"rendered":"https:\/\/www.europesays.com\/fr\/216934\/"},"modified":"2025-07-01T00:22:17","modified_gmt":"2025-07-01T00:22:17","slug":"lyon-un-jeune-homme-tombe-sur-les-voies-du-metro-a-dans-un-etat-grave-ce-que-lon-sait","status":"publish","type":"post","link":"https:\/\/www.europesays.com\/fr\/216934\/","title":{"rendered":"Lyon. Un jeune homme tomb\u00e9 sur les voies du m\u00e9tro A dans un \u00e9tat grave : ce que l&rsquo;on sait"},"content":{"rendered":"<p>            Par<br \/>\n        <strong><br \/>\n            <a href=\"https:\/\/actu.fr\/auteur\/anthony-soudani\" title=\"Consulter tous les articles de Anthony Soudani\" target=\"_blank\" rel=\"noopener\">Anthony Soudani<\/a><br \/>\n        <\/strong><\/p>\n<p>        Publi\u00e9 le<\/p>\n<p>            30 juin 2025 \u00e0 18h42        <\/p>\n<p>Un <strong>jeune homme \u00e2g\u00e9 de 25 ans<\/strong> a \u00e9t\u00e9 retrouv\u00e9 inconscient par un agent <a href=\"https:\/\/actu.fr\/tag\/transports-en-commun-lyonnais-tcl\" target=\"_blank\" rel=\"noopener\">TCL<\/a> \u00e0 la station H\u00f4tel de Ville, en Presqu\u2019\u00eele de <a href=\"https:\/\/actu.fr\/lyon\/\" target=\"_blank\" rel=\"noopener\">Lyon<\/a>. Son corps gisait sur les voies de la ligne de m\u00e9tro A, dimanche 29 juin, aux alentours de 1h30 du matin.<\/p>\n<p class=\" wall-content\">L\u2019alerte a \u00e9t\u00e9 donn\u00e9e pour avertir la police qui se trouvait \u00e0 proximit\u00e9 et l\u2019\u00e9lectricit\u00e9 du r\u00e9seau a \u00e9t\u00e9 coup\u00e9e en urgence.<\/p>\n<p class=\" wall-content\">Les policiers puis une \u00e9quipe du service mobile d\u2019urgence et de r\u00e9animation sont intervenus pour porter secours \u00e0 la victime. Cette derni\u00e8re a rapidement \u00e9t\u00e9 transport\u00e9e jusqu\u2019\u00e0 l\u2019h\u00f4pital \u00c9douard-Herriot, son pronostic vital \u00e9tant engag\u00e9, d\u2019apr\u00e8s <a href=\"https:\/\/www.leprogres.fr\/faits-divers-justice\/2025\/06\/29\/tombe-sur-les-voies-du-metro-a-un-jeune-homme-dans-un-etat-grave?at_content=photo&amp;at_term=leprogres.lyon&amp;at_campaign=Facebook&amp;at_medium=Social&amp;at_source=nonli\" target=\"_blank\" rel=\"noopener\">Le Progr\u00e8s<\/a>.\u00a0<\/p>\n<p>La victime toujours dans un \u00e9tat grave, une enqu\u00eate ouverte<\/p>\n<p class=\" wall-content\">Selon les informations d\u2019actu Lyon, il se trouve toujours dans un \u00e9tat critique \u00e0 l\u2019h\u00f4pital ce lundi 30 juin.\u00a0La direction interd\u00e9partementale de la police nationale du Rh\u00f4ne nous indique qu\u2019une enqu\u00eate a \u00e9t\u00e9 ouverte.\u00a0<\/p>\n<p class=\" wall-content\">Les investigations doivent permettre de d\u00e9couvrir comment ce jeune homme de 25 ans s\u2019est retrouv\u00e9 sur les voies du m\u00e9tro.\u00a0<\/p>\n<p>Vid\u00e9os : en ce moment sur Actu<\/p>\n<p class=\" wall-content\">Suivez toute l\u2019actualit\u00e9 de vos villes et m\u00e9dias favoris en vous inscrivant \u00e0 <a href=\"https:\/\/moncompte.actu.fr\" title=\"D\u00e9couvez Mon Actu\" rel=\"nofollow noopener\" data-trk=\"{&quot;cta&quot;:{&quot;action&quot;:&quot;https:\\\/\\\/moncompte.actu.fr&quot;,&quot;category&quot;:&quot;mon compte&quot;,&quot;from&quot;:&quot;article footer&quot;,&quot;name&quot;:&quot;Mon actu&quot;,&quot;type&quot;:&quot;cta&quot;}}\" target=\"_blank\">Mon Actu<\/a>.<\/p>\n","protected":false},"excerpt":{"rendered":"Par Anthony Soudani Publi\u00e9 le 30 juin 2025 \u00e0 18h42 Un jeune homme \u00e2g\u00e9 de 25 ans a&hellip;\n","protected":false},"author":2,"featured_media":216935,"comment_status":"","ping_status":"","sticky":false,"template":"","format":"standard","meta":{"footnotes":""},"categories":[1889],"tags":[1111,11,2430,1777,674,118,1011,27,2428,4047,12,1072,25,5787],"class_list":{"0":"post-216934","1":"post","2":"type-post","3":"status-publish","4":"format-standard","5":"has-post-thumbnail","7":"category-lyon","8":"tag-actu","9":"tag-actualites","10":"tag-auvergne-rhone-alpes","11":"tag-eu","12":"tag-europe","13":"tag-faits-divers","14":"tag-fr","15":"tag-france","16":"tag-lyon","17":"tag-metro","18":"tag-news","19":"tag-police","20":"tag-republique-francaise","21":"tag-transports-en-commun-lyonnais-tcl"},"share_on_mastodon":{"url":"","error":""},"_links":{"self":[{"href":"https:\/\/www.europesays.com\/fr\/wp-json\/wp\/v2\/posts\/216934","targetHints":{"allow":["GET"]}}],"collection":[{"href":"https:\/\/www.europesays.com\/fr\/wp-json\/wp\/v2\/posts"}],"about":[{"href":"https:\/\/www.europesays.com\/fr\/wp-json\/wp\/v2\/types\/post"}],"author":[{"embeddable":true,"href":"https:\/\/www.europesays.com\/fr\/wp-json\/wp\/v2\/users\/2"}],"replies":[{"embeddable":true,"href":"https:\/\/www.europesays.com\/fr\/wp-json\/wp\/v2\/comments?post=216934"}],"version-history":[{"count":0,"href":"https:\/\/www.europesays.com\/fr\/wp-json\/wp\/v2\/posts\/216934\/revisions"}],"wp:featuredmedia":[{"embeddable":true,"href":"https:\/\/www.europesays.com\/fr\/wp-json\/wp\/v2\/media\/216935"}],"wp:attachment":[{"href":"https:\/\/www.europesays.com\/fr\/wp-json\/wp\/v2\/media?parent=216934"}],"wp:term":[{"taxonomy":"category","embeddable":true,"href":"https:\/\/www.europesays.com\/fr\/wp-json\/wp\/v2\/categories?post=216934"},{"taxonomy":"post_tag","embeddable":true,"href":"https:\/\/www.europesays.com\/fr\/wp-json\/wp\/v2\/tags?post=216934"}],"curies":[{"name":"wp","href":"https:\/\/api.w.org\/{rel}","templated":true}]}}