{"id":216936,"date":"2025-07-01T00:24:14","date_gmt":"2025-07-01T00:24:14","guid":{"rendered":"https:\/\/www.europesays.com\/fr\/216936\/"},"modified":"2025-07-01T00:24:14","modified_gmt":"2025-07-01T00:24:14","slug":"paris-passe-en-vigilance-rouge-canicule-extreme-ce-mardi-le-pic-sera-tres-fort-selon-meteo-france","status":"publish","type":"post","link":"https:\/\/www.europesays.com\/fr\/216936\/","title":{"rendered":"Paris passe en vigilance rouge \u00ab canicule extr\u00eame \u00bb ce mardi : le pic \u00ab sera tr\u00e8s fort \u00bb, selon M\u00e9t\u00e9o France"},"content":{"rendered":"<p class=\"paragraph text_align_left lp-f-body-02\">Ce mardi, l\u2019<a href=\"https:\/\/www.leparisien.fr\/meteo\/direct-canicule-en-france-du-jamais-vu-avec-84-departements-en-vigilance-orange-30-06-2025-JQCCMLWWUBHRPPFOXI6H3JPUXQ.php\" target=\"_self\" rel=\"nofollow noopener\">\u00e9pisode caniculaire qui traverse le pays<\/a> atteindra son paroxysme. Toute l\u2019\u00cele-de-France, dont Paris, vient de passer en vigilance rouge canicule extr\u00eame pour cette journ\u00e9e qui s\u2019annonce \u00e9prouvante. La d\u00e9cision prise conjointement par M\u00e9t\u00e9o France et le minist\u00e8re de la Sant\u00e9 est tomb\u00e9e ce lundi en milieu d\u2019apr\u00e8s-midi. Ce niveau d\u2019alerte avait \u00e9t\u00e9 d\u00e9clench\u00e9 pour la derni\u00e8re fois <a href=\"https:\/\/www.leparisien.fr\/societe\/canicule-la-vague-de-chaleur-s-abat-sur-la-france-jusqu-a-42-degres-attendus-07-08-2020-8364876.php\" target=\"_self\" rel=\"nofollow noopener\">en Ile-de-France en ao\u00fbt 2020<\/a>.<\/p>\n<p class=\"paragraph text_align_left lp-f-body-02\">\u00ab Le pic caniculaire sur le Bassin parisien sera tr\u00e8s fort mardi et la nuit de mardi \u00e0 mercredi \u00bb avec une chaleur \u00ab particuli\u00e8rement \u00e9prouvante \u00bb annoncent les services de pr\u00e9vision de M\u00e9t\u00e9o France.<\/p>\n<p class=\"paragraph text_align_left lp-f-body-02\">Mardi sera ainsi la journ\u00e9e la plus chaude de cet \u00e9pisode avec des minimales tr\u00e8s \u00e9lev\u00e9es, comprises entre 20 et 24 degr\u00e9s voire un peu plus tr\u00e8s localement, et des maximales atteignant 36 \u00e0 40 degr\u00e9s avec des pointes \u00e0 41 degr\u00e9s dans les d\u00e9partements en vigilance rouge.<\/p>\n<p>1400 \u00eelots de fra\u00eecheur<\/p>\n<p class=\"paragraph text_align_left lp-f-body-02\">Le niveau rouge correspond \u00e0 une canicule extr\u00eame par sa dur\u00e9e, ses temp\u00e9ratures et donc, ses effets sur la sant\u00e9. D\u00e9cid\u00e9 \u00e0 l\u2019\u00e9chelle nationale et coordonn\u00e9 par les pr\u00e9fets, ce plan de niveau 4 entra\u00eene notamment le renforcement des protocoles de s\u00e9curit\u00e9 pour les Ehpad, et des \u00e9v\u00e9nements publics peuvent \u00eatre annul\u00e9s. L\u2019offre de lieux frais accessibles est \u00e9galement \u00e9largie.<\/p>\n<p class=\"paragraph text_align_left lp-f-body-02\">La ville de Paris recense sur son site Internet 1 400 \u00eelots de fra\u00eecheurs tandis que 140 parcs et espaces verts sont ouverts au public 24 heures sur 24.<\/p>\n<p class=\"paragraph text_align_left lp-f-body-02\">Une baisse sensible s\u2019amorcera mercredi matin sur les r\u00e9gions proches de la Manche et la fa\u00e7ade atlantique, pr\u00e9mices d\u2019un probable rafra\u00eechissement mercredi soir sur le Bassin parisien.<\/p>\n","protected":false},"excerpt":{"rendered":"Ce mardi, l\u2019\u00e9pisode caniculaire qui traverse le pays atteindra son paroxysme. Toute l\u2019\u00cele-de-France, dont Paris, vient de passer&hellip;\n","protected":false},"author":2,"featured_media":182394,"comment_status":"","ping_status":"","sticky":false,"template":"","format":"standard","meta":{"footnotes":""},"categories":[1592],"tags":[1111,11,1777,674,1011,27,662,1944,2487,12,626,25],"class_list":{"0":"post-216936","1":"post","2":"type-post","3":"status-publish","4":"format-standard","5":"has-post-thumbnail","7":"category-ile-de-france","8":"tag-actu","9":"tag-actualites","10":"tag-eu","11":"tag-europe","12":"tag-fr","13":"tag-france","14":"tag-ile-de-france","15":"tag-ma-ville","16":"tag-meteo","17":"tag-news","18":"tag-paris","19":"tag-republique-francaise"},"share_on_mastodon":{"url":"https:\/\/pubeurope.com\/@fr\/114775134327172282","error":""},"_links":{"self":[{"href":"https:\/\/www.europesays.com\/fr\/wp-json\/wp\/v2\/posts\/216936","targetHints":{"allow":["GET"]}}],"collection":[{"href":"https:\/\/www.europesays.com\/fr\/wp-json\/wp\/v2\/posts"}],"about":[{"href":"https:\/\/www.europesays.com\/fr\/wp-json\/wp\/v2\/types\/post"}],"author":[{"embeddable":true,"href":"https:\/\/www.europesays.com\/fr\/wp-json\/wp\/v2\/users\/2"}],"replies":[{"embeddable":true,"href":"https:\/\/www.europesays.com\/fr\/wp-json\/wp\/v2\/comments?post=216936"}],"version-history":[{"count":0,"href":"https:\/\/www.europesays.com\/fr\/wp-json\/wp\/v2\/posts\/216936\/revisions"}],"wp:featuredmedia":[{"embeddable":true,"href":"https:\/\/www.europesays.com\/fr\/wp-json\/wp\/v2\/media\/182394"}],"wp:attachment":[{"href":"https:\/\/www.europesays.com\/fr\/wp-json\/wp\/v2\/media?parent=216936"}],"wp:term":[{"taxonomy":"category","embeddable":true,"href":"https:\/\/www.europesays.com\/fr\/wp-json\/wp\/v2\/categories?post=216936"},{"taxonomy":"post_tag","embeddable":true,"href":"https:\/\/www.europesays.com\/fr\/wp-json\/wp\/v2\/tags?post=216936"}],"curies":[{"name":"wp","href":"https:\/\/api.w.org\/{rel}","templated":true}]}}