{"id":216939,"date":"2025-07-01T00:26:10","date_gmt":"2025-07-01T00:26:10","guid":{"rendered":"https:\/\/www.europesays.com\/fr\/216939\/"},"modified":"2025-07-01T00:26:10","modified_gmt":"2025-07-01T00:26:10","slug":"malgre-lopposition-danne-hidalgo-le-ps-choisit-emmanuel-gregoire-qui-veut-rassembler-la-gauche","status":"publish","type":"post","link":"https:\/\/www.europesays.com\/fr\/216939\/","title":{"rendered":"Malgr\u00e9 l\u2019opposition d\u2019Anne Hidalgo, le PS choisit Emmanuel Gr\u00e9goire qui veut rassembler la gauche"},"content":{"rendered":"<p><strong>l\u2019\u00e9lu &#8211; Investi par le PS pour les municipales de\u00a02026 \u00e0 Paris, Emmanuel Gr\u00e9goire promet une campagne apais\u00e9e, malgr\u00e9 une rupture douloureuse avec Anne Hidalgo qui lui pr\u00e9f\u00e8re R\u00e9mi F\u00e9raud.<\/strong><\/p>\n<p>Il promet de r\u00e9concilier les Parisiens, mais aussi <a href=\"https:\/\/www.20minutes.fr\/paris\/4160433-20250626-municipales-2026-socialistes-recherche-nouveau-souffle-affichent-unis-avant-primaire?at_medium=RSS%20feed&amp;at_campaign=ynews&amp;utm_source=yahoo&amp;utm_medium=rss&amp;utm_campaign=news_feed&amp;utm_content=in_article_link\" rel=\"nofollow noopener\" target=\"_blank\" data-ylk=\"slk:sa propre famille politique;elm:context_link;itc:0;sec:content-canvas\" class=\"link \">sa propre famille politique<\/a>. Emmanuel Gr\u00e9goire, 47 ans, a \u00e9t\u00e9 officiellement investi ce lundi par le <a href=\"https:\/\/www.20minutes.fr\/politique\/ps\/?at_medium=RSS%20feed&amp;at_campaign=ynews&amp;utm_source=yahoo&amp;utm_medium=rss&amp;utm_campaign=news_feed&amp;utm_content=in_article_link\" rel=\"nofollow noopener\" target=\"_blank\" data-ylk=\"slk:Parti socialiste;elm:context_link;itc:0;sec:content-canvas\" class=\"link \">Parti socialiste<\/a> avec 52,7\u00a0% des voix. Une victoire qui conclut le processus de primaire interne tendue face \u00e0 Marion Waller et R\u00e9mi F\u00e9raud, candidat d\u00e9sign\u00e9 par <a href=\"https:\/\/www.20minutes.fr\/dossier\/anne_hidalgo?at_medium=RSS%20feed&amp;at_campaign=ynews&amp;utm_source=yahoo&amp;utm_medium=rss&amp;utm_campaign=news_feed&amp;utm_content=in_article_link\" rel=\"nofollow noopener\" target=\"_blank\" data-ylk=\"slk:Anne Hidalgo;elm:context_link;itc:0;sec:content-canvas\" class=\"link \">Anne Hidalgo<\/a>. L\u2019ancien premier adjoint de la maire entend d\u00e9sormais rassembler, et balayer les rancunes.<\/p>\n<p>\u00ab\u00a0Ce ne sera pas la campagne des rancunes\u00a0\u00bb, a-t-il affirm\u00e9 devant les militants, promettant une campagne \u00ab\u00a0populaire, militante et joyeuse\u00a0\u00bb autour de son projet \u00ab\u00a0Paris en grand\u00a0\u00bb, ax\u00e9 sur une gouvernance plus participative et apais\u00e9e.<\/p>\n<p>Une relation bris\u00e9e avec Anne Hidalgo<\/p>\n<p>Ancien chef de cabinet de <a href=\"https:\/\/www.20minutes.fr\/dossier\/bertrand_delanoe?at_medium=RSS%20feed&amp;at_campaign=ynews&amp;utm_source=yahoo&amp;utm_medium=rss&amp;utm_campaign=news_feed&amp;utm_content=in_article_link\" rel=\"nofollow noopener\" target=\"_blank\" data-ylk=\"slk:Bertrand Delano\u00eb;elm:context_link;itc:0;sec:content-canvas\" class=\"link \">Bertrand Delano\u00eb<\/a>, ex-adjoint au budget, Emmanuel Gr\u00e9goire avait \u00e9t\u00e9 choisi par Anne Hidalgo en\u00a02018 pour devenir son bras droit. Mais depuis la pr\u00e9sidentielle de\u00a02022, les relations se sont fortement d\u00e9grad\u00e9es. La maire de Paris lui a reproch\u00e9 son manque de soutien pendant la campagne \u00e9lectorale, parlant m\u00eame de \u00ab\u00a0trahison\u00a0\u00bb.<\/p>\n<p>\u00ab\u00a0Avec Anne on formait un beau duo. Elle \u00e9tait tout aussi courageuse et \u00e9nergique que j\u2019\u00e9tais m\u00e9thodique\u00a0\u00bb, raconte-t-il. Malgr\u00e9 les tensions, Emmanuel Gr\u00e9goire continue de louer leur collaboration pass\u00e9e\u00a0: \u00ab\u00a0Je suis fier d\u2019avoir transform\u00e9 Paris avec toi\u00a0!\u00a0\u00bb, lui a-t-il lanc\u00e9 lors du dernier d\u00e9bat de la primaire. La maire ne lui a pas rendu la pareille, allant jusqu\u2019\u00e0 \u00e9voquer les attentats du 13-Novembre pour valoriser son alliance avec R\u00e9mi F\u00e9(&#8230;)<\/p>\n<p><a href=\"https:\/\/www.20minutes.fr\/politique\/4161239-20250701-municipales-paris-malgre-opposition-anne-hidalgo-ps-choisit-emmanuel-gregoire-veut-rassembler-gauche?at_medium=RSS%20feed&amp;at_campaign=ynews&amp;utm_source=yahoo&amp;utm_medium=rss&amp;utm_campaign=news_feed&amp;utm_content=read_more_link&quot;\" rel=\"nofollow noopener\" target=\"_blank\" data-ylk=\"slk:Lire la suite sur 20minutes;elm:context_link;itc:0;sec:content-canvas\" class=\"link \">Lire la suite sur 20minutes<\/a><\/p>\n<p>\u00c0 lire aussi :<br \/><a href=\"https:\/\/www.20minutes.fr\/paris\/4124382-20241201-municipales-2026-paris-olivier-faure-donne-benediction-emmanuel-gregoire-froid-anne-hidalgo?at_medium=RSS%20feed&amp;at_campaign=ynews&amp;utm_source=yahoo&amp;utm_medium=rss&amp;utm_campaign=news_feed&amp;utm_content=related_content_link\" rel=\"nofollow noopener\" target=\"_blank\" data-ylk=\"slk:Municipales\u00a02026 \u00e0 Paris\u00a0: Olivier Faure donne sa b\u00e9n\u00e9diction \u00e0 Emmanuel Gr\u00e9goire, en froid avec Anne Hidalgo;elm:context_link;itc:0;sec:content-canvas\" class=\"link \">Municipales\u00a02026 \u00e0 Paris\u00a0: Olivier Faure donne sa b\u00e9n\u00e9diction \u00e0 Emmanuel Gr\u00e9goire, en froid avec Anne Hidalgo<\/a><br \/><a href=\"https:\/\/www.20minutes.fr\/politique\/david-belliard\/4159993-20250623-municipales-2026-rachida-dati-tete-dernieres-intentions-vote-paris?at_medium=RSS%20feed&amp;at_campaign=ynews&amp;utm_source=yahoo&amp;utm_medium=rss&amp;utm_campaign=news_feed&amp;utm_content=related_content_link\" rel=\"nofollow noopener\" target=\"_blank\" data-ylk=\"slk:Municipales\u00a02026\u00a0: Rachida Dati en t\u00eate des derni\u00e8res intentions de vote \u00e0 Paris;elm:context_link;itc:0;sec:content-canvas\" class=\"link \">Municipales\u00a02026\u00a0: Rachida Dati en t\u00eate des derni\u00e8res intentions de vote \u00e0 Paris<\/a><\/p>\n","protected":false},"excerpt":{"rendered":"l\u2019\u00e9lu &#8211; Investi par le PS pour les municipales de\u00a02026 \u00e0 Paris, Emmanuel Gr\u00e9goire promet une campagne apais\u00e9e,&hellip;\n","protected":false},"author":2,"featured_media":216940,"comment_status":"","ping_status":"","sticky":false,"template":"","format":"standard","meta":{"footnotes":""},"categories":[1888],"tags":[1111,1928,11,1927,2618,8186,1777,674,1011,27,21595,12258,35637,12,1926,626,1925,31667,25],"class_list":{"0":"post-216939","1":"post","2":"type-post","3":"status-publish","4":"format-standard","5":"has-post-thumbnail","7":"category-paris","8":"tag-actu","9":"tag-actu-paris","10":"tag-actualites","11":"tag-actualites-paris","12":"tag-anne-hidalgo","13":"tag-emmanuel-gregoire","14":"tag-eu","15":"tag-europe","16":"tag-fr","17":"tag-france","18":"tag-la-campagne","19":"tag-maire-de-paris","20":"tag-marion-waller","21":"tag-news","22":"tag-news-paris","23":"tag-paris","24":"tag-paris-news","25":"tag-remi-feraud","26":"tag-republique-francaise"},"share_on_mastodon":{"url":"https:\/\/pubeurope.com\/@fr\/114775142131807502","error":""},"_links":{"self":[{"href":"https:\/\/www.europesays.com\/fr\/wp-json\/wp\/v2\/posts\/216939","targetHints":{"allow":["GET"]}}],"collection":[{"href":"https:\/\/www.europesays.com\/fr\/wp-json\/wp\/v2\/posts"}],"about":[{"href":"https:\/\/www.europesays.com\/fr\/wp-json\/wp\/v2\/types\/post"}],"author":[{"embeddable":true,"href":"https:\/\/www.europesays.com\/fr\/wp-json\/wp\/v2\/users\/2"}],"replies":[{"embeddable":true,"href":"https:\/\/www.europesays.com\/fr\/wp-json\/wp\/v2\/comments?post=216939"}],"version-history":[{"count":0,"href":"https:\/\/www.europesays.com\/fr\/wp-json\/wp\/v2\/posts\/216939\/revisions"}],"wp:featuredmedia":[{"embeddable":true,"href":"https:\/\/www.europesays.com\/fr\/wp-json\/wp\/v2\/media\/216940"}],"wp:attachment":[{"href":"https:\/\/www.europesays.com\/fr\/wp-json\/wp\/v2\/media?parent=216939"}],"wp:term":[{"taxonomy":"category","embeddable":true,"href":"https:\/\/www.europesays.com\/fr\/wp-json\/wp\/v2\/categories?post=216939"},{"taxonomy":"post_tag","embeddable":true,"href":"https:\/\/www.europesays.com\/fr\/wp-json\/wp\/v2\/tags?post=216939"}],"curies":[{"name":"wp","href":"https:\/\/api.w.org\/{rel}","templated":true}]}}