{"id":216948,"date":"2025-07-01T00:30:10","date_gmt":"2025-07-01T00:30:10","guid":{"rendered":"https:\/\/www.europesays.com\/fr\/216948\/"},"modified":"2025-07-01T00:30:10","modified_gmt":"2025-07-01T00:30:10","slug":"des-adolescents-ukrainiens-recrutes-par-les-services-de-securite-russes","status":"publish","type":"post","link":"https:\/\/www.europesays.com\/fr\/216948\/","title":{"rendered":"Des adolescents ukrainiens recrut\u00e9s par les services de s\u00e9curit\u00e9 russes"},"content":{"rendered":"\n<p>Dans un bus de Dnipro, il passait inaper\u00e7u\u00a0: \u201cC\u2019\u00e9tait juste un adolescent comme les autres, au fond du bus, scotch\u00e9 \u00e0 son t\u00e9l\u00e9phone.\u201d Pourtant, selon les services de s\u00e9curit\u00e9 ukrainiens (SBU), ce gar\u00e7on de 16\u00a0ans transportait dans sa poche des photos et des coordonn\u00e9es de cibles militaires \u00e0 destination du renseignement russe. Arr\u00eat\u00e9 sur-le-champ, il est d\u00e9sormais accus\u00e9 de haute trahison \u2013 un crime passible de la prison \u00e0 vie, <a class=\"ithalc\" data-ithal=\"lien_externe\" data-ithalc=\"[nav_article]\" target=\"_blank\" href=\"https:\/\/www.ft.com\/content\/5cb5ebf9-bfb3-4a50-bc2f-79540baf8f87?emailId=c46120af-087f-444a-aac4-f28d8c783584&amp;segmentId=22011ee7-896a-8c4c-22a0-7603348b7f22\" rel=\"noopener\">rapporte le <strong>Financial Times<\/strong><\/a><strong>.<\/strong><\/p>\n<p>Comme lui, des centaines de jeunes Ukrainiens auraient \u00e9t\u00e9 enr\u00f4l\u00e9es par les services de la s\u00e9curit\u00e9 int\u00e9rieure russes via des applications de messagerie comme Telegram, WhatsApp, Viber ou Discord. Recrut\u00e9s par des agents anonymes leur promettant de l\u2019argent facile \u2013 de 100 \u00e0 1\u00a0000\u00a0dollars (soit de 85 \u00e0 850\u00a0euros) \u2013, ces adolescents sont incit\u00e9s \u00e0 photographier des objets militaires, \u00e0 poser des engins explosifs ou encore \u00e0 incendier des infrastructures \u00e9nerg\u00e9tiques ou des bureaux de recrutement.<\/p>\n<p>Selon le SBU, depuis le printemps dernier, plus de 700\u00a0personnes ont \u00e9t\u00e9 arr\u00eat\u00e9es pour des actes d\u2019espionnage, de sabotage ou de projets d\u2019attentats t\u00e9l\u00e9guid\u00e9s par Moscou. \u201cParmi eux, environ 175\u00a0ont moins de 18\u00a0ans\u201d, pr\u00e9cise au Financial Times Artem Dekhtiarenko, porte-parole du SBU, p<\/p>\n","protected":false},"excerpt":{"rendered":"Dans un bus de Dnipro, il passait inaper\u00e7u\u00a0: \u201cC\u2019\u00e9tait juste un adolescent comme les autres, au fond du&hellip;\n","protected":false},"author":2,"featured_media":216949,"comment_status":"","ping_status":"","sticky":false,"template":"","format":"standard","meta":{"footnotes":""},"categories":[1590],"tags":[11,1777,674,1892,131,12,132,1857,220],"class_list":{"0":"post-216948","1":"post","2":"type-post","3":"status-publish","4":"format-standard","5":"has-post-thumbnail","7":"category-ukraine","8":"tag-actualites","9":"tag-eu","10":"tag-europe","11":"tag-gu00e9opolitique","12":"tag-guerre-en-ukraine","13":"tag-news","14":"tag-russie","15":"tag-sociu00e9tu00e9","16":"tag-ukraine"},"share_on_mastodon":{"url":"https:\/\/pubeurope.com\/@fr\/114775157880973411","error":""},"_links":{"self":[{"href":"https:\/\/www.europesays.com\/fr\/wp-json\/wp\/v2\/posts\/216948","targetHints":{"allow":["GET"]}}],"collection":[{"href":"https:\/\/www.europesays.com\/fr\/wp-json\/wp\/v2\/posts"}],"about":[{"href":"https:\/\/www.europesays.com\/fr\/wp-json\/wp\/v2\/types\/post"}],"author":[{"embeddable":true,"href":"https:\/\/www.europesays.com\/fr\/wp-json\/wp\/v2\/users\/2"}],"replies":[{"embeddable":true,"href":"https:\/\/www.europesays.com\/fr\/wp-json\/wp\/v2\/comments?post=216948"}],"version-history":[{"count":0,"href":"https:\/\/www.europesays.com\/fr\/wp-json\/wp\/v2\/posts\/216948\/revisions"}],"wp:featuredmedia":[{"embeddable":true,"href":"https:\/\/www.europesays.com\/fr\/wp-json\/wp\/v2\/media\/216949"}],"wp:attachment":[{"href":"https:\/\/www.europesays.com\/fr\/wp-json\/wp\/v2\/media?parent=216948"}],"wp:term":[{"taxonomy":"category","embeddable":true,"href":"https:\/\/www.europesays.com\/fr\/wp-json\/wp\/v2\/categories?post=216948"},{"taxonomy":"post_tag","embeddable":true,"href":"https:\/\/www.europesays.com\/fr\/wp-json\/wp\/v2\/tags?post=216948"}],"curies":[{"name":"wp","href":"https:\/\/api.w.org\/{rel}","templated":true}]}}