{"id":21695,"date":"2025-04-13T07:59:14","date_gmt":"2025-04-13T07:59:14","guid":{"rendered":"https:\/\/www.europesays.com\/fr\/21695\/"},"modified":"2025-04-13T07:59:14","modified_gmt":"2025-04-13T07:59:14","slug":"quelles-sont-les-religions-dominantes-en-allemagne-et-dans-le-monde","status":"publish","type":"post","link":"https:\/\/www.europesays.com\/fr\/21695\/","title":{"rendered":"Quelles sont les religions dominantes en Allemagne et dans le monde ?"},"content":{"rendered":"\n<p>Cette infographie a \u00e9t\u00e9 publi\u00e9e dans <strong>Die Zeit,<\/strong> le 24\u00a0d\u00e9cembre, \u00e0 la veille de No\u00ebl, l\u2019importante f\u00eate chr\u00e9tienne qui c\u00e9l\u00e8bre la naissance de J\u00e9sus-Christ. Le christianisme est majoritaire en Allemagne\u00a0: 50\u00a0% de la population allemande dit y appartenir, et 47\u00a0% de cette portion se consid\u00e8rent m\u00eame comme \u00e9tant assez, voire tr\u00e8s, croyants. Pour autant, 15\u00a0% seulement des chr\u00e9tiens d\u2019Allemagne affirment assister \u00e0 au moins un office religieux par mois.<\/p>\n<p>Cette repr\u00e9sentation permet \u00e9galement de voir que la deuxi\u00e8me religion en Allemagne est l\u2019islam (8,5\u00a0% de la population). N\u00e9anmoins, plus d\u2019un tiers des Allemands disent n\u2019appartenir aucune religion, ce qui fait que l\u2019absence de religion y arrive en deuxi\u00e8me position, juste derri\u00e8re le christianisme. Ce chiffre est bien plus \u00e9lev\u00e9 qu\u2019\u00e0 l\u2019\u00e9chelle mondiale, pour laquelle 16\u00a0% seulement de la population se dit sans religion.<\/p>\n<p>\u00c0 l\u2019\u00e9chelle de la plan\u00e8te, ce sont les religions chr\u00e9tienne et musulmane qui dominent, suivies des \u201csans religion\u201d, puis des hindous et des bouddhistes. Si l\u2019on exclut les areligieux, l\u2019ordre est identique \u00e0 celui qu\u2019on observe en Allemagne, mais les proportions diff\u00e8rent.<\/p>\n<p>En France, en revanche, c\u2019est la part des \u201csans religion\u201d qui est la plus importante. <a class=\"ithalc\" data-ithal=\"lien_externe\" data-ithalc=\"[nav_article]\" target=\"_blank\" href=\"https:\/\/www.insee.fr\/fr\/statistiques\/6793308?sommaire=6793391\" rel=\"noopener\">Selon les derni\u00e8res donn\u00e9es disponibles de l\u2019Insee, <\/a>en 2019-2020, 51\u00a0% des 18-59\u00a0ans disaient appartenir \u00e0 cette cat\u00e9gorie. La premi\u00e8re religion y est aussi le christianisme, avec une majorit\u00e9 de catholiques (29\u00a0%) et d\u2019autres branches du christianisme (9\u00a0%). L\u2019islam arrive en deuxi\u00e8me position\u00a0: 10\u00a0% des 18-59\u00a0ans affirment y appartenir sur la p\u00e9riode 2019-2020.<\/p>\n","protected":false},"excerpt":{"rendered":"Cette infographie a \u00e9t\u00e9 publi\u00e9e dans Die Zeit, le 24\u00a0d\u00e9cembre, \u00e0 la veille de No\u00ebl, l\u2019importante f\u00eate chr\u00e9tienne&hellip;\n","protected":false},"author":2,"featured_media":21696,"comment_status":"","ping_status":"","sticky":false,"template":"","format":"standard","meta":{"footnotes":""},"categories":[1587],"tags":[11,672,8102,1804,4296,1805,1803,1777,674,1801,8101,230,5318,8103,12,4020,1802,1857],"class_list":{"0":"post-21695","1":"post","2":"type-post","3":"status-publish","4":"format-standard","5":"has-post-thumbnail","7":"category-allemagne","8":"tag-actualites","9":"tag-allemagne","10":"tag-bouddhisme","11":"tag-bundesrepublik-deutschland","12":"tag-christianisme","13":"tag-de","14":"tag-deutschland","15":"tag-eu","16":"tag-europe","17":"tag-germany","18":"tag-hindouisme","19":"tag-infographie","20":"tag-islam","21":"tag-judau00efsme","22":"tag-news","23":"tag-religion","24":"tag-republique-federale-dallemagne","25":"tag-sociu00e9tu00e9"},"share_on_mastodon":{"url":"https:\/\/pubeurope.com\/@fr\/114329600851862757","error":""},"_links":{"self":[{"href":"https:\/\/www.europesays.com\/fr\/wp-json\/wp\/v2\/posts\/21695","targetHints":{"allow":["GET"]}}],"collection":[{"href":"https:\/\/www.europesays.com\/fr\/wp-json\/wp\/v2\/posts"}],"about":[{"href":"https:\/\/www.europesays.com\/fr\/wp-json\/wp\/v2\/types\/post"}],"author":[{"embeddable":true,"href":"https:\/\/www.europesays.com\/fr\/wp-json\/wp\/v2\/users\/2"}],"replies":[{"embeddable":true,"href":"https:\/\/www.europesays.com\/fr\/wp-json\/wp\/v2\/comments?post=21695"}],"version-history":[{"count":0,"href":"https:\/\/www.europesays.com\/fr\/wp-json\/wp\/v2\/posts\/21695\/revisions"}],"wp:featuredmedia":[{"embeddable":true,"href":"https:\/\/www.europesays.com\/fr\/wp-json\/wp\/v2\/media\/21696"}],"wp:attachment":[{"href":"https:\/\/www.europesays.com\/fr\/wp-json\/wp\/v2\/media?parent=21695"}],"wp:term":[{"taxonomy":"category","embeddable":true,"href":"https:\/\/www.europesays.com\/fr\/wp-json\/wp\/v2\/categories?post=21695"},{"taxonomy":"post_tag","embeddable":true,"href":"https:\/\/www.europesays.com\/fr\/wp-json\/wp\/v2\/tags?post=21695"}],"curies":[{"name":"wp","href":"https:\/\/api.w.org\/{rel}","templated":true}]}}