{"id":216954,"date":"2025-07-01T00:33:07","date_gmt":"2025-07-01T00:33:07","guid":{"rendered":"https:\/\/www.europesays.com\/fr\/216954\/"},"modified":"2025-07-01T00:33:07","modified_gmt":"2025-07-01T00:33:07","slug":"carte-guerre-en-ukraine-soutien-de-lallemagne-nouvel-accord-avec-lue-le-point-du-jour-ouest-france","status":"publish","type":"post","link":"https:\/\/www.europesays.com\/fr\/216954\/","title":{"rendered":"CARTE. Guerre en Ukraine : soutien de l&#039;Allemagne, nouvel accord avec l&#039;UE\u2026 Le point du jour &#8211; Ouest-France"},"content":{"rendered":"<ol>\n<li><a href=\"https:\/\/news.google.com\/rss\/articles\/CBMi-AFBVV95cUxQMzk4TVBjR1RCc1E5NEFKRHJ1TlZSQmdubm1nR201bDd3MUhodDc1X1RXZ2xsVmZLM1hWNWtUU2dVM3FraGhVY1ZEQm52c3diVEQyY3FnUnFDOURQTC1xQTBiV3ZWQ3ZvMld3d0hDLVBmcG1PLUhPWVlBaUVaZlg4Q1dRa1J4UDc2Y0dQM3hRUWtiMnVXUlNFNU9oWjk5aTdoQl8zdjNDUjBrQTFPdDhFNlJ0aGx0SjV4bTR5bzV0MkFSaE9WU2JjUXNYeEdkS2VBWTlTTjlrd3l0MFBVUjBKRXlIVXgwbXRnTEY1al9sOURzLTdxY3cyQw?oc=5\" target=\"_blank\" rel=\"nofollow noopener\">CARTE. Guerre en Ukraine : soutien de l&rsquo;Allemagne, nouvel accord avec l&rsquo;UE\u2026 Le point du jour<\/a>&nbsp;&nbsp;Ouest-France<\/li>\n<li><a href=\"https:\/\/news.google.com\/rss\/articles\/CBMirAFBVV95cUxQRmFhSzNvRFJFM2JtbnlpVlFsY0VBeU5HTm9rUnhkZ2lqSXNFSElpYTNMaTFOeFROeElCdnFzV2FROTVlNkpWSU5fYkFHcFh6bnNJVlo3bHlOV25oRllPWFlLTmZmVjJVM0pWZEhSLURXanVlTHJ1eEdaUWpKZEIwd3RjVlRIM0NDZFhic0p1UWNyN1B6UGFxbDBpTUljRi1WakhKS2loMHFUdURp?oc=5\" target=\"_blank\" rel=\"nofollow noopener\">L\u2019Allemagne se f\u00e2che aux c\u00f4t\u00e9s de l\u2019Ukraine, la Russie s\u2019inqui\u00e8te pour ses b\u00e9b\u00e9s<\/a>&nbsp;&nbsp;20 Minutes<\/li>\n<li><a href=\"https:\/\/news.google.com\/rss\/articles\/CBMi5wFBVV95cUxNaG5QMTVLUEZNb1F2bWFsUDd3dHdOREtJRXBYY04xWEIyMkZrd2gwdENBbG9JU2R0TlhJOWdKd1BkSzNLcmYzWTR1ekVhUGJ5dGdnbUNaal9RbWZrMzBiN3ZQZjFwMXg0THBkRjZhaWI4Qmh2RUJ0NXpaMXNkUWMwbmFfTmx5RnRNWVZQemQxZXZzR2phcTBLcDdadnJhc3VNRzB2X2ozR2RnTGdwUWVaVEpUNVNRNEJfVTlBYzJZVHdReW5XZjhOUzBrS0NrMUZ1VlJtMnl0alNueXd5Ym9jenNxbWI0LTA?oc=5\" target=\"_blank\" rel=\"nofollow noopener\">Guerre en Ukraine : Vladimir Poutine \u00abveut la capitulation\u00bb de Kiev, accuse le chef de la diplomatie allemande<\/a>&nbsp;&nbsp;Le Figaro<\/li>\n<li><a href=\"https:\/\/news.google.com\/rss\/articles\/CBMidkFVX3lxTE1hdUI2eGlhOTVhVHJHc0kzeUpNV0locTBKbmdUaGtSZFZkTG9vWFFsYl84LVM0c1loVy1XQ1hjQ3p1Q050cFBuU2w2R2kxZElrY1RDeUhsbHdieGdXcHpxZEtxRWVEYTdjV0kyVmZwZVBnUzZhbVE?oc=5\" target=\"_blank\" rel=\"nofollow noopener\">ARTE Journal &#8211; 30\/06\/2025 &#8211; Ministre allemand en Ukraine \/ Hong Kong &#8211; Regarder l\u2019\u00e9mission compl\u00e8te<\/a>&nbsp;&nbsp;Arte.tv<\/li>\n<li><a href=\"https:\/\/news.google.com\/rss\/articles\/CBMiiwJBVV95cUxOVjd3VC1oRFVtRjNZNkxhVGtTbnYzNzZ1dGcyT0FocDViOF93T3FxMWw3LWVCOEU0LVAzVjFMeHF2NnNGQkQyWXpHNnQyZzJrYnFQZmNIYWkzUjljMzR0SmpwejJKZUJZUXB3S09wVHNUQ1pUdzdnTDFMeURpM3Z1NS1jLW9wQktzNEZUUGV5c1phTHNnUVQ2Y0p0YlNERE5RUmtVR1pCZ1BnMHBDUHZEbkJDNXB5MUtLbkt0WVdWWkNvWDZVTWVZTjd2NExSLUF1X2dQcV9ZdUJWYkM1MlZGLTdZemFTQmRGS3V6bVNxSF9hbGRiMkVaa1BXVHJrblhMYXR4dl9iOXRJZnc?oc=5\" target=\"_blank\" rel=\"nofollow noopener\">Le chef de la diplomatie allemande assure que Vladimir Poutine \u00abveut la capitulation\u00bb de l\u2019Ukraine<\/a>&nbsp;&nbsp;Lib\u00e9ration<\/li>\n<\/ol>\n","protected":false},"excerpt":{"rendered":"CARTE. Guerre en Ukraine : soutien de l&rsquo;Allemagne, nouvel accord avec l&rsquo;UE\u2026 Le point du jour&nbsp;&nbsp;Ouest-France L\u2019Allemagne se&hellip;\n","protected":false},"author":2,"featured_media":1445,"comment_status":"","ping_status":"","sticky":false,"template":"","format":"standard","meta":{"footnotes":""},"categories":[1587],"tags":[11,672,1804,1805,1803,1777,674,1801,12,1802],"class_list":{"0":"post-216954","1":"post","2":"type-post","3":"status-publish","4":"format-standard","5":"has-post-thumbnail","7":"category-allemagne","8":"tag-actualites","9":"tag-allemagne","10":"tag-bundesrepublik-deutschland","11":"tag-de","12":"tag-deutschland","13":"tag-eu","14":"tag-europe","15":"tag-germany","16":"tag-news","17":"tag-republique-federale-dallemagne"},"share_on_mastodon":{"url":"https:\/\/pubeurope.com\/@fr\/114775170366395503","error":""},"_links":{"self":[{"href":"https:\/\/www.europesays.com\/fr\/wp-json\/wp\/v2\/posts\/216954","targetHints":{"allow":["GET"]}}],"collection":[{"href":"https:\/\/www.europesays.com\/fr\/wp-json\/wp\/v2\/posts"}],"about":[{"href":"https:\/\/www.europesays.com\/fr\/wp-json\/wp\/v2\/types\/post"}],"author":[{"embeddable":true,"href":"https:\/\/www.europesays.com\/fr\/wp-json\/wp\/v2\/users\/2"}],"replies":[{"embeddable":true,"href":"https:\/\/www.europesays.com\/fr\/wp-json\/wp\/v2\/comments?post=216954"}],"version-history":[{"count":0,"href":"https:\/\/www.europesays.com\/fr\/wp-json\/wp\/v2\/posts\/216954\/revisions"}],"wp:featuredmedia":[{"embeddable":true,"href":"https:\/\/www.europesays.com\/fr\/wp-json\/wp\/v2\/media\/1445"}],"wp:attachment":[{"href":"https:\/\/www.europesays.com\/fr\/wp-json\/wp\/v2\/media?parent=216954"}],"wp:term":[{"taxonomy":"category","embeddable":true,"href":"https:\/\/www.europesays.com\/fr\/wp-json\/wp\/v2\/categories?post=216954"},{"taxonomy":"post_tag","embeddable":true,"href":"https:\/\/www.europesays.com\/fr\/wp-json\/wp\/v2\/tags?post=216954"}],"curies":[{"name":"wp","href":"https:\/\/api.w.org\/{rel}","templated":true}]}}