{"id":216958,"date":"2025-07-01T00:36:19","date_gmt":"2025-07-01T00:36:19","guid":{"rendered":"https:\/\/www.europesays.com\/fr\/216958\/"},"modified":"2025-07-01T00:36:19","modified_gmt":"2025-07-01T00:36:19","slug":"wimbledon-la-grande-classe-de-carlos-alcaraz-apres-sa-victoire-en-cinq-sets-contre-fabio-fognini-je-ne-sais-pas-pourquoi-cest-son-dernier-wimbledon-vu-le-niveau-quil-a-montre-il-peut-encore-j","status":"publish","type":"post","link":"https:\/\/www.europesays.com\/fr\/216958\/","title":{"rendered":"Wimbledon > La grande classe de Carlos Alcaraz apr\u00e8s sa victoire en cinq sets contre Fabio Fognini : \u00ab\u00a0Je ne sais pas pourquoi c&rsquo;est son dernier Wimbledon. Vu le niveau qu&rsquo;il a montr\u00e9, il peut encore jouer trois ou quatre ans. C&rsquo;est incroyable\u00a0\u00bb"},"content":{"rendered":"<p>Pouss\u00e9 dans ses retran\u00adche\u00adments par un excellent Fabio Fognini, qui dispu\u00adtait son dernier Wimbledon, ce lundi au premier tour (victoire en cinq sets et 4h30 de jeu), Carlos Alcaraz a rendu un magni\u00adfique hommage \u00e0 son adver\u00adsaire italien.<\/p>\n<p>D\u2019abord en deman\u00addant au Centre Court de l\u2019ap\u00adplaudir juste apr\u00e8s sa victoire (voir la vid\u00e9o ci\u2010dessous) puis au micro du stade lors de l\u2019in\u00adter\u00adview d\u2019apr\u00e8s match.<\/p>\n<blockquote class=\"twitter-tweet\">\n<p lang=\"en\" dir=\"ltr\">A touch of class from Carlos Alcaraz, who leads the applause for Fabio Fognini \ud83d\udc4f<a href=\"https:\/\/twitter.com\/hashtag\/Wimbledon?src=hash&amp;ref_src=twsrc%5Etfw\" data-wpel-link=\"external\" target=\"_blank\" rel=\"nofollow external noopener\">#Wimbledon<\/a> <a href=\"https:\/\/t.co\/ZiRn7ya2aJ\" data-wpel-link=\"external\" target=\"_blank\" rel=\"nofollow external noopener\">pic.twitter.com\/ZiRn7ya2aJ<\/a><\/p>\n<p>\u2014 Wimbledon (@Wimbledon) <a href=\"https:\/\/twitter.com\/Wimbledon\/status\/1939736708909519349?ref_src=twsrc%5Etfw\" data-wpel-link=\"external\" target=\"_blank\" rel=\"nofollow external noopener\">June 30,\u00a02025<\/a><\/p><\/blockquote>\n<p><strong>\u00ab\u202fJe ne sais pas pour\u00adquoi c\u2019est son dernier Wimbledon. Vu le niveau qu\u2019il a montr\u00e9, il peut encore jouer trois ou quatre ans. C\u2019est incroyable. Je dois lui rendre hommage pour ce superbe match. Fabio est un grand joueur. Il a d\u00e9montr\u00e9 son niveau et son talent tout au long de sa carri\u00e8re. Il l\u2019a encore prouv\u00e9 aujourd\u2019hui (lundi). Je suis un peu triste, c\u2019est proba\u00adble\u00adment son dernier Wimbledon. Je suis juste heureux d\u2019avoir v\u00e9cu et partag\u00e9 le court et les vestiaires avec lui. Nous allons profiter de ses derniers instants.\u202f\u00bb<br \/><\/strong><\/p>\n<p class=\"post-published-date\" style=\"color: silver; font-size: 75%; text-align: left;\">Publi\u00e9 le lundi 30 juin 2025 \u00e0 20:13<\/p>\n<p><script async src=\"https:\/\/platform.twitter.com\/widgets.js\" charset=\"utf-8\"><\/script><\/p>\n","protected":false},"excerpt":{"rendered":"Pouss\u00e9 dans ses retran\u00adche\u00adments par un excellent Fabio Fognini, qui dispu\u00adtait son dernier Wimbledon, ce lundi au premier&hellip;\n","protected":false},"author":2,"featured_media":216959,"comment_status":"","ping_status":"","sticky":false,"template":"","format":"standard","meta":{"footnotes":""},"categories":[2],"tags":[11,1744,1752,1011,27,12,25],"class_list":{"0":"post-216958","1":"post","2":"type-post","3":"status-publish","4":"format-standard","5":"has-post-thumbnail","7":"category-actualites","8":"tag-actualites","9":"tag-alcaraz","10":"tag-fognini","11":"tag-fr","12":"tag-france","13":"tag-news","14":"tag-republique-francaise"},"share_on_mastodon":{"url":"https:\/\/pubeurope.com\/@fr\/114775181828247241","error":""},"_links":{"self":[{"href":"https:\/\/www.europesays.com\/fr\/wp-json\/wp\/v2\/posts\/216958","targetHints":{"allow":["GET"]}}],"collection":[{"href":"https:\/\/www.europesays.com\/fr\/wp-json\/wp\/v2\/posts"}],"about":[{"href":"https:\/\/www.europesays.com\/fr\/wp-json\/wp\/v2\/types\/post"}],"author":[{"embeddable":true,"href":"https:\/\/www.europesays.com\/fr\/wp-json\/wp\/v2\/users\/2"}],"replies":[{"embeddable":true,"href":"https:\/\/www.europesays.com\/fr\/wp-json\/wp\/v2\/comments?post=216958"}],"version-history":[{"count":0,"href":"https:\/\/www.europesays.com\/fr\/wp-json\/wp\/v2\/posts\/216958\/revisions"}],"wp:featuredmedia":[{"embeddable":true,"href":"https:\/\/www.europesays.com\/fr\/wp-json\/wp\/v2\/media\/216959"}],"wp:attachment":[{"href":"https:\/\/www.europesays.com\/fr\/wp-json\/wp\/v2\/media?parent=216958"}],"wp:term":[{"taxonomy":"category","embeddable":true,"href":"https:\/\/www.europesays.com\/fr\/wp-json\/wp\/v2\/categories?post=216958"},{"taxonomy":"post_tag","embeddable":true,"href":"https:\/\/www.europesays.com\/fr\/wp-json\/wp\/v2\/tags?post=216958"}],"curies":[{"name":"wp","href":"https:\/\/api.w.org\/{rel}","templated":true}]}}