{"id":216964,"date":"2025-07-01T00:41:09","date_gmt":"2025-07-01T00:41:09","guid":{"rendered":"https:\/\/www.europesays.com\/fr\/216964\/"},"modified":"2025-07-01T00:41:09","modified_gmt":"2025-07-01T00:41:09","slug":"iakopo-mapu-sengage-avec-le-stade-francais-paris","status":"publish","type":"post","link":"https:\/\/www.europesays.com\/fr\/216964\/","title":{"rendered":"Iakopo Mapu s\u2019engage avec le Stade Fran\u00e7ais Paris"},"content":{"rendered":"<p data-start=\"86\" data-end=\"320\">N\u00e9 le 4 novembre 1997, <strong data-start=\"117\" data-end=\"130\">Iakopo Mapu<\/strong> a grandi dans le village de Fale\u2019ula, sur la c\u00f4te nord d\u2019Upolu, la deuxi\u00e8me plus grande \u00eele des Samoa.<\/p>\n<p data-start=\"86\" data-end=\"320\">Il est arriv\u00e9 en Nouvelle-Z\u00e9lande gr\u00e2ce \u00e0 une bourse de rugby pour terminer ses \u00e9tudes au lyc\u00e9e Massey d\u2019Auckland.<\/p>\n<p data-start=\"86\" data-end=\"320\">Avant d\u2019arriver en Europe, Iakopo a connu des exp\u00e9riences en Nouvelle-Z\u00e9lande \u00e0 Taradale, Hawke\u2019s Bay et Kia Toa, ainsi qu\u2019au sein de la franchise de Super Rugby Moana Pasifika. Il a \u00e9galement particip\u00e9 en septembre dernier \u00e0 la Pacific Nations Cup avec les Samoa, o\u00f9 il a marqu\u00e9 lors de la finale pour la m\u00e9daille de bronze, permettant aux Samoa de remporter la troisi\u00e8me place.<\/p>\n<p data-start=\"86\" data-end=\"320\">Puissant 3\u00e8me ligne (1,83\u202fm, 106\u202fkg), il rejoint en novembre 2024 les futurs vice-champions d\u2019Europe, les <b>Northampton Saints<\/b> avec lesquels il vient de cl\u00f4turer sa saison.<\/p>\n<p data-start=\"86\" data-end=\"320\">Il participera en ao\u00fbt prochain \u00e0 la nouvelle \u00e9dition de la Pacific Nations Cup avec les Samoa.<\/p>\n<p data-start=\"322\" data-end=\"582\"><strong>Bienvenue Iaks !<\/strong><\/p>\n","protected":false},"excerpt":{"rendered":"N\u00e9 le 4 novembre 1997, Iakopo Mapu a grandi dans le village de Fale\u2019ula, sur la c\u00f4te nord&hellip;\n","protected":false},"author":2,"featured_media":216965,"comment_status":"","ping_status":"","sticky":false,"template":"","format":"standard","meta":{"footnotes":""},"categories":[1416],"tags":[1011,27,479,1468,60],"class_list":{"0":"post-216964","1":"post","2":"type-post","3":"status-publish","4":"format-standard","5":"has-post-thumbnail","7":"category-rugby","8":"tag-fr","9":"tag-france","10":"tag-rugby","11":"tag-rugby-football","12":"tag-sports"},"share_on_mastodon":{"url":"","error":""},"_links":{"self":[{"href":"https:\/\/www.europesays.com\/fr\/wp-json\/wp\/v2\/posts\/216964","targetHints":{"allow":["GET"]}}],"collection":[{"href":"https:\/\/www.europesays.com\/fr\/wp-json\/wp\/v2\/posts"}],"about":[{"href":"https:\/\/www.europesays.com\/fr\/wp-json\/wp\/v2\/types\/post"}],"author":[{"embeddable":true,"href":"https:\/\/www.europesays.com\/fr\/wp-json\/wp\/v2\/users\/2"}],"replies":[{"embeddable":true,"href":"https:\/\/www.europesays.com\/fr\/wp-json\/wp\/v2\/comments?post=216964"}],"version-history":[{"count":0,"href":"https:\/\/www.europesays.com\/fr\/wp-json\/wp\/v2\/posts\/216964\/revisions"}],"wp:featuredmedia":[{"embeddable":true,"href":"https:\/\/www.europesays.com\/fr\/wp-json\/wp\/v2\/media\/216965"}],"wp:attachment":[{"href":"https:\/\/www.europesays.com\/fr\/wp-json\/wp\/v2\/media?parent=216964"}],"wp:term":[{"taxonomy":"category","embeddable":true,"href":"https:\/\/www.europesays.com\/fr\/wp-json\/wp\/v2\/categories?post=216964"},{"taxonomy":"post_tag","embeddable":true,"href":"https:\/\/www.europesays.com\/fr\/wp-json\/wp\/v2\/tags?post=216964"}],"curies":[{"name":"wp","href":"https:\/\/api.w.org\/{rel}","templated":true}]}}