{"id":216989,"date":"2025-07-01T00:56:09","date_gmt":"2025-07-01T00:56:09","guid":{"rendered":"https:\/\/www.europesays.com\/fr\/216989\/"},"modified":"2025-07-01T00:56:09","modified_gmt":"2025-07-01T00:56:09","slug":"comme-une-ado-vera-wang-fete-son-76e-anniversaire-a-paris","status":"publish","type":"post","link":"https:\/\/www.europesays.com\/fr\/216989\/","title":{"rendered":"comme une ado, Vera Wang f\u00eate son 76e anniversaire \u00e0 Paris"},"content":{"rendered":"<p>Vera Wang a f\u00eat\u00e9 ses 75 ans ce vendredi 27 juin. Pour f\u00eater sa jeunesse \u00e9ternelle, la cr\u00e9atrice am\u00e9ricaine s\u2019est offerte une soir\u00e9e \u00e0 son image, dans un restaurant parisien hupp\u00e9.<\/p>\n<p class=\"fig-paragraph\">76 ans mais toujours pas une ride \u00e0 l\u2019horizon. Alors qu\u2019elle f\u00eatait son anniversaire ce vendredi 27 juin, la styliste am\u00e9ricaine\u00a0<a href=\"https:\/\/madame.lefigaro.fr\/tag\/vera-wang\" target=\"_blank\" rel=\"noopener\" data-gtm-custom-categorie=\"navigation\" data-gtm-custom-action=\"crossclick\" data-gtm-custom-label=\"Contextuel\" data-gtm-event=\"customEventSPE\">Vera Wang<\/a>\u00a0a r\u00e9uni ses amis les plus proches dans un restaurant hupp\u00e9 de la capitale, le Relais Plaza, pour souffler ses (nombreuses) bougies. Et malgr\u00e9 ses 76 ans, la cr\u00e9atrice de robes de mari\u00e9es semble avoir trouv\u00e9 le secret de la jeunesse \u00e9ternelle.<\/p>\n<p class=\"fig-paragraph\">Pour son anniversaire, Vera Wang a revisit\u00e9 la traditionnelle petite robe noire, gr\u00e2ce \u00e0 un mod\u00e8le unique. Tombant jusqu\u2019au sol, sa robe sans manches laissait appara\u00eetre quelques centim\u00e8tres de ses jambes fusel\u00e9es au niveau de ses cuisses, sugg\u00e9r\u00e9es derri\u00e8re un l\u00e9ger voile de mousseline noire. Vera Wang ne portait aucun bijou, mais seulement un tatouage en strass dor\u00e9s indiquant son \u00e2ge sur son bras droit, comme en guise d\u2019accessoire.<\/p>\n<p class=\"fig-body-link&#10;    \">\n            \u00c0 lire aussi<br \/>\n        <a class=\"fig-body-link__link\" href=\"http:\/\/madame.lefigaro.fr\/beaute\/beaute-star\/on-dirait-des-soeurs-cette-troublante-photo-de-vera-wang-74-ans-avec-ses-filles-trentenaires-20231228\" data-fig-type=\"Article\" data-gtm-custom-categorie=\"navigation\" data-gtm-custom-action=\"crossclick\" data-gtm-custom-label=\"Contextuel\" data-gtm-event=\"customEventSPE\" data-fig-domain=\"MADAME\" target=\"_blank\" rel=\"noopener\">\u00abOn dirait des s\u0153urs\u00bb\u00a0: cette troublante photo de Vera Wang, 74 ans avec ses filles trentenaires<\/a>\n<\/p>\n<p class=\"fig-paragraph\">\u00abEn train de c\u00e9l\u00e9brer mes 76 ans avec mon \u00e9quipe parisienne et quelques autres qui ont \u00e9t\u00e9 mes meilleurs amis depuis toujours. Merci \u00e0 tous pour cette soir\u00e9e sp\u00e9ciale\u00bb, a-t-elle \u00e9crit en l\u00e9gende de plusieurs photos montrant son entr\u00e9e dans le restaurant du Plaza Ath\u00e9n\u00e9e. \u00abUn petit g\u00e2teau pour encore un autre grand anniversaire\u00bb, a-t-elle l\u00e9gend\u00e9 dans un autre o\u00f9 on la voit souffler ses bougies.<\/p>\n<p>\u00abUne ann\u00e9e charg\u00e9e\u00bb<\/p>\n<p class=\"fig-paragraph\">Et \u00e0 76 ans, Vera Wang ne semble pas pr\u00eate \u00e0 ralentir la cadence et n\u2019a pas du tout l\u2019intention de prendre sa retraite. \u00abJ\u2019ai l\u2019impression d\u2019avoir un calendrier tr\u00e8s charg\u00e9 pour l\u2019ann\u00e9e \u00e0 venir, avait-elle expliqu\u00e9 \u00e0\u00a0<a href=\"https:\/\/pagesix.com\/2025\/05\/17\/style\/vera-wang-reveals-whether-she-has-any-plans-to-retire-at-76\/\" target=\"_blank\" rel=\"nofollow noopener\" data-gtm-custom-categorie=\"navigation\" data-gtm-custom-action=\"crossclick\" data-gtm-custom-label=\"Contextuel\" data-gtm-event=\"customEventSPE\">Page Six<\/a> \u00a0au mois de mai dernier, \u00abalors j\u2019essaie juste de m\u2019en sortir.\u00bb<\/p>\n<p class=\"fig-paragraph\">Alors que beaucoup se demandent o\u00f9 est pass\u00e9 son \u00e2ge, la cr\u00e9atrice ne semble pas avoir conscience de d\u00e9fier le temps qui passe plus qu\u2019une autre. \u00abJe ne suis pas sans \u00e2ge du tout\u00bb, avait-elle ajout\u00e9 lorsque le journaliste lui a pos\u00e9 une question sur son apparence juv\u00e9nile. \u00abJe pense que j\u2019ai pass\u00e9 la majeure partie de ma vie \u00e0 travailler et quand je ne travaillais pas, j\u2019ai essay\u00e9 d\u2019\u00e9lever mes filles, donc ces deux choses m\u2019ont un peu occup\u00e9e, en fait.\u00bb \u00catre occup\u00e9e, le secret de la jeunesse \u00e9ternelle\u00a0?<\/p>\n","protected":false},"excerpt":{"rendered":"Vera Wang a f\u00eat\u00e9 ses 75 ans ce vendredi 27 juin. Pour f\u00eater sa jeunesse \u00e9ternelle, la cr\u00e9atrice&hellip;\n","protected":false},"author":2,"featured_media":216990,"comment_status":"","ping_status":"","sticky":false,"template":"","format":"standard","meta":{"footnotes":""},"categories":[8],"tags":[253,2594,3581,2593,972,1696,650,58,59,849,638,1011,27,2173,4075,977,873,973,974,35644],"class_list":{"0":"post-216989","1":"post","2":"type-post","3":"status-publish","4":"format-standard","5":"has-post-thumbnail","7":"category-divertissement","8":"tag-acteur","9":"tag-actrice","10":"tag-anniversaire","11":"tag-artiste","12":"tag-celebrite","13":"tag-chanteur","14":"tag-cinema","15":"tag-divertissement","16":"tag-entertainment","17":"tag-festival","18":"tag-figaro","19":"tag-fr","20":"tag-france","21":"tag-interview","22":"tag-jeunesse","23":"tag-madame","24":"tag-musique","25":"tag-people","26":"tag-star","27":"tag-vera-wang"},"share_on_mastodon":{"url":"","error":""},"_links":{"self":[{"href":"https:\/\/www.europesays.com\/fr\/wp-json\/wp\/v2\/posts\/216989","targetHints":{"allow":["GET"]}}],"collection":[{"href":"https:\/\/www.europesays.com\/fr\/wp-json\/wp\/v2\/posts"}],"about":[{"href":"https:\/\/www.europesays.com\/fr\/wp-json\/wp\/v2\/types\/post"}],"author":[{"embeddable":true,"href":"https:\/\/www.europesays.com\/fr\/wp-json\/wp\/v2\/users\/2"}],"replies":[{"embeddable":true,"href":"https:\/\/www.europesays.com\/fr\/wp-json\/wp\/v2\/comments?post=216989"}],"version-history":[{"count":0,"href":"https:\/\/www.europesays.com\/fr\/wp-json\/wp\/v2\/posts\/216989\/revisions"}],"wp:featuredmedia":[{"embeddable":true,"href":"https:\/\/www.europesays.com\/fr\/wp-json\/wp\/v2\/media\/216990"}],"wp:attachment":[{"href":"https:\/\/www.europesays.com\/fr\/wp-json\/wp\/v2\/media?parent=216989"}],"wp:term":[{"taxonomy":"category","embeddable":true,"href":"https:\/\/www.europesays.com\/fr\/wp-json\/wp\/v2\/categories?post=216989"},{"taxonomy":"post_tag","embeddable":true,"href":"https:\/\/www.europesays.com\/fr\/wp-json\/wp\/v2\/tags?post=216989"}],"curies":[{"name":"wp","href":"https:\/\/api.w.org\/{rel}","templated":true}]}}