{"id":216995,"date":"2025-07-01T00:59:10","date_gmt":"2025-07-01T00:59:10","guid":{"rendered":"https:\/\/www.europesays.com\/fr\/216995\/"},"modified":"2025-07-01T00:59:10","modified_gmt":"2025-07-01T00:59:10","slug":"le-gouvernement-trump-revient-a-la-charge-contre-harvard-avec-des-accusations-tres-graves","status":"publish","type":"post","link":"https:\/\/www.europesays.com\/fr\/216995\/","title":{"rendered":"Le gouvernement Trump revient \u00e0 la charge contre Harvard avec des accusations tr\u00e8s graves"},"content":{"rendered":"<p>        <img decoding=\"async\" loading=\"lazy\" src=\"https:\/\/www.europesays.com\/fr\/wp-content\/uploads\/2025\/07\/34d48bb_sirius-fs-upload-1-2lrrmlymkwef-1749098432774-000-49ad4kf.jpg\"  width=\"728\" height=\"409\" alt=\"L\u2019administration Trump accuse ce lundi 30\u00a0juin la prestigieuse universit\u00e9 Harvard de violer les droits de ses \u00e9tudiants juifs ou isra\u00e9liens.\"\/>  <\/p>\n<p>RICK FRIEDMAN \/ AFP<\/p>\n<p>L\u2019administration Trump accuse ce lundi 30\u00a0juin la prestigieuse universit\u00e9 Harvard de violer les droits de ses \u00e9tudiants juifs ou isra\u00e9liens.<\/p>\n<p class=\"asset asset-text\">\u00c9TATS-UNIS &#8211; Revenir \u00e0 la charge. L\u2019administration de <a href=\"https:\/\/www.huffingtonpost.fr\/international\/article\/trump-prix-nobel-de-la-paix-et-si-son-intervention-en-iran-rapprochait-le-president-des-etats-unis-de-son-reve-clx1_251809.html\" rel=\"nofollow noopener\" target=\"_blank\">Donald Trump <\/a>a accus\u00e9 ce lundi\u00a030\u00a0juin <a href=\"https:\/\/www.huffingtonpost.fr\/international\/article\/harvard-donald-trump-suspend-l-entree-des-etudiants-etrangers-columbia-dans-son-viseur_250952.html\" rel=\"nofollow noopener\" target=\"_blank\">Harvard<\/a>\u00a0de violer les droits de ses \u00e9tudiants juifs et isra\u00e9liens, et menac\u00e9 l\u2019universit\u00e9 de mettre fin aux subventions du gouvernement f\u00e9d\u00e9ral si elle ne prenait pas des mesures \u00ab\u00a0imm\u00e9diates\u00a0\u00bb.<\/p>\n<p class=\"asset asset-text\">Dans une lettre transmise au pr\u00e9sident de la plus vieille universit\u00e9 am\u00e9ricaine, le gouvernement f\u00e9d\u00e9ral reproche \u00e0 Harvard, au terme d\u2019une enqu\u00eate, de ne pas avoir prot\u00e9g\u00e9 ces \u00e9tudiants pendant les mouvements contre la guerre isra\u00e9lienne dans la bande de Gaza, voire d\u2019avoir \u00e9t\u00e9 \u00ab\u00a0indiff\u00e9rent\u00a0\u00bb.<\/p>\n<p class=\"asset asset-text\">Harvard, qui est l\u2019une des universit\u00e9s les mieux class\u00e9es au monde, avait d\u00e9j\u00e0 perdu plus de trois milliards de dollars en subventions f\u00e9d\u00e9rales ces derniers mois malgr\u00e9 des mesures prises, selon sa direction, pour s\u2019assurer que ses \u00e9tudiants et son personnel juifs ou isra\u00e9liens ne se sentent ni exclus, ni intimid\u00e9s sur le campus.<\/p>\n<p>    La lettre accuse\u00a0Harvard\u00a0de soutenir une \u00ab\u00a0hi\u00e9rarchie raciale\u00a0\u00bb    <\/p>\n<p class=\"asset asset-text\">\u00ab\u00a0L\u2019\u00e9chec de l\u2019universit\u00e9 \u00e0 mettre en oeuvre imm\u00e9diatement les changements requis m\u00e8nera \u00e0 la perte de toutes ressources financi\u00e8res f\u00e9d\u00e9rales et continuera d\u2019affecter les relations de\u00a0Harvard\u00a0avec le gouvernement f\u00e9d\u00e9ral\u00a0\u00bb, souligne la lettre adress\u00e9e \u00e0 Alan Garber, le pr\u00e9sident de l\u2019institution bas\u00e9e \u00e0 Cambridge, dans le Massachusetts.<\/p>\n<p class=\"asset asset-text\">Dans cette lettre, la \u00ab\u00a0task force\u00a0\u00bb mise en place par l\u2019administration pour combattre l\u2019antis\u00e9mitisme soutient que \u00ab\u00a0la majorit\u00e9 des \u00e9tudiants juifs ont fait \u00e9tat d\u2019exp\u00e9rience n\u00e9gative ou de discrimination sur le campus\u00a0\u00bb, certains disant avoir \u00e9t\u00e9 la cible de \u00ab\u00a0crachats\u00a0\u00bb, ou avoir eu \u00ab\u00a0peur\u00a0\u00bb de s\u2019afficher avec une kippa.<\/p>\n<p class=\"asset asset-text\">Depuis son retour \u00e0 la Maison Blanche en janvier, Donald Trump m\u00e8ne la charge contre les universit\u00e9s qu\u2019il accuse de propager une id\u00e9ologie \u00ab\u00a0woke\u00a0\u00bb, terme utilis\u00e9 de mani\u00e8re p\u00e9jorative par les conservateurs pour d\u00e9noncer ce qu\u2019ils per\u00e7oivent comme un exc\u00e8s de militantisme en faveur notamment des minorit\u00e9s.<\/p>\n<p class=\"asset asset-text\">Dans cette bataille id\u00e9ologique, la lettre accuse\u00a0Harvard\u00a0de soutenir une \u00ab\u00a0hi\u00e9rarchie raciale\u00a0\u00bb par laquelle \u00ab\u00a0les individus sont tri\u00e9s et jug\u00e9s en fonction de leur appartenance \u00e0 un groupe identitaire opprim\u00e9 et non \u00e0 leur m\u00e9rite personnel ce qui a permis \u00e0 l\u2019antis\u00e9mitisme de se d\u00e9velopper sur le campus\u00a0\u00bb.<\/p>\n<p>                     N\u00e9gociations en coulisses    <\/p>\n<p class=\"asset asset-text\">Interrog\u00e9e par l\u2019AFP, la direction de\u00a0Harvard\u00a0a indiqu\u00e9 que \u00ab\u00a0l\u2019antis\u00e9mitisme est un probl\u00e8me grave et demeure inacceptable peu importe le contexte\u00a0\u00bb tout en affirmant \u00eatre \u00ab\u00a0en d\u00e9saccord profond avec les conclusions du gouvernement\u00a0\u00bb.<\/p>\n<p class=\"asset asset-text\">\u00ab\u00a0Harvard\u00a0a pris des mesures concr\u00e8tes et proactives pour s\u2019attaquer aux causes profondes de l\u2019antis\u00e9mitisme sur son campus (&#8230;) et a fait des progr\u00e8s significatifs dans la lutte contre le sectarisme, la haine et les pr\u00e9jug\u00e9s\u00a0\u00bb, a ajout\u00e9 l\u2019universit\u00e9 en lutte aussi contre Donald Trump sur la question des \u00e9tudiants internationaux.<\/p>\n<p class=\"asset asset-text\">Fin mai, la ministre de la S\u00e9curit\u00e9 int\u00e9rieure, Kristi Noem, avait r\u00e9voqu\u00e9 la certification de\u00a0Harvard\u00a0au programme Sevis (Student and Exchange Visitor), principal syst\u00e8me par lequel les \u00e9tudiants \u00e9trangers sont autoris\u00e9s \u00e0 \u00e9tudier aux Etats-Unis.<\/p>\n<p class=\"asset asset-text\">Harvard, qui accueillait lors de l\u2019ann\u00e9e acad\u00e9mique 2024-2025 quelque 6.700 \u00e9tudiants internationaux, soit 27% de ses effectifs, a obtenu un sursis de la part d\u2019une juge d\u2019un tribunal f\u00e9d\u00e9ral.<\/p>\n<p class=\"asset asset-text\">L\u2019universit\u00e9 conteste en justice le gel de ses subventions et la r\u00e9vocation de sa certification Sevis, tout en refusant de se plier \u00e0 des demandes du gouvernement, notamment en lien avec le contenu de ses formations.<\/p>\n<p class=\"asset asset-text\">Selon la presse am\u00e9ricaine,\u00a0Harvard\u00a0et l\u2019administration Trump m\u00e8nent en parall\u00e8le des n\u00e9gociations afin de trouver un accord sur ces questions. \u00ab\u00a0La lettre envoy\u00e9e ce matin \u00e0\u00a0Harvard\u00a0\u00e9tait tr\u00e8s directe. Comme vous le savez, des n\u00e9gociations ont lieu derri\u00e8re des portes closes\u00a0\u00bb, a d\u00e9clar\u00e9 la porte-parole de la Maison Blanche, Karoline Leavitt, sans lever le voile sur l\u2019\u00e9tat de ces pourparlers.<\/p>\n","protected":false},"excerpt":{"rendered":"RICK FRIEDMAN \/ AFP L\u2019administration Trump accuse ce lundi 30\u00a0juin la prestigieuse universit\u00e9 Harvard de violer les droits&hellip;\n","protected":false},"author":2,"featured_media":216996,"comment_status":"","ping_status":"","sticky":false,"template":"","format":"standard","meta":{"footnotes":""},"categories":[5],"tags":[11,75,73,1011,27,666,14,12,28],"class_list":{"0":"post-216995","1":"post","2":"type-post","3":"status-publish","4":"format-standard","5":"has-post-thumbnail","7":"category-international","8":"tag-actualites","9":"tag-donald-trump","10":"tag-etats-unis","11":"tag-fr","12":"tag-france","13":"tag-harvard","14":"tag-international","15":"tag-news","16":"tag-world"},"share_on_mastodon":{"url":"","error":""},"_links":{"self":[{"href":"https:\/\/www.europesays.com\/fr\/wp-json\/wp\/v2\/posts\/216995","targetHints":{"allow":["GET"]}}],"collection":[{"href":"https:\/\/www.europesays.com\/fr\/wp-json\/wp\/v2\/posts"}],"about":[{"href":"https:\/\/www.europesays.com\/fr\/wp-json\/wp\/v2\/types\/post"}],"author":[{"embeddable":true,"href":"https:\/\/www.europesays.com\/fr\/wp-json\/wp\/v2\/users\/2"}],"replies":[{"embeddable":true,"href":"https:\/\/www.europesays.com\/fr\/wp-json\/wp\/v2\/comments?post=216995"}],"version-history":[{"count":0,"href":"https:\/\/www.europesays.com\/fr\/wp-json\/wp\/v2\/posts\/216995\/revisions"}],"wp:featuredmedia":[{"embeddable":true,"href":"https:\/\/www.europesays.com\/fr\/wp-json\/wp\/v2\/media\/216996"}],"wp:attachment":[{"href":"https:\/\/www.europesays.com\/fr\/wp-json\/wp\/v2\/media?parent=216995"}],"wp:term":[{"taxonomy":"category","embeddable":true,"href":"https:\/\/www.europesays.com\/fr\/wp-json\/wp\/v2\/categories?post=216995"},{"taxonomy":"post_tag","embeddable":true,"href":"https:\/\/www.europesays.com\/fr\/wp-json\/wp\/v2\/tags?post=216995"}],"curies":[{"name":"wp","href":"https:\/\/api.w.org\/{rel}","templated":true}]}}