{"id":216997,"date":"2025-07-01T01:00:12","date_gmt":"2025-07-01T01:00:12","guid":{"rendered":"https:\/\/www.europesays.com\/fr\/216997\/"},"modified":"2025-07-01T01:00:12","modified_gmt":"2025-07-01T01:00:12","slug":"sur-la-reforme-de-laudiovisuel-public-hold-up-de-la-gauche-contre-le-holding-de-rachida-dati-liberation","status":"publish","type":"post","link":"https:\/\/www.europesays.com\/fr\/216997\/","title":{"rendered":"Sur la r\u00e9forme de l\u2019audiovisuel public, hold-up de la\u00a0gauche contre le\u00a0holding de Rachida Dati \u2013 Lib\u00e9ration"},"content":{"rendered":"<p class=\"sc-ksZaOG ehjQrN text-element\">M\u00eame battue, Rachida Dati ne peut s\u2019emp\u00eacher de cogner contre le service public\u2026 A l\u2019Assembl\u00e9e nationale, lundi 30 juin, sa r\u00e9forme de l\u2019audiovisuel public vient d\u2019\u00eatre banan\u00e9e quand la ministre de la Culture s\u2019agace, salle des Quatre-Colonnes, contre une journaliste de France Inter s\u2019enqu\u00e9rant de la mobilisation de ses propres troupes dans l\u2019h\u00e9micycle. La question est pourtant pertinente : o\u00f9 \u00e9taient pass\u00e9s les \u00e9lus macronistes, Horizons, Modem et Les R\u00e9publicains (LR), pour voter contre la motion de rejet d\u00e9fendue par les \u00e9cologistes ? Outre une journ\u00e9e du lundi habituellement d\u00e9sert\u00e9e par les d\u00e9put\u00e9s, les macronistes ont-ils pr\u00e9f\u00e9r\u00e9 laisser Dati seule avec son texte ? Avec 94 voix pour (et 38 contre), la motion a \u00e9t\u00e9 adopt\u00e9e, infligeant un revers de plus \u00e0 la locataire de la rue de Valois.<\/p>\n","protected":false},"excerpt":{"rendered":"M\u00eame battue, Rachida Dati ne peut s\u2019emp\u00eacher de cogner contre le service public\u2026 A l\u2019Assembl\u00e9e nationale, lundi 30&hellip;\n","protected":false},"author":2,"featured_media":216998,"comment_status":"","ping_status":"","sticky":false,"template":"","format":"standard","meta":{"footnotes":""},"categories":[4],"tags":[11,416,1011,27,2400,9231,12,417,10316,35591,25],"class_list":{"0":"post-216997","1":"post","2":"type-post","3":"status-publish","4":"format-standard","5":"has-post-thumbnail","7":"category-france","8":"tag-actualites","9":"tag-assemblee-nationale","10":"tag-fr","11":"tag-france","12":"tag-france-televisions","13":"tag-ministere-de-la-culture","14":"tag-news","15":"tag-rachida-dati","16":"tag-radio-france","17":"tag-reforme-audiovisuel-public","18":"tag-republique-francaise"},"share_on_mastodon":{"url":"","error":""},"_links":{"self":[{"href":"https:\/\/www.europesays.com\/fr\/wp-json\/wp\/v2\/posts\/216997","targetHints":{"allow":["GET"]}}],"collection":[{"href":"https:\/\/www.europesays.com\/fr\/wp-json\/wp\/v2\/posts"}],"about":[{"href":"https:\/\/www.europesays.com\/fr\/wp-json\/wp\/v2\/types\/post"}],"author":[{"embeddable":true,"href":"https:\/\/www.europesays.com\/fr\/wp-json\/wp\/v2\/users\/2"}],"replies":[{"embeddable":true,"href":"https:\/\/www.europesays.com\/fr\/wp-json\/wp\/v2\/comments?post=216997"}],"version-history":[{"count":0,"href":"https:\/\/www.europesays.com\/fr\/wp-json\/wp\/v2\/posts\/216997\/revisions"}],"wp:featuredmedia":[{"embeddable":true,"href":"https:\/\/www.europesays.com\/fr\/wp-json\/wp\/v2\/media\/216998"}],"wp:attachment":[{"href":"https:\/\/www.europesays.com\/fr\/wp-json\/wp\/v2\/media?parent=216997"}],"wp:term":[{"taxonomy":"category","embeddable":true,"href":"https:\/\/www.europesays.com\/fr\/wp-json\/wp\/v2\/categories?post=216997"},{"taxonomy":"post_tag","embeddable":true,"href":"https:\/\/www.europesays.com\/fr\/wp-json\/wp\/v2\/tags?post=216997"}],"curies":[{"name":"wp","href":"https:\/\/api.w.org\/{rel}","templated":true}]}}