{"id":216999,"date":"2025-07-01T01:01:09","date_gmt":"2025-07-01T01:01:09","guid":{"rendered":"https:\/\/www.europesays.com\/fr\/216999\/"},"modified":"2025-07-01T01:01:09","modified_gmt":"2025-07-01T01:01:09","slug":"emmanuel-gregoire-designe-candidat-du-parti-socialiste-par-les-militants-un-affront-pour-anne-hidalgo-liberation","status":"publish","type":"post","link":"https:\/\/www.europesays.com\/fr\/216999\/","title":{"rendered":"Emmanuel Gr\u00e9goire d\u00e9sign\u00e9 candidat du Parti socialiste par les militants, un affront pour Anne Hidalgo \u2013 Lib\u00e9ration"},"content":{"rendered":"<p class=\"sc-ksZaOG ehjQrN text-element\">Dans la t\u00eate d\u2019<a href=\"https:\/\/connexion.liberation.fr\/autorefresh?referer=https%3a%2f%2fwww.liberation.fr%2fpolitique%2femmanuel-gregoire-dauphin-dechu-20250227_PDL23TKSC5BFZOI7BW372PH36Q%2f\" target=\"_blank\" rel=\"noreferrer noopener\" title=\"https:\/\/connexion.liberation.fr\/autorefresh?referer=https%3a%2f%2fwww.liberation.fr%2fpolitique%2femmanuel-gregoire-dauphin-dechu-20250227_PDL23TKSC5BFZOI7BW372PH36Q%2f\">Emmanuel Gr\u00e9goire<\/a>, les choses sont claires depuis longtemps. En 2026, il sera le candidat des socialistes pour les municipales \u00e0 Paris. L\u2019ancien proche de Jean-Marc Ayrault s\u2019y pr\u00e9pare depuis longtemps. En 2020, le quadrag\u00e9naire avait d\u2019ailleurs de bonnes raisons d\u2019esp\u00e9rer. Tout juste r\u00e9\u00e9lue \u00e0 l\u2019h\u00f4tel de ville, Anne Hidalgo le conforte comme premier adjoint dans l\u2019optique de le pr\u00e9parer \u00e0 prendre la rel\u00e8ve une fois son second mandat termin\u00e9. Mais tout ne s\u2019est pas pass\u00e9 comme pr\u00e9vu\u2026<\/p>\n<p class=\"sc-ksZaOG ehjQrN text-element\">Apr\u00e8s plusieurs ann\u00e9es de tensions avec Hidalgo, <a href=\"https:\/\/www.liberation.fr\/politique\/mairie-de-paris-entre-anne-hidalgo-et-son-dauphin-dechu-emmanuel-gregoire-lhistoire-dune-rupture-20241126_NAIR7K7RHZEW5KSVEPMICZZEQQ\/\" target=\"_blank\" rel=\"noreferrer noopener\" title=\"https:\/\/www.liberation.fr\/politique\/mairie-de-paris-entre-anne-hidalgo-et-son-dauphin-dechu-emmanuel-gregoire-lhistoire-dune-rupture-20241126_NAIR7K7RHZEW5KSVEPMICZZEQQ\/\">la rupture est consomm\u00e9e<\/a>. L\u2019adoubement pr\u00e9vu n\u2019est jamais intervenu. Le chemin pour repr\u00e9senter son parti de toujours au scrutin pr\u00e9vu en 2026 a finalement \u00e9t\u00e9 beaucoup plus long et sinueux. Pour cela, il lui aura fallu convaincre les militants socialistes de la capitale et faire face \u00e0 l\u2019appareil PS de la capitale.<\/p>\n<p class=\"sc-ksZaOG ehjQrN text-element\">Car lundi 30 juin, Emmanuel Gr\u00e9goire s\u2019est impos\u00e9 d\u00e8s le premier tour de la primaire organis\u00e9e par le PS en vue des municipales de 2026. Avec 52,61% des voix, il devance <a href=\"https:\/\/www.liberation.fr\/portraits\/remi-feraud-pari-paris-20250328_SXUUYCICRVD6BC7XS3MKAZEH7M\/\" target=\"_blank\" rel=\"noreferrer noopener\" title=\"https:\/\/www.liberation.fr\/portraits\/remi-feraud-pari-paris-20250328_SXUUYCICRVD6BC7XS3MKAZEH7M\/\">le candidat soutenu par Anne Hidalgo R\u00e9mi F\u00e9raud<\/a> (44,33%). Derri\u00e8re, l\u2019invit\u00e9e surprise du scrutin Marion Waller ferme la marche avec 3% des votes. Pour la symbolique, l\u2019\u00e9lu du XIIe arrondissement r\u00eavait d\u2019une victoire au premier tour qui serait donc intervenu le 30 juin, soit un an apr\u00e8s sa victoire au premier tour dans la 7e circonscription de Paris aux derni\u00e8res l\u00e9gislatives. \u00abJe remercie les militantes et militants socialistes qui m\u2019ont apport\u00e9 leur soutien, ainsi que la formidable \u00e9quipe qui m\u2019a accompagn\u00e9 tout au long de cette campagne, a tweet\u00e9 R\u00e9mi F\u00e9raud dans la soir\u00e9e. Rien n\u2019est plus essentiel que de garder Paris \u00e0 gauche. F\u00e9licitations \u00e0 Emmanuel Gr\u00e9goire pour sa d\u00e9signation.\u00bb<\/p>\n<p class=\"sc-ksZaOG ehjQrN text-element\">Si le socialiste a quitt\u00e9 l\u2019h\u00f4tel de ville pour l\u2019Assembl\u00e9e nationale et a \u00e9t\u00e9 contraint de se plier \u00e0 une \u00e9lection interne, c\u2019est donc \u00e0 cause de sa brouille avec la maire sortante. Les choses entre les deux ont commenc\u00e9 \u00e0 se g\u00e2ter en 2022, au retour de l\u2019\u00e9dile dans les affaires parisiennes apr\u00e8s son \u00e9chec \u00e0 la pr\u00e9sidentielle (1,75 %, pire score de l\u2019histoire du PS). L\u2019ex-candidate soup\u00e7onne la direction de son parti de vouloir la pousser vers la d\u00e9mission pour placer Gr\u00e9goire avant les municipales. Elle laisse entendre que son bras droit depuis quatre ans ne serait pas si fid\u00e8le et loyal que cela\u2026 Voyant qu\u2019elle ne l\u2019intronisera jamais, Gr\u00e9goire prend petit \u00e0 petit sa libert\u00e9 et se positionne. <a href=\"https:\/\/www.liberation.fr\/politique\/municipales-a-paris-anne-hidalgo-annonce-quelle-ne-briguera-pas-de-3e-mandat-et-adoube-remi-feraud-20241126_FRQ2V2N55ZE7JBAMJNZ75SXOT4\/\" target=\"_blank\" rel=\"noreferrer noopener\" title=\"https:\/\/www.liberation.fr\/politique\/municipales-a-paris-anne-hidalgo-annonce-quelle-ne-briguera-pas-de-3e-mandat-et-adoube-remi-feraud-20241126_FRQ2V2N55ZE7JBAMJNZ75SXOT4\/\">En annon\u00e7ant qu\u2019elle ne se repr\u00e9sente pas<\/a>, Anne Hidalgo soutient finalement R\u00e9mi F\u00e9raud et fait activement campagne pour lui. \u00abAnne [Hidalgo] a mis toute son autorit\u00e9 pour qu\u2019on ne me soutienne pas. Elle m\u2019a finalement offert une \u00e9preuve politique et psychologique dont j\u2019avais besoin. Peu sont all\u00e9s aussi loin qu\u2019elle face \u00e0 moi, cela a cr\u00e9\u00e9 un changement d\u2019image. Avant j\u2019\u00e9tais uniquement vu comme \u00abl\u2019ancien premier adjoint fid\u00e8le et techno\u00bb. Tout \u00e7a m\u2019a donn\u00e9 du caract\u00e8re\u00bb, dissertait-il en mai.<\/p>\n<p class=\"sc-ksZaOG ehjQrN text-element\">Emmanuel Gr\u00e9goire s\u2019est donc lanc\u00e9 dans l\u2019\u00e9lection interne contre l\u2019appareil socialiste parisien. La premi\u00e8re f\u00e9d\u00e9rale Lamia El Aaraje, la quasi-totalit\u00e9 des \u00e9lus PS de l\u2019ex\u00e9cutif, les maires d\u2019arrondissements de gauche\u2026 Tous ont soutenu R\u00e9mi F\u00e9raud. Au fil de la campagne, le d\u00e9put\u00e9 a toutefois collectionn\u00e9 des soutiens symboliques et importants \u00e0 commencer <a href=\"https:\/\/www.liberation.fr\/politique\/municipales-a-paris-le-camp-de-remi-feraud-tente-deteindre-le-mini-incendie-bertrand-delanoe-20250324_SKOLLPXL5ZFEFEGXB4QKC5YEPI\/\" target=\"_blank\" rel=\"noreferrer noopener\" title=\"https:\/\/www.liberation.fr\/politique\/municipales-a-paris-le-camp-de-remi-feraud-tente-deteindre-le-mini-incendie-bertrand-delanoe-20250324_SKOLLPXL5ZFEFEGXB4QKC5YEPI\/\">par celui de l\u2019ancien maire de Paris de 2001 \u00e0 2008 Bertrand Delano\u00eb<\/a>. Mais aussi d\u2019autres \u00e9l\u00e9phants socialistes comme l\u2019ancien Premier ministre Lionel Jospin, l\u2019ex-pr\u00e9sident de la r\u00e9gion Ile-de-France Jean-Paul Huchon ou encore l\u2019ancien Premier ministre de Fran\u00e7ois Hollande, Jean-Marc Ayrault aux c\u00f4t\u00e9s de qui Gr\u00e9goire a travaill\u00e9 \u00e0 Matignon\u2026 Anne Hidalgo compl\u00e9tera-t-elle la liste maintenant que son ancien bras droit a gagn\u00e9 la primaire PS ? <a href=\"https:\/\/www.liberation.fr\/politique\/elections\/municipales-a-paris-anne-hidalgo-ne-soutiendra-pas-son-ex-adjoint-emmanuel-gregoire-sil-gagne-la-primaire-ps-20250313_HGTJ2UACOREG3HWF454XHCORZQ\/\" target=\"_blank\" rel=\"noreferrer noopener\" title=\"https:\/\/www.liberation.fr\/politique\/elections\/municipales-a-paris-anne-hidalgo-ne-soutiendra-pas-son-ex-adjoint-emmanuel-gregoire-sil-gagne-la-primaire-ps-20250313_HGTJ2UACOREG3HWF454XHCORZQ\/\">Rien n\u2019est moins s\u00fbr<\/a>. \u00abJe ne pourrai pas soutenir quelqu\u2019un qui, ces deux derni\u00e8res ann\u00e9es, a pass\u00e9 son temps \u00e0 me tirer le tapis sous le pied, parce que \u00e7a nous fera perdre\u00bb, a-t-elle affirm\u00e9 le 13 mars sur Public S\u00e9nat. Malgr\u00e9 tout, Emmanuel Gr\u00e9goire croit que l\u2019\u00e9dile finira par jeter sa ranc\u0153ur \u00e0 la rivi\u00e8re.<\/p>\n<p class=\"sc-ksZaOG ehjQrN text-element\">Pour convaincre les militants socialistes de le choisir pour porter leurs couleurs dans la capitale, l\u2019ex-premier adjoint a fait valoir son exp\u00e9rience \u00e0 l\u2019h\u00f4tel de ville. Lui qui r\u00e9fl\u00e9chit depuis longtemps \u00e0 sa candidature a aussi concoct\u00e9 un livret programmatique d\u2019une centaine de pages. Sa premi\u00e8re mesure s\u2019il est \u00e9lu maire en mars 2026 ? La mise en place d\u2019un plan pour loger les sans-abri \u00abpour pallier les manquements de l\u2019Etat\u00bb. Le d\u00e9put\u00e9 entend \u00e9galement cr\u00e9er \u00abun bail solidaire interg\u00e9n\u00e9rationnel\u00bb pour \u00abencourager la cohabitation entre les jeunes, en priorit\u00e9 les \u00e9tudiants de passage \u00e0 Paris, et les personnes \u00e2g\u00e9es, dont certains disposent de chambres disponibles suite au d\u00e9part des enfants du domicile familial\u00bb.<\/p>\n<p class=\"sc-ksZaOG ehjQrN text-element\">Mais s\u2019il veut mettre son programme en \u0153uvre, Emmanuel Gr\u00e9goire va devoir l\u2019emporter, notamment face \u00e0 Rachida Dati qui semble faire office, aujourd\u2019hui, de favorite. Dans les premiers sondages r\u00e9alis\u00e9s sur le scrutin, la ministre de la Justice devance nettement la concurrence dans tous les sc\u00e9narios de premier tour. Les enqu\u00eates \u2013 qui ne tiennent pas compte cependant de la sp\u00e9cificit\u00e9 du mode de scrutin parisien qui reste, pour l\u2019instant, fait de votes par arrondissements \u2013 r\u00e9v\u00e8lent toutefois que la gauche peut sauver une capitale conquise en 2001 si elle s\u2019allie au second tour. L\u2019objectif de Gr\u00e9goire \u2013 comme <a href=\"https:\/\/www.liberation.fr\/politique\/municipales-a-paris-le-communiste-ian-brossat-presente-ses-dix-premieres-propositions-20250514_LOYGIMA2WJDJRJL7KYH2ZGXC7M\/\" target=\"_blank\" rel=\"noreferrer noopener\" title=\"https:\/\/www.liberation.fr\/politique\/municipales-a-paris-le-communiste-ian-brossat-presente-ses-dix-premieres-propositions-20250514_LOYGIMA2WJDJRJL7KYH2ZGXC7M\/\">du communiste Ian Brossat<\/a> et de <a href=\"https:\/\/www.liberation.fr\/politique\/municipales-a-paris-lecologiste-david-belliard-appelle-la-gauche-dont-lfi-a-sallier-des-le-premier-tour-20250506_QOSL2GTTE5CHBC5DDOOXM7U7ZI\/\" target=\"_blank\" rel=\"noreferrer noopener\" title=\"https:\/\/www.liberation.fr\/politique\/municipales-a-paris-lecologiste-david-belliard-appelle-la-gauche-dont-lfi-a-sallier-des-le-premier-tour-20250506_QOSL2GTTE5CHBC5DDOOXM7U7ZI\/\">l\u2019\u00e9cologiste David Belliard<\/a> \u2013 est de parvenir \u00e0 une union d\u00e8s le premier tour (sans La France insoumise) pour ne pas se faire peur. Ce qui est loin d\u2019\u00eatre fait.<\/p>\n","protected":false},"excerpt":{"rendered":"Dans la t\u00eate d\u2019Emmanuel Gr\u00e9goire, les choses sont claires depuis longtemps. En 2026, il sera le candidat des&hellip;\n","protected":false},"author":2,"featured_media":217000,"comment_status":"","ping_status":"","sticky":false,"template":"","format":"standard","meta":{"footnotes":""},"categories":[2],"tags":[11,2618,1011,27,5945,12,626,429],"class_list":{"0":"post-216999","1":"post","2":"type-post","3":"status-publish","4":"format-standard","5":"has-post-thumbnail","7":"category-actualites","8":"tag-actualites","9":"tag-anne-hidalgo","10":"tag-fr","11":"tag-france","12":"tag-municipales-elections","13":"tag-news","14":"tag-paris","15":"tag-ps"},"share_on_mastodon":{"url":"","error":""},"_links":{"self":[{"href":"https:\/\/www.europesays.com\/fr\/wp-json\/wp\/v2\/posts\/216999","targetHints":{"allow":["GET"]}}],"collection":[{"href":"https:\/\/www.europesays.com\/fr\/wp-json\/wp\/v2\/posts"}],"about":[{"href":"https:\/\/www.europesays.com\/fr\/wp-json\/wp\/v2\/types\/post"}],"author":[{"embeddable":true,"href":"https:\/\/www.europesays.com\/fr\/wp-json\/wp\/v2\/users\/2"}],"replies":[{"embeddable":true,"href":"https:\/\/www.europesays.com\/fr\/wp-json\/wp\/v2\/comments?post=216999"}],"version-history":[{"count":0,"href":"https:\/\/www.europesays.com\/fr\/wp-json\/wp\/v2\/posts\/216999\/revisions"}],"wp:featuredmedia":[{"embeddable":true,"href":"https:\/\/www.europesays.com\/fr\/wp-json\/wp\/v2\/media\/217000"}],"wp:attachment":[{"href":"https:\/\/www.europesays.com\/fr\/wp-json\/wp\/v2\/media?parent=216999"}],"wp:term":[{"taxonomy":"category","embeddable":true,"href":"https:\/\/www.europesays.com\/fr\/wp-json\/wp\/v2\/categories?post=216999"},{"taxonomy":"post_tag","embeddable":true,"href":"https:\/\/www.europesays.com\/fr\/wp-json\/wp\/v2\/tags?post=216999"}],"curies":[{"name":"wp","href":"https:\/\/api.w.org\/{rel}","templated":true}]}}