{"id":217001,"date":"2025-07-01T01:02:17","date_gmt":"2025-07-01T01:02:17","guid":{"rendered":"https:\/\/www.europesays.com\/fr\/217001\/"},"modified":"2025-07-01T01:02:17","modified_gmt":"2025-07-01T01:02:17","slug":"un-feu-de-foret-touche-cette-commune-pres-de-saint-etienne","status":"publish","type":"post","link":"https:\/\/www.europesays.com\/fr\/217001\/","title":{"rendered":"un feu de for\u00eat touche cette commune pr\u00e8s de Saint-Etienne"},"content":{"rendered":"<p>            Par<br \/>\n        <strong><br \/>\n            <a href=\"https:\/\/actu.fr\/auteur\/mathias-souteyrat\" title=\"Consulter tous les articles de Mathias Souteyrat\" target=\"_blank\" rel=\"noopener\">Mathias Souteyrat<\/a><br \/>\n        <\/strong><\/p>\n<p>        Publi\u00e9 le<\/p>\n<p>            30 juin 2025 \u00e0 9h20<br \/>\n        ; mis \u00e0 jour le 30 juin 2025 \u00e0 18h01    <\/p>\n<p>Un<a href=\"https:\/\/actu.fr\/tag\/feux-de-foret\" target=\"_blank\" rel=\"noopener\"> feu de for\u00eat<\/a> s\u2019est d\u00e9clench\u00e9 le dimanche 29\u00a0juin en d\u00e9but de soir\u00e9e au nord du lieu-dit Le Pertuiset sur la commune <a href=\"https:\/\/actu.fr\/auvergne-rhone-alpes\/unieux_42316\" target=\"_blank\" rel=\"noopener\">d\u2019Unieux<\/a> (Loire), pr\u00e8s de <a href=\"https:\/\/actu.fr\/saint-etienne\/\" target=\"_blank\" rel=\"noopener\">Saint-Etienne<\/a>.<\/p>\n<p class=\" wall-content\">Sur place, \u00e0 cause d\u2019un <strong>l\u00e9ger vent<\/strong>, l\u2019incendie s\u2019est propag\u00e9 en phase ascendante dans une v\u00e9g\u00e9tation basse.<\/p>\n<p>Les pompiers vers les habitations<\/p>\n<p class=\" wall-content\">Dans la nuit, il \u00e9tait actuellement contenu au niveau de la piste DFCI (Dispositif de d\u00e9fense des for\u00eats contre les incendies) par une ligne d\u2019appui des sapeurs-pompiers.<\/p>\n<p>    <img   decoding=\"async\" loading=\"lazy\" src=\"https:\/\/www.europesays.com\/fr\/wp-content\/uploads\/2025\/07\/unieux-incendie-960x640.jpg\" alt=\"Un incendie s'est d\u00e9clench\u00e9 le dimanche 29 juin au lieu dit Le Pertuiset sur la commune d\u2019Unieux.\" width=\"960\" height=\"640\"\/><br \/>\n    Un incendie s\u2019est d\u00e9clench\u00e9 le dimanche 29\u00a0juin au lieu-dit Le Pertuiset sur la commune d\u2019Unieux. (\u00a9Capture Groupe Facebook)<\/p>\n<p class=\" wall-content\">En pr\u00e9vision, un dispositif de d\u00e9fense de point sensible a \u00e9t\u00e9 positionn\u00e9 vers les habitations se situant rue Roger-Salengro, rapportent les secours.<\/p>\n<p>Vid\u00e9os : en ce moment sur Actu<br \/>\n    <a href=\"https:\/\/www.facebook.com\/plugins\/video.php?height=476&amp;href=https%3A%2F%2Fwww.facebook.com%2Faudrey.grondin.524%2Fvideos%2F1079344014292179%2F%3Fidorvanity%3D224218011100307&amp;show_text=true&amp;width=350&amp;t=0\" title=\"Ouvrie le lien\" target=\"_blank\" rel=\"noopener\">Cliquez ici pour visualiser le contenu<\/a><\/p>\n<p class=\" wall-content\">Un drone a \u00e9t\u00e9 engag\u00e9 afin de faciliter les reconnaissances. Un nombre important d\u2019appels sont parvenus au CTA-CODIS durant la premi\u00e8re demi-heure.<\/p>\n<p>Le feu maitris\u00e9, 1 000 m\u00b2 de v\u00e9g\u00e9tation d\u00e9truite<\/p>\n<p class=\" wall-content\">L\u2019action efficace des sapeurs-pompiers a permis de rapidement ma\u00eetriser l\u2019incendie et d\u2019\u00e9viter sa propagation. La surface brul\u00e9e est de 1000 m\u00b2 de v\u00e9g\u00e9tation basse.<\/p>\n<p class=\" wall-content\">Aucune habitation n\u2019a \u00e9t\u00e9 touch\u00e9e.<\/p>\n<p>La Loire en vigilance mod\u00e9r\u00e9e mardi de la m\u00e9t\u00e9o des forets<\/p>\n<p class=\" wall-content\">Une cinquantaine de soldats du feu ont \u00e9t\u00e9 appel\u00e9s. Selon la carte m\u00e9t\u00e9o des forets de M\u00e9t\u00e9o-France, la Loire est en danger faible (vert) ce lundi, passe en mod\u00e9r\u00e9 (jaune) mardi.<\/p>\n<p class=\" wall-content\">Le d\u00e9partement est en alerte orange canicule ce lundi et mardi. En vigilance jaune aux orages ce lundi de 14 \u00e0 20\u00a0heures.<\/p>\n<p class=\" wall-content\">Suivez toute l\u2019actualit\u00e9 de vos villes et m\u00e9dias favoris en vous inscrivant \u00e0 <a href=\"https:\/\/moncompte.actu.fr\" title=\"D\u00e9couvez Mon Actu\" rel=\"nofollow noopener\" data-trk=\"{&quot;cta&quot;:{&quot;action&quot;:&quot;https:\\\/\\\/moncompte.actu.fr&quot;,&quot;category&quot;:&quot;mon compte&quot;,&quot;from&quot;:&quot;article footer&quot;,&quot;name&quot;:&quot;Mon actu&quot;,&quot;type&quot;:&quot;cta&quot;}}\" target=\"_blank\">Mon Actu<\/a>.<\/p>\n","protected":false},"excerpt":{"rendered":"Par Mathias Souteyrat Publi\u00e9 le 30 juin 2025 \u00e0 9h20 ; mis \u00e0 jour le 30 juin 2025&hellip;\n","protected":false},"author":2,"featured_media":217002,"comment_status":"","ping_status":"","sticky":false,"template":"","format":"standard","meta":{"footnotes":""},"categories":[9653],"tags":[1111,11,2430,1777,674,118,27571,1011,27,1310,12,1311,25,4001],"class_list":{"0":"post-217001","1":"post","2":"type-post","3":"status-publish","4":"format-standard","5":"has-post-thumbnail","7":"category-saint-etienne","8":"tag-actu","9":"tag-actualites","10":"tag-auvergne-rhone-alpes","11":"tag-eu","12":"tag-europe","13":"tag-faits-divers","14":"tag-feux-de-foret","15":"tag-fr","16":"tag-france","17":"tag-incendie","18":"tag-news","19":"tag-pompiers","20":"tag-republique-francaise","21":"tag-saint-etienne"},"share_on_mastodon":{"url":"","error":""},"_links":{"self":[{"href":"https:\/\/www.europesays.com\/fr\/wp-json\/wp\/v2\/posts\/217001","targetHints":{"allow":["GET"]}}],"collection":[{"href":"https:\/\/www.europesays.com\/fr\/wp-json\/wp\/v2\/posts"}],"about":[{"href":"https:\/\/www.europesays.com\/fr\/wp-json\/wp\/v2\/types\/post"}],"author":[{"embeddable":true,"href":"https:\/\/www.europesays.com\/fr\/wp-json\/wp\/v2\/users\/2"}],"replies":[{"embeddable":true,"href":"https:\/\/www.europesays.com\/fr\/wp-json\/wp\/v2\/comments?post=217001"}],"version-history":[{"count":0,"href":"https:\/\/www.europesays.com\/fr\/wp-json\/wp\/v2\/posts\/217001\/revisions"}],"wp:featuredmedia":[{"embeddable":true,"href":"https:\/\/www.europesays.com\/fr\/wp-json\/wp\/v2\/media\/217002"}],"wp:attachment":[{"href":"https:\/\/www.europesays.com\/fr\/wp-json\/wp\/v2\/media?parent=217001"}],"wp:term":[{"taxonomy":"category","embeddable":true,"href":"https:\/\/www.europesays.com\/fr\/wp-json\/wp\/v2\/categories?post=217001"},{"taxonomy":"post_tag","embeddable":true,"href":"https:\/\/www.europesays.com\/fr\/wp-json\/wp\/v2\/tags?post=217001"}],"curies":[{"name":"wp","href":"https:\/\/api.w.org\/{rel}","templated":true}]}}