{"id":217026,"date":"2025-07-01T01:23:04","date_gmt":"2025-07-01T01:23:04","guid":{"rendered":"https:\/\/www.europesays.com\/fr\/217026\/"},"modified":"2025-07-01T01:23:04","modified_gmt":"2025-07-01T01:23:04","slug":"appels-durgence-chauffards-pickpockets-et-delinquants-un-ete-sous-tension-a-nice-appels-durgence","status":"publish","type":"post","link":"https:\/\/www.europesays.com\/fr\/217026\/","title":{"rendered":"Appels d&rsquo;urgence &#8211; Chauffards, pickpockets et d\u00e9linquants : un \u00e9t\u00e9 sous tension \u00e0 Nice &#8211; Appels d&rsquo;urgence"},"content":{"rendered":"<p id=\"descriptionPanel\" aria-labelledby=\"descriptionArrow\" aria-expanded=\"false\" class=\"mr-2 line-clamp-2 pr-2.5 text-secondary overflow-visible\">Apr\u00e8s le terrible attentat de Nice sur la promenade des Anglais, la police municipale a repris sa lutte quotidienne contre la d\u00e9linquance, afin de permettre aux ni\u00e7ois et aux touristes de profiter pleinement du soleil de la c\u00f4te de d\u2019Azur. &#13;Pickpocket, agressions, f\u00eatards, course-poursuite avec des chauffards inconscients ou encore incivilit\u00e9s, l\u2019\u00e9t\u00e9 a \u00e9t\u00e9 mouvement\u00e9 pour les 435 agents de la police municipale. Sans parler des interventions plus inhabituelles, comme lorsqu\u2019ils sont confront\u00e9s \u00e0 des nudistes \u00ab sauvages \u00bb.&#13;Ils peuvent compter sur un dispositif efficace, avec notamment une \u00e9quipe de motards, qui permet d\u2019intervenir tr\u00e8s rapidement, et surtout un r\u00e9seau de 1750 cam\u00e9ras de vid\u00e9osurveillance qui quadrille toute la ville, l\u2019un des plus importants de France.&#13;Mais l\u2019attentat a marqu\u00e9 \u00e0 jamais certains policiers municipaux&#8230; Ils nous raconteront cette terrible nuit. Pour eux, les images du drame sont encore bien pr\u00e9sentes surtout lorsqu\u2019ils se retrouvent \u00e0 devoir intervenir sur une alerte \u00e0 la bombe !<\/p>\n<p><a class=\"shrink-0\" href=\"https:\/\/www.tf1.fr\/tfx\/appels-urgence\" rel=\"nofollow noopener\" target=\"_blank\"><img decoding=\"async\" src=\"https:\/\/www.europesays.com\/fr\/wp-content\/uploads\/2025\/07\/vignette-portrait-appels-durgence-2023-178c48-42a87c-0@1x.jpg\" width=\"138\" height=\"184\" alt=\"\" loading=\"eager\" fetchpriority=\"auto\" class=\"aspect-[3\/4] h-24 w-auto rounded-3px\" aria-hidden=\"true\"\/><\/a><\/p>\n","protected":false},"excerpt":{"rendered":"Apr\u00e8s le terrible attentat de Nice sur la promenade des Anglais, la police municipale a repris sa lutte&hellip;\n","protected":false},"author":2,"featured_media":217027,"comment_status":"","ping_status":"","sticky":false,"template":"","format":"standard","meta":{"footnotes":""},"categories":[2819],"tags":[1111,11,23233,23232,2889,23231,1777,674,1011,27,12,2401,882,25,23235,23234,23236],"class_list":{"0":"post-217026","1":"post","2":"type-post","3":"status-publish","4":"format-standard","5":"has-post-thumbnail","7":"category-nice","8":"tag-actu","9":"tag-actualites","10":"tag-appels-durgence","11":"tag-appels-durgence-emission","12":"tag-emission","13":"tag-emission-appels-durgence","14":"tag-eu","15":"tag-europe","16":"tag-fr","17":"tag-france","18":"tag-news","19":"tag-nice","20":"tag-provence-alpes-cote-dazur","21":"tag-republique-francaise","22":"tag-streaming-appels-durgence","23":"tag-video-appels-durgence","24":"tag-video-en-streaming-appels-durgence"},"share_on_mastodon":{"url":"","error":""},"_links":{"self":[{"href":"https:\/\/www.europesays.com\/fr\/wp-json\/wp\/v2\/posts\/217026","targetHints":{"allow":["GET"]}}],"collection":[{"href":"https:\/\/www.europesays.com\/fr\/wp-json\/wp\/v2\/posts"}],"about":[{"href":"https:\/\/www.europesays.com\/fr\/wp-json\/wp\/v2\/types\/post"}],"author":[{"embeddable":true,"href":"https:\/\/www.europesays.com\/fr\/wp-json\/wp\/v2\/users\/2"}],"replies":[{"embeddable":true,"href":"https:\/\/www.europesays.com\/fr\/wp-json\/wp\/v2\/comments?post=217026"}],"version-history":[{"count":0,"href":"https:\/\/www.europesays.com\/fr\/wp-json\/wp\/v2\/posts\/217026\/revisions"}],"wp:featuredmedia":[{"embeddable":true,"href":"https:\/\/www.europesays.com\/fr\/wp-json\/wp\/v2\/media\/217027"}],"wp:attachment":[{"href":"https:\/\/www.europesays.com\/fr\/wp-json\/wp\/v2\/media?parent=217026"}],"wp:term":[{"taxonomy":"category","embeddable":true,"href":"https:\/\/www.europesays.com\/fr\/wp-json\/wp\/v2\/categories?post=217026"},{"taxonomy":"post_tag","embeddable":true,"href":"https:\/\/www.europesays.com\/fr\/wp-json\/wp\/v2\/tags?post=217026"}],"curies":[{"name":"wp","href":"https:\/\/api.w.org\/{rel}","templated":true}]}}