{"id":217052,"date":"2025-07-01T01:38:19","date_gmt":"2025-07-01T01:38:19","guid":{"rendered":"https:\/\/www.europesays.com\/fr\/217052\/"},"modified":"2025-07-01T01:38:19","modified_gmt":"2025-07-01T01:38:19","slug":"les-restrictions-de-circulation-se-durcissent-en-ile-de-france-avec-la-vigilance-rouge","status":"publish","type":"post","link":"https:\/\/www.europesays.com\/fr\/217052\/","title":{"rendered":"Les restrictions de circulation se durcissent en \u00cele-de-France avec la vigilance rouge"},"content":{"rendered":"<p>AFP Videos &#8211; France<\/p>\n<p><a class=\"Td(n) C($inherit) LineClamp(2,45px) D(f) rapidnofollow\" data-uuid=\"708281b6-1251-39e0-9e6c-6012aa8a9743\" href=\"https:\/\/fr.news.yahoo.com\/canicule-sintensifie-quasi-totalit%C3%A9-france-015943353.html\" data-ylk=\"elm:hdln;itc:0;pos:1;sec:strm;subsec:moreforyou;cpos:26;ct:video;g:708281b6-1251-39e0-9e6c-6012aa8a9743\" data-hosted-type=\"HOSTED\" target=\"_blank\" rel=\"noopener\">La canicule s&rsquo;intensifie, la quasi-totalit\u00e9 de la France assomm\u00e9e par la chaleur<\/a><\/p>\n<p class=\"M(0) C($summaryColor) Fz(14px) Lh(1.43em) LineClamp(3,60px)\">L&rsquo;\u00e9pisode de canicule va encore gagner en intensit\u00e9 dimanche en France, o\u00f9 73 d\u00e9partements ont \u00e9t\u00e9 plac\u00e9s en vigilance orange, plongeant presque tout le pays dans une chaleur \u00e9touffante, au moins jusqu&rsquo;en milieu de semaine prochaine, alors que l&rsquo;\u00e9t\u00e9 d\u00e9bute \u00e0 peine.La quasi-totalit\u00e9 de l&rsquo;Hexagone est concern\u00e9e par un \u00ab\u00a0\u00e9pisode caniculaire intense\u00a0\u00bb qui a d\u00e9but\u00e9 vendredi, \u00e0 l&rsquo;exception des Hautes-Alpes, de la Corse-du-Sud et d&rsquo;une bande allant du Finist\u00e8re \u00e0 la Moselle, a indiqu\u00e9 M\u00e9t\u00e9o-France.Il faudra s&rsquo;attendre \u00e0 des \u00ab\u00a0temp\u00e9ratures maximales entre 30\u00b0C et 34\u00b0C sur un axe allant du sud de la Bretagne \u00e0 la r\u00e9gion Centre-Val de Loire, \u00e0 l&rsquo;Ile-de-France et \u00e0 la Bourgogne\u00a0\u00bb tandis que \u00ab\u00a0plus au sud, on atteindra g\u00e9n\u00e9ralement 34\u00b0C \u00e0 38\u00b0C\u00a0\u00bb et r\u00e9guli\u00e8rement 39\u00b0C \u00e0 40\u00b0C \u00ab\u00a0pr\u00e8s de la M\u00e9diterran\u00e9e\u00a0\u00bb, a alert\u00e9 l&rsquo;institut.\u00a0\u00bbLa canicule se poursuivra en d\u00e9but de semaine de prochaine, avec des temp\u00e9ratures encore en hausse, except\u00e9 sur le pourtour m\u00e9diterran\u00e9en o\u00f9 elles seront stationnaires\u00a0\u00bb, a ajout\u00e9 M\u00e9t\u00e9o-France, qui pr\u00e9voit que le pic de l&rsquo;\u00e9pisode caniculaire (lors duquel des maximales de 39\u00b0C \u00e0 40\u00b0C seront \u00ab\u00a0assez fr\u00e9quentes\u00a0\u00bb) survienne \u00ab\u00a0autour de mardi ou mercredi selon les r\u00e9gions\u00a0\u00bb.A Tours, o\u00f9 des maximales comprises entre 36\u00b0C et 38\u00b0C sont attendues jusqu&rsquo;en milieu de semaine, toutes les \u00e9coles fermeront lundi et mardi apr\u00e8s-midi pour \u00ab\u00a0prot\u00e9ger les enfants et les personnels\u00a0\u00bb et la municipalit\u00e9 \u00ab\u00a0recommande fortement aux parents de garder leurs enfants \u00e0 la maison\u00a0\u00bb lors des deux prochains jours.En Vend\u00e9e, o\u00f9 doit se tenir la course en ligne masculine des championnats de France de cyclisme aux Herbiers, les organisateurs ont annonc\u00e9 r\u00e9duire l&rsquo;\u00e9preuve d&rsquo;un tour de circuit, soit 16,5 km.Cette 50e vague de chaleur nationale depuis 1947, la 33e du XXIe si\u00e8cle, cons\u00e9quence du r\u00e9chauffement climatique qui augmente l&rsquo;intensit\u00e9 et la fr\u00e9quence des canicules, qui frappe la France depuis le 19 juin, touche aussi durement la biodiversit\u00e9.\u00a0\u00bbAvec cette chaleur suffocante, la temp\u00e9rature peut d\u00e9passer 40 degr\u00e9s dans certains nids\u00a0\u00bb, s&rsquo;est alarm\u00e9 le pr\u00e9sident de la Ligue pour la protection des oiseaux (LPO) Allain Bougrain Dubourg aupr\u00e8s de l&rsquo;AFP. \u00ab\u00a0On r\u00e9cup\u00e8re partout des oiseaux en difficult\u00e9, nos sept centres de soins sont satur\u00e9s.\u00a0\u00bb- D\u00f4me de chaleur -Pour la nuit de samedi \u00e0 dimanche, M\u00e9t\u00e9o-France pr\u00e9voyait des temp\u00e9ratures souvent \u00ab\u00a0\u00e9touffantes\u00a0\u00bb avec plus de 20 degr\u00e9s sur une large moiti\u00e9 sud du pays, 22 \u00e0 25 degr\u00e9s sur le quart sud-est\u00a0\u00bb et jusqu&rsquo;\u00e0 27 degr\u00e9s pr\u00e8s de la M\u00e9diterran\u00e9e.Cette vague de chaleur concerne tout le sud de l&rsquo;Europe, avec 17 villes d&rsquo;Italie plac\u00e9es en alerte rouge (niveau 3), dont Milan et Turin. Au Portugal, les deux tiers du pays sont en alerte orange dimanche, avec 42\u00b0C pr\u00e9vus \u00e0 Lisbonne et un risque maximal d&rsquo;incendie. En Espagne, les temp\u00e9ratures ont d\u00e9j\u00e0 d\u00e9pass\u00e9 40\u00b0C samedi \u00e0 S\u00e9ville et dans une large partie du pays.En France, le num\u00e9ro vert canicule, qui permet d&rsquo;obtenir des conseils \u00ab\u00a0pour se prot\u00e9ger et prot\u00e9ger son entourage\u00a0\u00bb, a \u00e9t\u00e9 r\u00e9activ\u00e9 d\u00e8s samedi matin.La cause de ce nouveau pic est un d\u00f4me de chaleur: un large et puissant anticyclone forme une sorte de couvercle qui vient bloquer l&rsquo;air en basses couches, emp\u00eachant l&rsquo;entr\u00e9e de perturbations, tout en le r\u00e9chauffant progressivement.Dans tout le pays, mairies et pr\u00e9fectures multiplient les recommandations et mises en garde: les personnes les plus vuln\u00e9rables sont appel\u00e9es r\u00e9guli\u00e8rement, des distributions d&rsquo;eau sont organis\u00e9es&#8230;A Orl\u00e9ans, l&rsquo;acc\u00e8s \u00e0 certains mus\u00e9es climatis\u00e9s est gratuit, d&rsquo;apr\u00e8s la municipalit\u00e9, qui a \u00e9galement annonc\u00e9 l&rsquo;ouverture tardive de ses parcs et jardins.tmn\/laf\/gvy\/jnd<\/p>\n","protected":false},"excerpt":{"rendered":"AFP Videos &#8211; France La canicule s&rsquo;intensifie, la quasi-totalit\u00e9 de la France assomm\u00e9e par la chaleur L&rsquo;\u00e9pisode de&hellip;\n","protected":false},"author":2,"featured_media":217053,"comment_status":"","ping_status":"","sticky":false,"template":"","format":"standard","meta":{"footnotes":""},"categories":[1592],"tags":[1111,11,35657,1777,674,1011,27,662,3360,12,626,4524,2434,25,7179],"class_list":{"0":"post-217052","1":"post","2":"type-post","3":"status-publish","4":"format-standard","5":"has-post-thumbnail","7":"category-ile-de-france","8":"tag-actu","9":"tag-actualites","10":"tag-bassin-parisien","11":"tag-eu","12":"tag-europe","13":"tag-fr","14":"tag-france","15":"tag-ile-de-france","16":"tag-la-sante","17":"tag-news","18":"tag-paris","19":"tag-prefecture-de-police","20":"tag-qualite-de-lair","21":"tag-republique-francaise","22":"tag-restrictions-de-circulation"},"share_on_mastodon":{"url":"https:\/\/pubeurope.com\/@fr\/114775425430801949","error":""},"_links":{"self":[{"href":"https:\/\/www.europesays.com\/fr\/wp-json\/wp\/v2\/posts\/217052","targetHints":{"allow":["GET"]}}],"collection":[{"href":"https:\/\/www.europesays.com\/fr\/wp-json\/wp\/v2\/posts"}],"about":[{"href":"https:\/\/www.europesays.com\/fr\/wp-json\/wp\/v2\/types\/post"}],"author":[{"embeddable":true,"href":"https:\/\/www.europesays.com\/fr\/wp-json\/wp\/v2\/users\/2"}],"replies":[{"embeddable":true,"href":"https:\/\/www.europesays.com\/fr\/wp-json\/wp\/v2\/comments?post=217052"}],"version-history":[{"count":0,"href":"https:\/\/www.europesays.com\/fr\/wp-json\/wp\/v2\/posts\/217052\/revisions"}],"wp:featuredmedia":[{"embeddable":true,"href":"https:\/\/www.europesays.com\/fr\/wp-json\/wp\/v2\/media\/217053"}],"wp:attachment":[{"href":"https:\/\/www.europesays.com\/fr\/wp-json\/wp\/v2\/media?parent=217052"}],"wp:term":[{"taxonomy":"category","embeddable":true,"href":"https:\/\/www.europesays.com\/fr\/wp-json\/wp\/v2\/categories?post=217052"},{"taxonomy":"post_tag","embeddable":true,"href":"https:\/\/www.europesays.com\/fr\/wp-json\/wp\/v2\/tags?post=217052"}],"curies":[{"name":"wp","href":"https:\/\/api.w.org\/{rel}","templated":true}]}}