{"id":217056,"date":"2025-07-01T01:40:24","date_gmt":"2025-07-01T01:40:24","guid":{"rendered":"https:\/\/www.europesays.com\/fr\/217056\/"},"modified":"2025-07-01T01:40:24","modified_gmt":"2025-07-01T01:40:24","slug":"canicule-les-nuits-les-plus-suffocantes-arrivent-voici-ce-qui-vous-attend","status":"publish","type":"post","link":"https:\/\/www.europesays.com\/fr\/217056\/","title":{"rendered":"Canicule\u00a0: les nuits les plus suffocantes arrivent, voici ce qui vous attend"},"content":{"rendered":"<p class=\"paragraph text_align_left lp-f-body-02\">Adrien se pr\u00e9pare \u00e0 \u00ab une rude semaine \u00bb. \u00ab Je crains terriblement <a href=\"https:\/\/www.leparisien.fr\/meteo\/canicule-tout-savoir-sur-les-vagues-de-chaleur-17-04-2024-NTB6G36GYNHJXAJXNILUKHIFDI.php\" target=\"_blank\" rel=\"noreferrer nofollow noopener\">la chaleur<\/a>, mais ce sont les nuits que j\u2019appr\u00e9hende le plus\u2026 \u00bb confie le quadrag\u00e9naire parisien, rencontr\u00e9 ce dimanche dans un parc o\u00f9 il promenait ses deux enfants.<\/p>\n<p class=\"paragraph text_align_left lp-f-body-02\">\u00c0 c\u00f4t\u00e9 des 40 \u00b0C qui nous attendent au plus chaud de la journ\u00e9e sur une bonne partie du pays ce mardi, des temp\u00e9ratures juste en dessous de 30 \u00b0C paraissent bien petites dans l\u2019absolu. Et pourtant, quand le mercure ne descend pas beaucoup au cours de la nuit et plafonne \u00e0 27, 28 voire 29 \u00b0C \u00e0 l\u2019aube, les organismes souffrent profond\u00e9ment car ils ne parviennent pas \u00e0 bien r\u00e9cup\u00e9rer.<\/p>\n<p class=\"paragraph text_align_left lp-f-body-02\">\u00ab Les temp\u00e9ratures maximales sont int\u00e9ressantes \u00e0 suivre pour les arbres et la v\u00e9g\u00e9tation. En ce qui concerne le b\u00e2timent et la ville, c\u2019est vraiment la temp\u00e9rature minimale qui va tout commander \u00bb, pointe Cl\u00e9ment Gaillard, urbaniste sp\u00e9cialis\u00e9 en conception bioclimatique.<\/p>\n<p>Des nuits tropicales sur une large partie du pays<\/p>\n<p class=\"paragraph text_align_left lp-f-body-02\">Depuis une semaine, le sud de la France <a href=\"https:\/\/www.leparisien.fr\/meteo\/canicule-de-21-c-a-28-c-a-paris-lyon-nice-et-bordeaux-des-nuits-tropicales-enregistrees-30-06-2025-ZNPNBOWDQNF73G3DQBKY7E4FXY.php\" target=\"_blank\" rel=\"noreferrer nofollow noopener\">est d\u00e9j\u00e0 habitu\u00e9 \u00e0 ces nuits dites \u00ab tropicales \u00bb<\/a> \u2014 c\u2019est-\u00e0-dire quand la temp\u00e9rature minimale reste au-dessus de la barre de 20 \u00b0C. Perpignan, Nice ou encore Marseille ne sont pas descendues sous 26 voire 28 \u00b0C. Ces deux prochaines nuits, le centre de la France <a href=\"https:\/\/www.leparisien.fr\/paris-75\/26-c-a-paris-a-une-heure-du-matin-rafraichissement-tardif-lile-de-france-a-suffoque-cette-nuit-30-06-2025-6YHAVETLCJDKHCR35M4Q2QNEDQ.php\" target=\"_blank\" rel=\"noreferrer nofollow noopener\">sera concern\u00e9 \u00e0 son tour<\/a>. \u00ab Dans quasiment toutes les villes allant du pourtour m\u00e9diterran\u00e9en \u00e0 l\u2019\u00cele-de-France en passant par le sud-ouest et le Poitou-Charentes, on restera au-dessus de 20 \u00b0C \u00bb, avance Adrien Warnan, pr\u00e9visionniste \u00e0 M\u00e9t\u00e9o France.<\/p>\n<p><img decoding=\"async\" class=\"image \" loading=\"lazy\" src=\"https:\/\/www.europesays.com\/fr\/wp-content\/uploads\/2025\/07\/UW7GNJNIWJBCXMWWEQJHBPWZJM.jpg\" alt=\"\" align=\"\" data-rubrique-principale=\"\" data-article-type=\"\" fetchpriority=\"auto\"\/><\/p>\n<p class=\"paragraph text_align_left lp-f-body-02\">La nuit la plus chaude devrait \u00eatre celle de mardi \u00e0 mercredi. \u00c0 Paris, le mercure pourrait rester bloqu\u00e9 \u00e0 25 voire 26 ou 27 \u00b0C. Le record mensuel de temp\u00e9rature minimale la plus \u00e9lev\u00e9e \u00e0 la station de Paris-Montsouris, \u00e0 savoir 25 \u00b0C \u00e0 l\u2019aune du 25 juillet 2019, pourrait \u00eatre approch\u00e9 voire battu. Depuis plusieurs d\u00e9cennies, le nombre de nuits tropicales dans la capitale tend d\u00e9j\u00e0 \u00e0 augmenter. <\/p>\n<p><img decoding=\"async\" class=\"image \" loading=\"lazy\" src=\"https:\/\/www.europesays.com\/fr\/wp-content\/uploads\/2025\/07\/QNRPGF4AQBHPDLP72WN3R627RQ.jpg\" alt=\"\" align=\"\" data-rubrique-principale=\"\" data-article-type=\"\" fetchpriority=\"auto\"\/><\/p>\n<p class=\"paragraph text_align_left lp-f-body-02\">\u00ab On communique beaucoup sur les maximales car c\u2019est souvent mieux per\u00e7u par la population, mais les minimales seront au moins aussi notables \u00bb, r\u00e9sume Adrien Warnan. Et comme celles-ci seront atteintes \u00e0 l\u2019aube, il peut faire encore 30 \u00b0C \u00e0 minuit voire 1 heure du matin !<\/p>\n<p>En centre-ville, le ph\u00e9nom\u00e8ne d\u2019\u00eelot de chaleur<\/p>\n<p class=\"paragraph text_align_left lp-f-body-02\">Ces phases nocturnes seront \u2014 comme toujours \u2014 beaucoup plus suffocantes en centre-ville qu\u2019en banlieue, \u00e0 cause du ph\u00e9nom\u00e8ne <a href=\"https:\/\/www.leparisien.fr\/paris-75\/vague-de-chaleur-a-paris-baignade-dans-la-seine-brumisateurs-comment-la-ville-veut-eviter-la-surchauffe-18-06-2025-BWIFW5HL4FCURBOIX4K5EJQNSQ.php\" target=\"_blank\" rel=\"noreferrer nofollow noopener\">d\u2019\u00eelot de chaleur urbain<\/a>. Le bitume absorbe la chaleur puis il la rel\u00e2che en fin de journ\u00e9e, emp\u00eachant les temp\u00e9ratures de beaucoup descendre la nuit en zone urbaine.<\/p>\n<p class=\"paragraph text_align_left lp-f-body-02\">\u00ab Quand il fait 24 \u00b0C \u00e0 Paris, on peut atteindre 28 \u00b0C dans le centre et gagner encore 1 ou 2 degr\u00e9s en plus si des appareils \u00e9lectriques (four, machine, etc.) fonctionnent dans l\u2019appartement \u00bb, pr\u00e9vient Cl\u00e9ment Gaillard. Alors, si vous n\u2019avez pas la climatisation \u00e0 domicile, le chercheur conseille notamment de \u00ab dormir dans la pi\u00e8ce la plus fra\u00eeche \u00bb.<\/p>\n","protected":false},"excerpt":{"rendered":"Adrien se pr\u00e9pare \u00e0 \u00ab une rude semaine \u00bb. \u00ab Je crains terriblement la chaleur, mais ce sont&hellip;\n","protected":false},"author":2,"featured_media":217057,"comment_status":"","ping_status":"","sticky":false,"template":"","format":"standard","meta":{"footnotes":""},"categories":[1888],"tags":[1111,1928,11,1927,1777,674,1011,27,2487,12,1926,626,1925,25,104],"class_list":{"0":"post-217056","1":"post","2":"type-post","3":"status-publish","4":"format-standard","5":"has-post-thumbnail","7":"category-paris","8":"tag-actu","9":"tag-actu-paris","10":"tag-actualites","11":"tag-actualites-paris","12":"tag-eu","13":"tag-europe","14":"tag-fr","15":"tag-france","16":"tag-meteo","17":"tag-news","18":"tag-news-paris","19":"tag-paris","20":"tag-paris-news","21":"tag-republique-francaise","22":"tag-societe"},"share_on_mastodon":{"url":"https:\/\/pubeurope.com\/@fr\/114775433401987017","error":""},"_links":{"self":[{"href":"https:\/\/www.europesays.com\/fr\/wp-json\/wp\/v2\/posts\/217056","targetHints":{"allow":["GET"]}}],"collection":[{"href":"https:\/\/www.europesays.com\/fr\/wp-json\/wp\/v2\/posts"}],"about":[{"href":"https:\/\/www.europesays.com\/fr\/wp-json\/wp\/v2\/types\/post"}],"author":[{"embeddable":true,"href":"https:\/\/www.europesays.com\/fr\/wp-json\/wp\/v2\/users\/2"}],"replies":[{"embeddable":true,"href":"https:\/\/www.europesays.com\/fr\/wp-json\/wp\/v2\/comments?post=217056"}],"version-history":[{"count":0,"href":"https:\/\/www.europesays.com\/fr\/wp-json\/wp\/v2\/posts\/217056\/revisions"}],"wp:featuredmedia":[{"embeddable":true,"href":"https:\/\/www.europesays.com\/fr\/wp-json\/wp\/v2\/media\/217057"}],"wp:attachment":[{"href":"https:\/\/www.europesays.com\/fr\/wp-json\/wp\/v2\/media?parent=217056"}],"wp:term":[{"taxonomy":"category","embeddable":true,"href":"https:\/\/www.europesays.com\/fr\/wp-json\/wp\/v2\/categories?post=217056"},{"taxonomy":"post_tag","embeddable":true,"href":"https:\/\/www.europesays.com\/fr\/wp-json\/wp\/v2\/tags?post=217056"}],"curies":[{"name":"wp","href":"https:\/\/api.w.org\/{rel}","templated":true}]}}