{"id":217058,"date":"2025-07-01T01:41:25","date_gmt":"2025-07-01T01:41:25","guid":{"rendered":"https:\/\/www.europesays.com\/fr\/217058\/"},"modified":"2025-07-01T01:41:25","modified_gmt":"2025-07-01T01:41:25","slug":"bijoux-caches-de-rachida-dati-deux-signalements-adresses-au-parquet-de-paris","status":"publish","type":"post","link":"https:\/\/www.europesays.com\/fr\/217058\/","title":{"rendered":"\u00ab\u00a0Bijoux cach\u00e9s\u00a0\u00bb de Rachida Dati\u00a0: deux signalements adress\u00e9s au parquet de Paris"},"content":{"rendered":"<p class=\"paragraph text_align_left lp-f-body-02\">L\u2019affaire prend de l\u2019ampleur. Trois signalements, reprenant des r\u00e9v\u00e9lations de presse sur une possible minoration des patrimoines des ministres Rachida Dati et \u00c9ric Lombard que ces derniers contestent, ont \u00e9t\u00e9 adress\u00e9s au parquet de Paris, a-t-on appris lundi de sources proches du dossier, confirmant une information de <a href=\"https:\/\/www.liberation.fr\/societe\/police-justice\/affaire-des-bijoux-de-rachida-dati-le-parquet-de-paris-saisi-de-deux-signalements-20250630_3MR7VSWIQFDK3BJMPQVNHCIJJE\/\" target=\"_self\" rel=\"nofollow noopener\">Lib\u00e9ration<\/a>.<\/p>\n<p class=\"paragraph text_align_left lp-f-body-02\">La premi\u00e8re a \u00e9t\u00e9 d\u00e9pos\u00e9e par un ancien maire adjoint de Grenoble, qui a saisi le parquet de Paris en vertu de l\u2019article\u00a040 du Code de proc\u00e9dure p\u00e9nale. Raymond Avrillier, militant \u00e9cologiste, assure dans son courrier que les informations de Lib\u00e9ration \u00ab\u00a0n\u2019ont pu \u00e9chapper aux autorit\u00e9s de la HATVP et du Parquet de Paris\u00a0\u00bb.<\/p>\n<p class=\"paragraph text_align_left lp-f-body-02\">Le militant signale aussi <a href=\"https:\/\/www.leparisien.fr\/politique\/le-canard-enchaine-epingle-eric-lombard-sur-sa-declaration-de-patrimoine-18-06-2025-FR76K2M33ZGQXFUEXBGSHZQ2LA.php\" target=\"_self\" rel=\"nofollow noopener\">un article du Canard encha\u00een\u00e9 paru en juin<\/a> accusant le ministre de l\u2019\u00c9conomie d\u2019avoir \u00ab\u00a0sous-\u00e9valu\u00e9\u00a0\u00bb son patrimoine, et notamment la valeur d\u2019une maison dans le Morbihan ou d\u2019un appartement. Bercy avait r\u00e9cus\u00e9 les affirmations du journal satirique.<\/p>\n<p>Deux signalements d\u2019un \u00e9lu parisien<\/p>\n<p class=\"paragraph text_align_left lp-f-body-02\">Le s\u00e9nateur socialiste et \u00e9lu de Paris <a href=\"https:\/\/www.leparisien.fr\/politique\/remi-feraud\/\" target=\"_self\" rel=\"nofollow noopener\">R\u00e9mi F\u00e9raud<\/a>, a lui aussi adress\u00e9 le 26\u00a0juin deux signalements signalement au parquet, r\u00e9clamant \u00ab\u00a0l\u2019ouverture d\u2019une enqu\u00eate pr\u00e9liminaire\u00a0\u00bb, selon un courrier consult\u00e9 par Lib\u00e9ration. Le conseiller et ancien maire du Xe\u00a0arrondissement, candidat \u00e0 la primaire du PS pour succ\u00e9der \u00e0 Anne Hidalgo, alerte sur \u00ab\u00a0des faits d\u2019omission de d\u00e9claration et de faux en \u00e9criture priv\u00e9e\u00a0\u00bb.<\/p>\n<p class=\"paragraph text_align_left lp-f-body-02\">Le second signalement \u00e9voque cette fois <a href=\"https:\/\/www.leparisien.fr\/culture-loisirs\/tv\/complement-denquete-sur-france-2-ce-que-contient-le-prochain-numero-sur-rachida-dati-04-06-2025-GKN4AYWDRNEEVADISLNPM377XA.php\" target=\"_self\" rel=\"nofollow noopener\">une enqu\u00eate de L\u2019Obs et de Compl\u00e9ment d\u2019enqu\u00eate<\/a> (France\u00a02) d\u2019apr\u00e8s laquelle Dati aurait per\u00e7u 299\u00a0000\u00a0euros d\u2019\u00ab\u00a0honoraires\u00a0\u00bb non-d\u00e9clar\u00e9s de GDF Suez en 2010-2011 quand elle \u00e9tait eurod\u00e9put\u00e9e et avocate. \u00ab\u00a0Madame Dati a donn\u00e9 toutes ses explications et n\u2019a jamais \u00e9t\u00e9 l\u2019avocate de GDF Suez\u00a0\u00bb, avaient indiqu\u00e9 d\u00e9but juin ses avocats, Mes Olivier Baratelli et Olivier Pardo.<\/p>\n<p>Dix-neuf pi\u00e8ces de joaillerie<\/p>\n<p class=\"paragraph text_align_left lp-f-body-02\">L\u2019un des avocats de Rachida Dati n\u2019a pas r\u00e9pondu dans l\u2019imm\u00e9diat. Contact\u00e9, le minist\u00e8re de la Culture n\u2019a pas souhait\u00e9 commenter. Contact\u00e9 sur l\u2019issue donn\u00e9e \u00e0 ces signalements, le parquet de Paris n\u2019\u00e9tait pas en mesure de r\u00e9pondre dans l\u2019imm\u00e9diat.<\/p>\n<p class=\"paragraph text_align_left lp-f-body-02\">Mercredi 9\u00a0avril, le journal Lib\u00e9ration a publi\u00e9 <a href=\"https:\/\/www.liberation.fr\/societe\/police-justice\/les-bijoux-caches-de-rachida-dati-revelations-sur-le-patrimoine-de-la-ministre-de-la-culture-20250409_CSZOOEG3AVFCJBERYAWHKY6F7M\/\" target=\"_self\" rel=\"nofollow noopener\">une enqu\u00eate<\/a> intitul\u00e9e \u00ab\u00a0les bijoux cach\u00e9s de Rachida Dati\u00a0\u00bb dans lequel le quotidien affirme que la ministre de la Culture aurait fourni des d\u00e9clarations de patrimoine erron\u00e9es, en omettant d\u2019y faire figurer 19 pi\u00e8ces de joaillerie pour un montant total de 420\u00a0000\u00a0euros d\u00e9tenues depuis 2017.<\/p>\n<p class=\"paragraph text_align_left lp-f-body-02\">La HATVP, cr\u00e9\u00e9e en 2013 apr\u00e8s le scandale Cahuzac, contr\u00f4le <a href=\"https:\/\/www.leparisien.fr\/politique\/tous-proprietaires-quelques-millionnaires-le-patrimoine-de-lancien-gouvernement-attal-passe-au-crible-27-02-2025-EFKEOVXLQ5AGVPNP7UDY7W2QV4.php\" rel=\"nofollow noopener\" target=\"_blank\">le patrimoine et les d\u00e9clarations d\u2019int\u00e9r\u00eats de pr\u00e8s de 15\u00a0000 responsables publics, ministres, \u00e9lus et hauts fonctionnaires<\/a>. Elle peut saisir la justice si elle d\u00e9c\u00e8le une intention frauduleuse ou une omission substantielle.<\/p>\n<p class=\"paragraph text_align_left lp-f-body-02\">Selon le quotidien, la derni\u00e8re d\u00e9claration de Rachida Dati, publi\u00e9e par la HATVP en juin\u00a02024, fait \u00e9tat d\u2019un patrimoine de \u00ab\u00a0quelque 5,6\u00a0millions d\u2019euros sous forme de biens immobiliers en France et au Maroc, comptes courants, assurances vie ou produits d\u2019\u00e9pargne\u00a0\u00bb. Mais aucune mention de bijoux, alors que les responsables politiques sont tenus de les d\u00e9clarer lorsque leur valeur individuelle d\u00e9passe les 10\u00a0000\u00a0euros.<\/p>\n<p class=\"paragraph text_align_left lp-f-body-02\">\u00ab\u00a0Elle doit r\u00e9gulariser (sa situation) si c\u2019\u00e9tait vrai\u00a0\u00bb, estimait le 13\u00a0avril dernier <a href=\"https:\/\/www.leparisien.fr\/politique\/critique-de-francois-bayrou-ex-lr-qui-est-sophie-primas-la-nouvelle-porte-parole-du-gouvernement-03-01-2025-E5BAOAFOW5D23LNNUI5AZSJEO4.php\" rel=\"nofollow noopener\" target=\"_blank\">la porte-parole du gouvernement, Sophie Primas<\/a>. La ministre de la Culture assurait en r\u00e9ponse n\u2019avoir \u00ab\u00a0rien \u00e0 r\u00e9gulariser\u00a0\u00bb dans sa d\u00e9claration de patrimoine, confirmant avoir d\u00e9pos\u00e9 une plainte en mettant en cause le journaliste Laurent L\u00e9ger auteur de cet article. Selon elle, c\u2019est un \u00ab\u00a0intime d\u2019Anne Hidalgo, la maire de Paris \u00e0 laquelle elle s\u2019oppose<a href=\"https:\/\/www.leparisien.fr\/elections\/municipales\/direct-municipales-2026-a-paris-attal-dati-gregoire-belliard-quels-candidats-a-gauche-et-a-droite-posez-nous-vos-questions-24-03-2025-RCMT7KNZ2BGLZMTP7ACAHIRBF4.php\" rel=\"nofollow noopener\" target=\"_blank\"> r\u00e9guli\u00e8rement dans la capitale<\/a>.<\/p>\n<p class=\"paragraph text_align_left lp-f-body-02\">Par ailleurs, Rachida Dati est vis\u00e9e par une information judiciaire dans un autre dossier <a href=\"https:\/\/www.leparisien.fr\/faits-divers\/affaire-rachida-dati-renault-la-ministre-de-la-culture-attaque-en-justice-lactuel-president-de-lentreprise-05-04-2024-7SCPDAIDWVA3JAQWCBND5T5YPI.php\" rel=\"nofollow noopener\" target=\"_blank\">de corruption, aux c\u00f4t\u00e9s de l\u2019ex-patron de Renault\/Nissan Carlos Ghosn.<\/a> Le parquet national financier (PNF) a<a href=\"https:\/\/www.leparisien.fr\/faits-divers\/corruption-le-pnf-requiert-un-proces-contre-rachida-dati-et-carlos-ghosn-15-11-2024-YCW5GKJRFRCPHF6XF2KHDH32WI.php\" rel=\"nofollow noopener\" target=\"_blank\"> demand\u00e9 qu\u2019elle soit jug\u00e9e <\/a>pour corruption et trafic d\u2019influence dans un r\u00e9quisitoire dont l\u2019int\u00e9ress\u00e9e a demand\u00e9 la nullit\u00e9 en mars.<\/p>\n","protected":false},"excerpt":{"rendered":"L\u2019affaire prend de l\u2019ampleur. Trois signalements, reprenant des r\u00e9v\u00e9lations de presse sur une possible minoration des patrimoines des&hellip;\n","protected":false},"author":2,"featured_media":182820,"comment_status":"","ping_status":"","sticky":false,"template":"","format":"standard","meta":{"footnotes":""},"categories":[1888],"tags":[11,872,1777,674,1011,27,12,626,316,25],"class_list":{"0":"post-217058","1":"post","2":"type-post","3":"status-publish","4":"format-standard","5":"has-post-thumbnail","7":"category-paris","8":"tag-actualites","9":"tag-culture-et-loisirs","10":"tag-eu","11":"tag-europe","12":"tag-fr","13":"tag-france","14":"tag-news","15":"tag-paris","16":"tag-politique","17":"tag-republique-francaise"},"share_on_mastodon":{"url":"https:\/\/pubeurope.com\/@fr\/114775437025527855","error":""},"_links":{"self":[{"href":"https:\/\/www.europesays.com\/fr\/wp-json\/wp\/v2\/posts\/217058","targetHints":{"allow":["GET"]}}],"collection":[{"href":"https:\/\/www.europesays.com\/fr\/wp-json\/wp\/v2\/posts"}],"about":[{"href":"https:\/\/www.europesays.com\/fr\/wp-json\/wp\/v2\/types\/post"}],"author":[{"embeddable":true,"href":"https:\/\/www.europesays.com\/fr\/wp-json\/wp\/v2\/users\/2"}],"replies":[{"embeddable":true,"href":"https:\/\/www.europesays.com\/fr\/wp-json\/wp\/v2\/comments?post=217058"}],"version-history":[{"count":0,"href":"https:\/\/www.europesays.com\/fr\/wp-json\/wp\/v2\/posts\/217058\/revisions"}],"wp:featuredmedia":[{"embeddable":true,"href":"https:\/\/www.europesays.com\/fr\/wp-json\/wp\/v2\/media\/182820"}],"wp:attachment":[{"href":"https:\/\/www.europesays.com\/fr\/wp-json\/wp\/v2\/media?parent=217058"}],"wp:term":[{"taxonomy":"category","embeddable":true,"href":"https:\/\/www.europesays.com\/fr\/wp-json\/wp\/v2\/categories?post=217058"},{"taxonomy":"post_tag","embeddable":true,"href":"https:\/\/www.europesays.com\/fr\/wp-json\/wp\/v2\/tags?post=217058"}],"curies":[{"name":"wp","href":"https:\/\/api.w.org\/{rel}","templated":true}]}}