{"id":217061,"date":"2025-07-01T01:43:18","date_gmt":"2025-07-01T01:43:18","guid":{"rendered":"https:\/\/www.europesays.com\/fr\/217061\/"},"modified":"2025-07-01T01:43:18","modified_gmt":"2025-07-01T01:43:18","slug":"elle-aide-le-monde-entier-a-etre-de-meilleure-humeur-vladimir-poutine-vante-la-vodka-russe","status":"publish","type":"post","link":"https:\/\/www.europesays.com\/fr\/217061\/","title":{"rendered":"\u00ab\u00a0Elle aide le monde entier \u00e0 \u00eatre de meilleure humeur\u00a0\u00bb: Vladimir Poutine vante la vodka russe"},"content":{"rendered":"<p class=\"ap-StoryElement ap-StoryElement--mb ap-StoryText\">Alors que les n\u00e9gociations sur un \u00e9ventuel accord de paix entre la Russie et l&rsquo;Ukraine pi\u00e9tinent, Vladimir Poutine a profit\u00e9, le 19 juin dernier, du forum \u00e9conomique de Saint-P\u00e9tersbourg pour faire la promotion de la vodka russe, comme le rapporte <a href=\"https:\/\/www.lefigaro.fr\/international\/aider-le-monde-entier-a-etre-de-meilleure-humeur-vladimir-poutine-vante-l-exportation-de-la-vodka-russe-20250628\" target=\"_blank\" rel=\"noopener\">Le Figaro<\/a>.<\/p>\n<p class=\"ap-StoryElement ap-StoryElement--mb ap-StoryText\">Le sujet pour le moins surprenant, a \u00e9t\u00e9 mis sur la table par Zamani Letjane, un homme d&rsquo;affaires sud-africain qui a annonc\u00e9 vouloir que son entreprise importe de la <a href=\"https:\/\/www.lalibre.be\/economie\/entreprises-startup\/2024\/09\/29\/comment-les-russes-sont-a-lorigine-de-la-creation-dun-gin-dune-vodka-dun-pastis-et-dun-whisky-a-laccent-belge-Z3G62GXUIRE2FG2T6W2TEW4T3M\/\" target=\"_blank\" rel=\"noopener\">vodka <\/a>en Afrique du Sud.<\/p>\n<p>\u00ab\u00a0Une \u00e9tape cruciale\u00a0\u00bb<\/p>\n<p class=\"ap-StoryElement ap-StoryElement--mb ap-StoryText\">\u00ab\u00a0C&rsquo;est une \u00e9tape cruciale et judicieuse\u00a0\u00bb, aurait alors r\u00e9pondu Poutine. \u00ab\u00a0Quand vous buvez de la vodka, il faut ensuite pouvoir l&rsquo;\u00e9liminer avec de la nourriture [\u2026] C&rsquo;est pourquoi elle sera probablement suivie de livraisons de produits carn\u00e9s ou de c\u00e9r\u00e9ales\u00a0\u00bb, a poursuivi <a href=\"https:\/\/www.lalibre.be\/international\/europe\/guerre-ukraine-russie\/2025\/06\/30\/poutine-ne-veut-pas-de-negociations-mais-la-capitulation-de-lukraine-GEGHMP2ONNDRHDTIADLBRD7BIM\/\" target=\"_blank\" rel=\"noopener\">le chef du Kremlin<\/a>, en sachant que depuis le d\u00e9but de la guerre en Ukraine, la vodka russe a \u00e9t\u00e9 interdite \u00e0 la vente dans plusieurs enseignes europ\u00e9ennes et ailleurs dans le monde. Ce deal ouvrira-t-il de nouvelles perspectives \u00e9conomiques pour Moscou ?<\/p>\n","protected":false},"excerpt":{"rendered":"Alors que les n\u00e9gociations sur un \u00e9ventuel accord de paix entre la Russie et l&rsquo;Ukraine pi\u00e9tinent, Vladimir Poutine&hellip;\n","protected":false},"author":2,"featured_media":217062,"comment_status":"","ping_status":"","sticky":false,"template":"","format":"standard","meta":{"footnotes":""},"categories":[1591],"tags":[11,2122,1887,12,1885,1886,132,135],"class_list":{"0":"post-217061","1":"post","2":"type-post","3":"status-publish","4":"format-standard","5":"has-post-thumbnail","7":"category-russie","8":"tag-actualites","9":"tag-conflit-russie-ukraine","10":"tag-federation-de-russie","11":"tag-news","12":"tag-russia","13":"tag-russian-federation","14":"tag-russie","15":"tag-vladimir-poutine"},"share_on_mastodon":{"url":"https:\/\/pubeurope.com\/@fr\/114775444917226025","error":""},"_links":{"self":[{"href":"https:\/\/www.europesays.com\/fr\/wp-json\/wp\/v2\/posts\/217061","targetHints":{"allow":["GET"]}}],"collection":[{"href":"https:\/\/www.europesays.com\/fr\/wp-json\/wp\/v2\/posts"}],"about":[{"href":"https:\/\/www.europesays.com\/fr\/wp-json\/wp\/v2\/types\/post"}],"author":[{"embeddable":true,"href":"https:\/\/www.europesays.com\/fr\/wp-json\/wp\/v2\/users\/2"}],"replies":[{"embeddable":true,"href":"https:\/\/www.europesays.com\/fr\/wp-json\/wp\/v2\/comments?post=217061"}],"version-history":[{"count":0,"href":"https:\/\/www.europesays.com\/fr\/wp-json\/wp\/v2\/posts\/217061\/revisions"}],"wp:featuredmedia":[{"embeddable":true,"href":"https:\/\/www.europesays.com\/fr\/wp-json\/wp\/v2\/media\/217062"}],"wp:attachment":[{"href":"https:\/\/www.europesays.com\/fr\/wp-json\/wp\/v2\/media?parent=217061"}],"wp:term":[{"taxonomy":"category","embeddable":true,"href":"https:\/\/www.europesays.com\/fr\/wp-json\/wp\/v2\/categories?post=217061"},{"taxonomy":"post_tag","embeddable":true,"href":"https:\/\/www.europesays.com\/fr\/wp-json\/wp\/v2\/tags?post=217061"}],"curies":[{"name":"wp","href":"https:\/\/api.w.org\/{rel}","templated":true}]}}