{"id":217066,"date":"2025-07-01T01:45:13","date_gmt":"2025-07-01T01:45:13","guid":{"rendered":"https:\/\/www.europesays.com\/fr\/217066\/"},"modified":"2025-07-01T01:45:13","modified_gmt":"2025-07-01T01:45:13","slug":"usa-apple-deboute-vers-un-proces-pour-abus-de-position-dominante","status":"publish","type":"post","link":"https:\/\/www.europesays.com\/fr\/217066\/","title":{"rendered":"USA: Apple d\u00e9bout\u00e9, vers un proc\u00e8s pour abus de position dominante"},"content":{"rendered":"<p class=\"ap-StoryElement ap-StoryElement--mb ap-StoryText\">L&rsquo;entreprise californienne arguait aussi du fait que se limiter uniquement aux Etats-Unis n&rsquo;\u00e9tait pas pertinent car, \u00e0 l&rsquo;\u00e9chelle mondiale, les t\u00e9l\u00e9phones \u00e9quip\u00e9s du syst\u00e8me d&rsquo;exploitation Android (Samsung notamment) \u00e9taient sensiblement plus nombreux que les iPhone.<\/p>\n<p class=\"ap-StoryElement ap-StoryElement--mb ap-StoryText\">Mais le juge Julien Xavier Neals, juge f\u00e9d\u00e9ral de Newark (est) a, au contraire, estim\u00e9 que le gouvernement am\u00e9ricain avait fourni suffisamment d&rsquo;\u00e9l\u00e9ments pour caract\u00e9riser un monopole et une strat\u00e9gie monopolistique.<\/p>\n<p class=\"ap-StoryElement ap-StoryElement--mb ap-StoryText\">Sa d\u00e9cision \u00e9carte le principal obstacle \u00e0 la tenue d&rsquo;un proc\u00e8s, dont la date n&rsquo;a pas encore \u00e9t\u00e9 fix\u00e9e, mais qui ne devrait pas intervenir avant plusieurs ann\u00e9es.<\/p>\n<p class=\"ap-StoryElement ap-StoryElement--mb ap-StoryText\">L&rsquo;accusation reproche notamment au groupe technologique d&rsquo;avoir frein\u00e9 le d\u00e9veloppement d&rsquo;applications et de services utilisables sur plusieurs supports, au-del\u00e0 de l&rsquo;\u00e9cosyst\u00e8me Apple.<\/p>\n<p class=\"ap-StoryElement ap-StoryElement--mb ap-StoryText\">\u00ab\u00a0Nous pensons que cette action n&rsquo;est justifi\u00e9e ni par la loi, ni par les faits, et nous allons continuer de nous y opposer fermement devant le tribunal\u00a0\u00bb, a r\u00e9agi un porte-parole d&rsquo;Apple aupr\u00e8s de l&rsquo;AFP.<\/p>\n<p class=\"ap-StoryElement ap-StoryElement--mb ap-StoryText\">Apr\u00e8s des d\u00e9cennies d&rsquo;accalmie, les autorit\u00e9s am\u00e9ricaines ont lanc\u00e9, ces derni\u00e8res ann\u00e9es, un tir de barrage contre les g\u00e9ants de la tech pour remettre en cause ce qu&rsquo;elles consid\u00e8rent comme des distorsions de concurrence.<\/p>\n","protected":false},"excerpt":{"rendered":"L&rsquo;entreprise californienne arguait aussi du fait que se limiter uniquement aux Etats-Unis n&rsquo;\u00e9tait pas pertinent car, \u00e0 l&rsquo;\u00e9chelle&hellip;\n","protected":false},"author":2,"featured_media":2837,"comment_status":"","ping_status":"","sticky":false,"template":"","format":"standard","meta":{"footnotes":""},"categories":[1589],"tags":[11,350,73,1866,310,12,42,1864,1865,1863,308],"class_list":{"0":"post-217066","1":"post","2":"type-post","3":"status-publish","4":"format-standard","5":"has-post-thumbnail","7":"category-etats-unis","8":"tag-actualites","9":"tag-concurrence","10":"tag-etats-unis","11":"tag-etats-unis-damerique","12":"tag-internet","13":"tag-news","14":"tag-technologies","15":"tag-united-states","16":"tag-united-states-of-america","17":"tag-us","18":"tag-usa"},"share_on_mastodon":{"url":"https:\/\/pubeurope.com\/@fr\/114775453007317560","error":""},"_links":{"self":[{"href":"https:\/\/www.europesays.com\/fr\/wp-json\/wp\/v2\/posts\/217066","targetHints":{"allow":["GET"]}}],"collection":[{"href":"https:\/\/www.europesays.com\/fr\/wp-json\/wp\/v2\/posts"}],"about":[{"href":"https:\/\/www.europesays.com\/fr\/wp-json\/wp\/v2\/types\/post"}],"author":[{"embeddable":true,"href":"https:\/\/www.europesays.com\/fr\/wp-json\/wp\/v2\/users\/2"}],"replies":[{"embeddable":true,"href":"https:\/\/www.europesays.com\/fr\/wp-json\/wp\/v2\/comments?post=217066"}],"version-history":[{"count":0,"href":"https:\/\/www.europesays.com\/fr\/wp-json\/wp\/v2\/posts\/217066\/revisions"}],"wp:featuredmedia":[{"embeddable":true,"href":"https:\/\/www.europesays.com\/fr\/wp-json\/wp\/v2\/media\/2837"}],"wp:attachment":[{"href":"https:\/\/www.europesays.com\/fr\/wp-json\/wp\/v2\/media?parent=217066"}],"wp:term":[{"taxonomy":"category","embeddable":true,"href":"https:\/\/www.europesays.com\/fr\/wp-json\/wp\/v2\/categories?post=217066"},{"taxonomy":"post_tag","embeddable":true,"href":"https:\/\/www.europesays.com\/fr\/wp-json\/wp\/v2\/tags?post=217066"}],"curies":[{"name":"wp","href":"https:\/\/api.w.org\/{rel}","templated":true}]}}