{"id":217069,"date":"2025-07-01T01:47:16","date_gmt":"2025-07-01T01:47:16","guid":{"rendered":"https:\/\/www.europesays.com\/fr\/217069\/"},"modified":"2025-07-01T01:47:16","modified_gmt":"2025-07-01T01:47:16","slug":"francfort-pourrait-conserver-chaibi-sauf","status":"publish","type":"post","link":"https:\/\/www.europesays.com\/fr\/217069\/","title":{"rendered":"Francfort pourrait conserver Cha\u00efbi sauf&#8230;"},"content":{"rendered":"<p><strong\/><\/p>\n<p><strong>Malgr\u00e9 une saison en demi-teinte, Fares Chaibi semble<br \/>\nbien parti pour poursuivre l\u2019aventure avec l\u2019Eintracht Francfort.<br \/>\nAnnonc\u00e9 dans le viseur d\u2019Aston Villa, le milieu offensif alg\u00e9rien<br \/>\nne devrait finalement pas quitter la Bundesliga cet \u00e9t\u00e9, sauf<br \/>\nretournement de situation spectaculaire, d&rsquo;apr\u00e8s le m\u00e9dia<br \/>\nFrankfurter Rundschau, sp\u00e9cialis\u00e9 dans l&rsquo;actualit\u00e9 des<br \/>\nAigles.<\/strong><\/p>\n<p data-start=\"354\" data-end=\"848\">Le club allemand, \u00e0 travers son<br \/>\nentra\u00eeneur Dino Toppm\u00f6ller, a r\u00e9affirm\u00e9 son intention de conserver<br \/>\nle joueur. Malgr\u00e9 une ann\u00e9e compliqu\u00e9e \u2014 avec seulement 10<br \/>\ntitularisations en 26 apparitions et un maigre bilan d\u2019un but et<br \/>\ntrois passes d\u00e9cisives \u2014, <strong>Chaibi conserve une place<br \/>\nimportante dans le projet sportif du coach allemand.<\/strong> Ce<br \/>\ndernier n\u2019a d\u2019ailleurs pas h\u00e9sit\u00e9 \u00e0 faire l\u2019\u00e9loge de son engagement<br \/>\net de sa mentalit\u00e9 durant ses diff\u00e9rentes conf\u00e9rences de presses<br \/>\ntout au long de la saison.<\/p>\n<p data-start=\"850\" data-end=\"1200\"><strong>Si son rendement<br \/>\nstatistique a \u00e9t\u00e9 jug\u00e9 d\u00e9cevant<\/strong>, plusieurs facteurs<br \/>\nexpliquent ce passage \u00e0 vide. Le joueur de 21 ans a souvent \u00e9t\u00e9<br \/>\nutilis\u00e9 en tant qu\u2019ailier, un poste qui ne correspond pas \u00e0 ses<br \/>\npr\u00e9f\u00e9rences. <strong>Sa position naturelle reste celle de meneur de<br \/>\njeu ou de milieu offensif axial,<\/strong> r\u00f4le dans lequel il avait<br \/>\nbrill\u00e9 lors de sa premi\u00e8re saison.<\/p>\n<p data-start=\"1202\" data-end=\"1498\">Toppm\u00f6ller semble convaincu<br \/>\nque Chaibi peut rebondir. <strong>La fin de saison derni\u00e8re, o\u00f9 il<br \/>\na \u00e9t\u00e9 titularis\u00e9 dans des matchs importants et s\u2019est montr\u00e9<br \/>\nd\u00e9cisif, a renforc\u00e9 cette conviction.<\/strong> Le club n\u2019a par<br \/>\nailleurs re\u00e7u aucune offre officielle.<\/p>\n<p data-start=\"1202\" data-end=\"1498\"><strong>Sauf offre<br \/>\nexceptionnelle,<\/strong> <strong>de plus de 40 millions d\u00a0\u00bbeuros<br \/>\nselon la m\u00eame source,<\/strong> Fares Chaibi devrait donc rester \u00e0<br \/>\nFrancfort, avec pour mission de retrouver son meilleur niveau et de<br \/>\ns\u2019imposer comme un cadre de l\u2019\u00e9quipe.<\/p>\n<p style=\"text-align: right;\" data-start=\"1202\" data-end=\"1498\">\nDZfoot<\/p>\n","protected":false},"excerpt":{"rendered":"Malgr\u00e9 une saison en demi-teinte, Fares Chaibi semble bien parti pour poursuivre l\u2019aventure avec l\u2019Eintracht Francfort. Annonc\u00e9 dans&hellip;\n","protected":false},"author":2,"featured_media":217070,"comment_status":"","ping_status":"","sticky":false,"template":"","format":"standard","meta":{"footnotes":""},"categories":[1587],"tags":[11,672,1804,1805,1803,1777,674,1801,12,1802],"class_list":{"0":"post-217069","1":"post","2":"type-post","3":"status-publish","4":"format-standard","5":"has-post-thumbnail","7":"category-allemagne","8":"tag-actualites","9":"tag-allemagne","10":"tag-bundesrepublik-deutschland","11":"tag-de","12":"tag-deutschland","13":"tag-eu","14":"tag-europe","15":"tag-germany","16":"tag-news","17":"tag-republique-federale-dallemagne"},"share_on_mastodon":{"url":"https:\/\/pubeurope.com\/@fr\/114775460705085927","error":""},"_links":{"self":[{"href":"https:\/\/www.europesays.com\/fr\/wp-json\/wp\/v2\/posts\/217069","targetHints":{"allow":["GET"]}}],"collection":[{"href":"https:\/\/www.europesays.com\/fr\/wp-json\/wp\/v2\/posts"}],"about":[{"href":"https:\/\/www.europesays.com\/fr\/wp-json\/wp\/v2\/types\/post"}],"author":[{"embeddable":true,"href":"https:\/\/www.europesays.com\/fr\/wp-json\/wp\/v2\/users\/2"}],"replies":[{"embeddable":true,"href":"https:\/\/www.europesays.com\/fr\/wp-json\/wp\/v2\/comments?post=217069"}],"version-history":[{"count":0,"href":"https:\/\/www.europesays.com\/fr\/wp-json\/wp\/v2\/posts\/217069\/revisions"}],"wp:featuredmedia":[{"embeddable":true,"href":"https:\/\/www.europesays.com\/fr\/wp-json\/wp\/v2\/media\/217070"}],"wp:attachment":[{"href":"https:\/\/www.europesays.com\/fr\/wp-json\/wp\/v2\/media?parent=217069"}],"wp:term":[{"taxonomy":"category","embeddable":true,"href":"https:\/\/www.europesays.com\/fr\/wp-json\/wp\/v2\/categories?post=217069"},{"taxonomy":"post_tag","embeddable":true,"href":"https:\/\/www.europesays.com\/fr\/wp-json\/wp\/v2\/tags?post=217069"}],"curies":[{"name":"wp","href":"https:\/\/api.w.org\/{rel}","templated":true}]}}