{"id":217071,"date":"2025-07-01T01:48:19","date_gmt":"2025-07-01T01:48:19","guid":{"rendered":"https:\/\/www.europesays.com\/fr\/217071\/"},"modified":"2025-07-01T01:48:19","modified_gmt":"2025-07-01T01:48:19","slug":"en-europe-et-dans-lotan-lespagne-nage-a-contre-courant","status":"publish","type":"post","link":"https:\/\/www.europesays.com\/fr\/217071\/","title":{"rendered":"En Europe et dans l\u2019Otan, l\u2019Espagne \u201cnage \u00e0 contre-courant\u201d"},"content":{"rendered":"\n<p>Ce d\u00e9tail est tout sauf anodin pour les m\u00e9dias espagnols. Sur la photo de famille des dirigeants des pays membres de l\u2019Otan, <a href=\"https:\/\/www.courrierinternational.com\/article\/otan-qualifier-trump-de-papa-coup-de-maitre-ou-flatterie-de-trop-des-europeens_232451\" rel=\"nofollow noopener\" target=\"_blank\">r\u00e9unis \u00e0 La\u00a0Haye les 24\u00a0et 25\u00a0juin<\/a>, Pedro S\u00e1nchez se tient \u201cl\u00e9g\u00e8rement \u00e0 l\u2019\u00e9cart\u201d, <a href=\"https:\/\/www.ara.cat\/politica\/moncloa\/otan-gaza-immigracio-totes-batalles-pedro-sanchez-lliura-solitari_1_5425511.html\" rel=\"nofollow noopener\" target=\"_blank\">remarque <strong>Ara<\/strong><\/a><strong>. <\/strong>Il faut dire que le Premier ministre espagnol \u201cnage \u00e0 contre-courant\u201d, poursuit le quotidien catalan\u00a0: alors qu\u2019une \u201c<a href=\"https:\/\/www.courrierinternational.com\/article\/elections-maree-d-extreme-droite-en-europe-l-espagne-fait-figure-d-exception\" rel=\"nofollow noopener\" target=\"_blank\">vague r\u00e9actionnaire<\/a>\u201d a d\u00e9ferl\u00e9 sur les \u00c9tats membres de l\u2019Alliance et de l\u2019Union europ\u00e9enne (UE), le Madril\u00e8ne est \u201cd\u00e9sormais le principal leader socialiste du bloc europ\u00e9en\u201d aux c\u00f4t\u00e9s notamment de son homologue britannique, le travailliste <a href=\"https:\/\/www.courrierinternational.com\/sujet\/keir-starmer\" rel=\"nofollow noopener\" target=\"_blank\">Keir Starmer<\/a>.<\/p>\n<p>M\u00eame si d\u2019autres dirigeants du Vieux Continent sont issus de la \u201cfamille sociale-d\u00e9mocrate\u201d, aucun d\u2019entre eux ne tient un discours aussi divergent que celui de S\u00e1nchez sur des sujets comme \u201cle r\u00e9armement de l\u2019Europe, la d\u00e9fense de la lutte contre le <a href=\"https:\/\/www.courrierinternational.com\/sujet\/changement-climatique\" rel=\"nofollow noopener\" target=\"_blank\">changement climatique<\/a>, la <a href=\"https:\/\/www.courrierinternational.com\/sujet\/guerre-israel-hamas\" rel=\"nofollow noopener\" target=\"_blank\">guerre \u00e0 Gaza<\/a> et le gouvernement de Benyamin N\u00e9tanyahou ou encore l\u2019immigration\u201d, liste Ara, journal centriste.<\/p>\n<p> \u201cDouble jeu\u201d <\/p>\n<p>\u00c0 l\u2019issue du dernier sommet de l\u2019Otan, \u201cS\u00e1nchez a sign\u00e9 la d\u00e9claration commune avec les trente-deux dirigeants, mais i<\/p>\n","protected":false},"excerpt":{"rendered":"Ce d\u00e9tail est tout sauf anodin pour les m\u00e9dias espagnols. Sur la photo de famille des dirigeants des&hellip;\n","protected":false},"author":2,"featured_media":217072,"comment_status":"","ping_status":"","sticky":false,"template":"","format":"standard","meta":{"footnotes":""},"categories":[1586],"tags":[11,123,1777,674,1011,27,1892,12,35658,316,2476,25],"class_list":{"0":"post-217071","1":"post","2":"type-post","3":"status-publish","4":"format-standard","5":"has-post-thumbnail","7":"category-europe","8":"tag-actualites","9":"tag-espagne","10":"tag-eu","11":"tag-europe","12":"tag-fr","13":"tag-france","14":"tag-gu00e9opolitique","15":"tag-news","16":"tag-pedro-su00e1nchez","17":"tag-politique","18":"tag-politique-de-du00e9fense","19":"tag-republique-francaise"},"share_on_mastodon":{"url":"https:\/\/pubeurope.com\/@fr\/114775464620236240","error":""},"_links":{"self":[{"href":"https:\/\/www.europesays.com\/fr\/wp-json\/wp\/v2\/posts\/217071","targetHints":{"allow":["GET"]}}],"collection":[{"href":"https:\/\/www.europesays.com\/fr\/wp-json\/wp\/v2\/posts"}],"about":[{"href":"https:\/\/www.europesays.com\/fr\/wp-json\/wp\/v2\/types\/post"}],"author":[{"embeddable":true,"href":"https:\/\/www.europesays.com\/fr\/wp-json\/wp\/v2\/users\/2"}],"replies":[{"embeddable":true,"href":"https:\/\/www.europesays.com\/fr\/wp-json\/wp\/v2\/comments?post=217071"}],"version-history":[{"count":0,"href":"https:\/\/www.europesays.com\/fr\/wp-json\/wp\/v2\/posts\/217071\/revisions"}],"wp:featuredmedia":[{"embeddable":true,"href":"https:\/\/www.europesays.com\/fr\/wp-json\/wp\/v2\/media\/217072"}],"wp:attachment":[{"href":"https:\/\/www.europesays.com\/fr\/wp-json\/wp\/v2\/media?parent=217071"}],"wp:term":[{"taxonomy":"category","embeddable":true,"href":"https:\/\/www.europesays.com\/fr\/wp-json\/wp\/v2\/categories?post=217071"},{"taxonomy":"post_tag","embeddable":true,"href":"https:\/\/www.europesays.com\/fr\/wp-json\/wp\/v2\/tags?post=217071"}],"curies":[{"name":"wp","href":"https:\/\/api.w.org\/{rel}","templated":true}]}}