{"id":217078,"date":"2025-07-01T01:52:26","date_gmt":"2025-07-01T01:52:26","guid":{"rendered":"https:\/\/www.europesays.com\/fr\/217078\/"},"modified":"2025-07-01T01:52:26","modified_gmt":"2025-07-01T01:52:26","slug":"huit-pays-dont-la-france-militent-pour-la-taxation-des-jets-prives-et-des-classes-premium","status":"publish","type":"post","link":"https:\/\/www.europesays.com\/fr\/217078\/","title":{"rendered":"Huit pays, dont la France, militent pour la taxation des jets priv\u00e9s et des classes premium"},"content":{"rendered":"<p><strong>a la caisse &#8211; La France, l\u2019Espagne et six autres pays ont lanc\u00e9 une coalition pour renforcer la fiscalit\u00e9 du secteur a\u00e9rien. Objectif\u00a0: taxer davantage les jets priv\u00e9s et les billets en classe affaires, afin de financer la lutte contre le changement climatique<\/strong><\/p>\n<p>C\u2019est \u00e0 <a href=\"https:\/\/www.20minutes.fr\/dossier\/seville?at_medium=RSS%20feed&amp;at_campaign=ynews&amp;utm_source=yahoo&amp;utm_medium=rss&amp;utm_campaign=news_feed&amp;utm_content=in_article_link\" rel=\"nofollow noopener\" target=\"_blank\" data-ylk=\"slk:S\u00e9ville;elm:context_link;itc:0;sec:content-canvas\" class=\"link \">S\u00e9ville<\/a>, lors d\u2019une conf\u00e9rence de l\u2019<a href=\"https:\/\/www.20minutes.fr\/monde\/onu\/?at_medium=RSS%20feed&amp;at_campaign=ynews&amp;utm_source=yahoo&amp;utm_medium=rss&amp;utm_campaign=news_feed&amp;utm_content=in_article_link\" rel=\"nofollow noopener\" target=\"_blank\" data-ylk=\"slk:Onu;elm:context_link;itc:0;sec:content-canvas\" class=\"link \">Onu<\/a> sur le financement du d\u00e9veloppement, que huit pays (la France, l\u2019Espagne, le Kenya, le <a href=\"https:\/\/www.20minutes.fr\/monde\/benin\/?at_medium=RSS%20feed&amp;at_campaign=ynews&amp;utm_source=yahoo&amp;utm_medium=rss&amp;utm_campaign=news_feed&amp;utm_content=in_article_link\" rel=\"nofollow noopener\" target=\"_blank\" data-ylk=\"slk:B\u00e9nin;elm:context_link;itc:0;sec:content-canvas\" class=\"link \">B\u00e9nin<\/a>, la Sierra Leone, la <a href=\"https:\/\/www.20minutes.fr\/monde\/somalie\/?at_medium=RSS%20feed&amp;at_campaign=ynews&amp;utm_source=yahoo&amp;utm_medium=rss&amp;utm_campaign=news_feed&amp;utm_content=in_article_link\" rel=\"nofollow noopener\" target=\"_blank\" data-ylk=\"slk:Somalie;elm:context_link;itc:0;sec:content-canvas\" class=\"link \">Somalie<\/a>, la Barbade et Antigua-et-Barbuda) ont annonc\u00e9 ce lundi, le lancement d\u2019une coalition en faveur d\u2019une plus forte contribution du secteur a\u00e9rien \u00e0 la lutte contre le changement climatique.<\/p>\n<p>Cette alliance se donne pour objectif de travailler \u00e0 \u00ab\u00a0la r\u00e9silience climatique\u00a0\u00bb par l\u2019instauration de \u00ab\u00a0taxes sp\u00e9cifiques sur les billets de classe affaires et sur les jets priv\u00e9s\u00a0\u00bb, a d\u00e9taill\u00e9 le Premier ministre espagnol <a href=\"https:\/\/www.20minutes.fr\/monde\/pedro-sanchez\/?at_medium=RSS%20feed&amp;at_campaign=ynews&amp;utm_source=yahoo&amp;utm_medium=rss&amp;utm_campaign=news_feed&amp;utm_content=in_article_link\" rel=\"nofollow noopener\" target=\"_blank\" data-ylk=\"slk:Pedro S\u00e1nchez;elm:context_link;itc:0;sec:content-canvas\" class=\"link \">Pedro S\u00e1nchez<\/a>. \u00ab\u00a0On n\u2019atteint aucun objectif quand on agit seul, mais on peut atteindre nos objectifs si on agit ensemble\u00a0\u00bb a-t-il expliqu\u00e9 <a href=\"https:\/\/x.com\/sanchezcastejon\/status\/1939718920253919319?at_medium=RSS%20feed&amp;at_campaign=ynews&amp;utm_source=yahoo&amp;utm_medium=rss&amp;utm_campaign=news_feed&amp;utm_content=in_article_link\" rel=\"nofollow noopener\" target=\"_blank\" data-ylk=\"slk:lors d\u2019une conf\u00e9rence de presse;elm:context_link;itc:0;sec:content-canvas\" class=\"link \">lors d\u2019une conf\u00e9rence de presse<\/a>. Une fiscalit\u00e9 plus progressive est \u00e9galement \u00e0 l\u2019\u00e9tude dans les pays ayant d\u00e9j\u00e0 mis en place de tels pr\u00e9l\u00e8vements.<\/p>\n<p>Une taxation \u00ab\u00a0solidaire\u00a0\u00bb et climatique<\/p>\n<p>Selon <a href=\"https:\/\/www.elysee.fr\/emmanuel-macron\/2025\/06\/30\/lancement-dune-coalition-pour-la-contribution-des-premium-flyers-a-des-transitions-equitables-et-a-la-resilience?at_medium=RSS%20feed&amp;at_campaign=ynews&amp;utm_source=yahoo&amp;utm_medium=rss&amp;utm_campaign=news_feed&amp;utm_content=in_article_link\" rel=\"nofollow noopener\" target=\"_blank\" data-ylk=\"slk:un communiqu\u00e9 de l\u2019\u00c9lys\u00e9e;elm:context_link;itc:0;sec:content-canvas\" class=\"link \">un communiqu\u00e9 de l\u2019\u00c9lys\u00e9e<\/a>, cette initiative vise \u00e0 \u00ab\u00a0am\u00e9liorer la mobilisation des recettes nationales des pays en d\u00e9veloppement et \u00e0 soutenir la solidarit\u00e9 internationale\u00a0\u00bb, en particulier en mati\u00e8re d&rsquo;adaptation aux effets du d\u00e9r\u00e8glement climatique. Le dispositif s\u2019inscrit dans la continuit\u00e9 des discussions men\u00e9es lors de la COP28 \u00e0 Duba\u00ef, fin\u00a02023, au cours de laquelle un premier groupe de travail avait \u00e9t\u00e9 constitu\u00e9 avec la Barbade, le <a href=\"https:\/\/www.20minutes.fr\/monde\/kenya\/?at_medium=RSS%20feed&amp;at_campaign=ynews&amp;utm_source=yahoo&amp;utm_medium=rss&amp;utm_campaign=news_feed&amp;utm_content=in_article_link\" rel=\"nofollow noopener\" target=\"_blank\" data-ylk=\"slk:Kenya;elm:context_link;itc:0;sec:content-canvas\" class=\"link \">Kenya<\/a> et la France.<\/p>\n<p>L\u2019\u00c9lys\u00e9e insiste \u00e9galement sur la n\u00e9cessit\u00e9 de taxer \u00ab\u00a0les billets d\u2019avion, y compris les voyages premium\u00a0\u00bb et de(&#8230;)<\/p>\n<p><a href=\"https:\/\/www.20minutes.fr\/planete\/rechauffement-climatique\/4161235-20250630-huit-pays-dont-france-militent-taxation-jets-prives-classes-premium?at_medium=RSS%20feed&amp;at_campaign=ynews&amp;utm_source=yahoo&amp;utm_medium=rss&amp;utm_campaign=news_feed&amp;utm_content=read_more_link&quot;\" rel=\"nofollow noopener\" target=\"_blank\" data-ylk=\"slk:Lire la suite sur 20minutes;elm:context_link;itc:0;sec:content-canvas\" class=\"link \">Lire la suite sur 20minutes<\/a><\/p>\n<p>\u00c0 lire aussi :<br \/><a href=\"https:\/\/www.20minutes.fr\/planete\/rechauffement-climatique\/4157751-20250610-rechauffement-climatique-banquise-amincit-manchots-empereurs-menaces-plus-vite-prevu?at_medium=RSS%20feed&amp;at_campaign=ynews&amp;utm_source=yahoo&amp;utm_medium=rss&amp;utm_campaign=news_feed&amp;utm_content=related_content_link\" rel=\"nofollow noopener\" target=\"_blank\" data-ylk=\"slk:R\u00e9chauffement climatique\u00a0: La banquise s\u2019amincit et les manchots empereurs sont menac\u00e9s \u00ab\u00a0plus vite que pr\u00e9vu\u00a0\u00bb;elm:context_link;itc:0;sec:content-canvas\" class=\"link \">R\u00e9chauffement climatique\u00a0: La banquise s\u2019amincit et les manchots empereurs sont menac\u00e9s \u00ab\u00a0plus vite que pr\u00e9vu\u00a0\u00bb<\/a><br \/><a href=\"https:\/\/www.20minutes.fr\/planete\/environnement\/4158947-20250617-biodiversite-mille-pattes-menaces-extinction-tres-mauvaise-nouvelle?at_medium=RSS%20feed&amp;at_campaign=ynews&amp;utm_source=yahoo&amp;utm_medium=rss&amp;utm_campaign=news_feed&amp;utm_content=related_content_link\" rel=\"nofollow noopener\" target=\"_blank\" data-ylk=\"slk:Biodiversit\u00e9\u00a0: Les mille-pattes sont menac\u00e9s d\u2019extinction, et c\u2019est une tr\u00e8s mauvaise nouvelle;elm:context_link;itc:0;sec:content-canvas\" class=\"link \">Biodiversit\u00e9\u00a0: Les mille-pattes sont menac\u00e9s d\u2019extinction, et c\u2019est une tr\u00e8s mauvaise nouvelle<\/a><\/p>\n","protected":false},"excerpt":{"rendered":"a la caisse &#8211; La France, l\u2019Espagne et six autres pays ont lanc\u00e9 une coalition pour renforcer la&hellip;\n","protected":false},"author":2,"featured_media":217079,"comment_status":"","ping_status":"","sticky":false,"template":"","format":"standard","meta":{"footnotes":""},"categories":[4],"tags":[11,35660,1153,35623,1011,27,35659,12,25,17548],"class_list":{"0":"post-217078","1":"post","2":"type-post","3":"status-publish","4":"format-standard","5":"has-post-thumbnail","7":"category-france","8":"tag-actualites","9":"tag-classe-affaires","10":"tag-conference-de-presse","11":"tag-financement-du-developpement","12":"tag-fr","13":"tag-france","14":"tag-jets-prives","15":"tag-news","16":"tag-republique-francaise","17":"tag-secteur-aerien"},"share_on_mastodon":{"url":"https:\/\/pubeurope.com\/@fr\/114775480282037687","error":""},"_links":{"self":[{"href":"https:\/\/www.europesays.com\/fr\/wp-json\/wp\/v2\/posts\/217078","targetHints":{"allow":["GET"]}}],"collection":[{"href":"https:\/\/www.europesays.com\/fr\/wp-json\/wp\/v2\/posts"}],"about":[{"href":"https:\/\/www.europesays.com\/fr\/wp-json\/wp\/v2\/types\/post"}],"author":[{"embeddable":true,"href":"https:\/\/www.europesays.com\/fr\/wp-json\/wp\/v2\/users\/2"}],"replies":[{"embeddable":true,"href":"https:\/\/www.europesays.com\/fr\/wp-json\/wp\/v2\/comments?post=217078"}],"version-history":[{"count":0,"href":"https:\/\/www.europesays.com\/fr\/wp-json\/wp\/v2\/posts\/217078\/revisions"}],"wp:featuredmedia":[{"embeddable":true,"href":"https:\/\/www.europesays.com\/fr\/wp-json\/wp\/v2\/media\/217079"}],"wp:attachment":[{"href":"https:\/\/www.europesays.com\/fr\/wp-json\/wp\/v2\/media?parent=217078"}],"wp:term":[{"taxonomy":"category","embeddable":true,"href":"https:\/\/www.europesays.com\/fr\/wp-json\/wp\/v2\/categories?post=217078"},{"taxonomy":"post_tag","embeddable":true,"href":"https:\/\/www.europesays.com\/fr\/wp-json\/wp\/v2\/tags?post=217078"}],"curies":[{"name":"wp","href":"https:\/\/api.w.org\/{rel}","templated":true}]}}