{"id":217091,"date":"2025-07-01T02:02:09","date_gmt":"2025-07-01T02:02:09","guid":{"rendered":"https:\/\/www.europesays.com\/fr\/217091\/"},"modified":"2025-07-01T02:02:09","modified_gmt":"2025-07-01T02:02:09","slug":"pascal-praud-surpris-par-le-choix-vestimentaire-dun-de-ses-chroniqueurs-pendant-la-canicule","status":"publish","type":"post","link":"https:\/\/www.europesays.com\/fr\/217091\/","title":{"rendered":"Pascal Praud surpris par le choix vestimentaire d\u2019un de ses chroniqueurs pendant la canicule"},"content":{"rendered":"<p>Le pr\u00e9sentateur de \u00abL\u2019heure des pros\u00bb s\u2019est amus\u00e9 du look adopt\u00e9 par Philippe Bilger sur CNews pour r\u00e9sister \u00e0 la chaleur.<\/p>\n<p class=\"fig-paragraph\"><a href=\"http:\/\/tvmag.lefigaro.fr\/programme-tv\/actu-tele\/c-est-de-l-acharnement-delphine-ernotte-repond-aux-attaques-de-pascal-praud-20250625\" target=\"_blank\" data-fig-type=\"Article\" rel=\"noopener nofollow\" data-gtm-custom-categorie=\"navigation\" data-gtm-custom-action=\"crossclick\" data-gtm-custom-label=\"Contextuel\" data-gtm-event=\"customEventSPE\" data-fig-domain=\"TVMAG\"><strong>Pascal Praud<\/strong><\/a> \u00a0est d\u2019ordinaire plus enclin \u00e0 d\u00e9battre d\u2019actualit\u00e9 que de chiffons. Pourtant, ce lundi 30 juin fait exception. Alors qu\u2019il pr\u00e9sente ses chroniqueurs du jour, l\u2019un d\u2019eux attire son attention. \u00abSabrina Medjebeur est avec nous.\u00a0<a href=\"http:\/\/www.lefigaro.fr\/vox\/politique\/gilles-william-goldnadel-le-silence-autour-de-boualem-sansal-consequence-du-masochisme-francais-20250519\" target=\"_blank\" data-fig-type=\"Article\" rel=\"noopener nofollow\" data-gtm-custom-categorie=\"navigation\" data-gtm-custom-action=\"crossclick\" data-gtm-custom-label=\"Contextuel\" data-gtm-event=\"customEventSPE\" data-fig-domain=\"LEFIGARO\">Gilles-William Goldnadel<\/a> , Geoffroy Lejeune et&#8230;\u00bb, commence l\u2019animateur de \u00abL\u2019heure des pros\u00bb avant de feindre la surprise.<\/p>\n<p class=\"fig-paragraph\">\u00ab Philippe Bilger, qu\u2019est-ce qui se passe\u00a0?\u00bb, interroge Pascal Praud scrutant le choix vestimentaire de son interlocuteur. Une simple chemise blanche en lin, l\u00e9g\u00e8rement transparente avec une coupe fluide. On est loin du costume, la tenue habituelle des autres membres du plateau.<\/p>\n<blockquote class=\"fig-quote&#10;    \">\n<p class=\"fig-quote__text\">Pardon de respecter un peu la client\u00e8le.<\/p>\n<p>            Gilles-William Goldnadel\n    <\/p><\/blockquote>\n<p class=\"fig-paragraph\">\u00abJ\u2019ai demand\u00e9 si on pouvait arriver dans une tenue tr\u00e8s estivale et je l\u2019ai pris au pied de la lettre\u00bb, explique le magistrat et intervenant r\u00e9gulier sur CNews. \u00abVous \u00eates tr\u00e8s estival\u00bb, confirme Pascal Praud avant de le complimenter\u00a0: \u00abCela vous va bien. Je le dis aux t\u00e9l\u00e9spectateurs, vous \u00eates arriv\u00e9 avec un petit chapeau, vous avez rajeuni on me dit en r\u00e9gie\u00bb.<\/p>\n<p class=\"fig-paragraph\">\u00abJe con\u00e7ois que par rapport \u00e0 vous je fais n\u00e9glig\u00e9 mon cher Pascal et mes amis, eux, se sont habill\u00e9s\u00bb, s\u2019amuse Philippe Bilger. \u00abPardon de respecter un peu la client\u00e8le\u00bb, r\u00e9pond Gilles-William Goldnadel qui a privil\u00e9gi\u00e9 un costume bleu marine, sans cravate contrairement \u00e0 Geoffroy Lejeune, situ\u00e9 \u00e0 sa gauche. Reconnaissant son audace, Philippe Bilger assure que \u00abpeut-\u00eatre demain\u00bb, il mettra un costume.<\/p>\n<p class=\"fig-body-link\">\n            \u00c0 lire aussi<br \/>\n        <a class=\"fig-body-link__link\" href=\"http:\/\/tvmag.lefigaro.fr\/programme-tv\/actu-tele\/hanouna-et-lapix-sur-m6-duhamel-sur-france-inter-praud-change-de-case-retour-sur-le-mercato-tele-et-radio-2025-20250617\" target=\"_blank\" data-fig-type=\"Article\" rel=\"noopener nofollow\" data-gtm-custom-categorie=\"navigation\" data-gtm-custom-action=\"crossclick\" data-gtm-custom-label=\"Contextuel\" data-gtm-event=\"customEventSPE\" data-fig-domain=\"TVMAG\">Hanouna et Lapix sur M6, Duhamel sur France Inter, Praud change de case&#8230; Retour sur le mercato t\u00e9l\u00e9 et radio 2025<br \/>\n    <\/a>\n<\/p>\n<p class=\"fig-paragraph\">Une mani\u00e8re originale d\u2019\u00e9voquer l\u2019\u00e9pisode caniculaire qui traverse la France. 16 d\u00e9partements, dont le bassin parisien, basculent en vigilance rouge mardi. 68 resteront en vigilance orange. \u00abChacun aura compris qu\u2019il fait tr\u00e8s chaud aujourd\u2019hui. Cela va durer deux ou trois jours. Cela s\u2019arr\u00eate mercredi\u00bb, reprend avec un ton plus informatif Pascal Praud avant d\u2019\u00eatre interrompu par un insecte volant autour de lui. \u00abIl y a m\u00eame des mouches qui se baladent sur notre plateau&#8230;\u00bb, conclut-il.<\/p>\n","protected":false},"excerpt":{"rendered":"Le pr\u00e9sentateur de \u00abL\u2019heure des pros\u00bb s\u2019est amus\u00e9 du look adopt\u00e9 par Philippe Bilger sur CNews pour r\u00e9sister&hellip;\n","protected":false},"author":2,"featured_media":217092,"comment_status":"","ping_status":"","sticky":false,"template":"","format":"standard","meta":{"footnotes":""},"categories":[1359],"tags":[497,496,499,58,59,1011,27,500,504,505,495,10160,973,503,502,501,498],"class_list":{"0":"post-217091","1":"post","2":"type-post","3":"status-publish","4":"format-standard","5":"has-post-thumbnail","7":"category-people","8":"tag-actu-tv","9":"tag-actualite-tv","10":"tag-buzz-tv","11":"tag-divertissement","12":"tag-entertainment","13":"tag-fr","14":"tag-france","15":"tag-medias","16":"tag-news-tele","17":"tag-news-television","18":"tag-news-tv","19":"tag-pascal-praud","20":"tag-people","21":"tag-programme-tele","22":"tag-programme-tv","23":"tag-quiz-tv","24":"tag-tv-actu"},"share_on_mastodon":{"url":"https:\/\/pubeurope.com\/@fr\/114775519748550328","error":""},"_links":{"self":[{"href":"https:\/\/www.europesays.com\/fr\/wp-json\/wp\/v2\/posts\/217091","targetHints":{"allow":["GET"]}}],"collection":[{"href":"https:\/\/www.europesays.com\/fr\/wp-json\/wp\/v2\/posts"}],"about":[{"href":"https:\/\/www.europesays.com\/fr\/wp-json\/wp\/v2\/types\/post"}],"author":[{"embeddable":true,"href":"https:\/\/www.europesays.com\/fr\/wp-json\/wp\/v2\/users\/2"}],"replies":[{"embeddable":true,"href":"https:\/\/www.europesays.com\/fr\/wp-json\/wp\/v2\/comments?post=217091"}],"version-history":[{"count":0,"href":"https:\/\/www.europesays.com\/fr\/wp-json\/wp\/v2\/posts\/217091\/revisions"}],"wp:featuredmedia":[{"embeddable":true,"href":"https:\/\/www.europesays.com\/fr\/wp-json\/wp\/v2\/media\/217092"}],"wp:attachment":[{"href":"https:\/\/www.europesays.com\/fr\/wp-json\/wp\/v2\/media?parent=217091"}],"wp:term":[{"taxonomy":"category","embeddable":true,"href":"https:\/\/www.europesays.com\/fr\/wp-json\/wp\/v2\/categories?post=217091"},{"taxonomy":"post_tag","embeddable":true,"href":"https:\/\/www.europesays.com\/fr\/wp-json\/wp\/v2\/tags?post=217091"}],"curies":[{"name":"wp","href":"https:\/\/api.w.org\/{rel}","templated":true}]}}