{"id":217105,"date":"2025-07-01T02:09:12","date_gmt":"2025-07-01T02:09:12","guid":{"rendered":"https:\/\/www.europesays.com\/fr\/217105\/"},"modified":"2025-07-01T02:09:12","modified_gmt":"2025-07-01T02:09:12","slug":"a-wimbledon-le-seum-de-medvedev-elimine-par-le-francais-bonzi","status":"publish","type":"post","link":"https:\/\/www.europesays.com\/fr\/217105\/","title":{"rendered":"\u00e0 Wimbledon, le \u00ab\u00a0seum\u00a0\u00bb de Medvedev, \u00e9limin\u00e9 par le Fran\u00e7ais Bonzi"},"content":{"rendered":"<p>        <img decoding=\"async\" loading=\"lazy\" src=\"https:\/\/www.europesays.com\/fr\/wp-content\/uploads\/2025\/07\/4c1a2f1_upload-1-pxwhxqhsjoiv-000-64a87wt.jpg\"  width=\"728\" height=\"409\" alt=\"Le Russe Daniil Medvedev lors de son match face au Fran\u00e7ais Benjamin Bonzi lors du premier tour de Wimbledon, le 30\u00a0juin 2025.\"\/>  <\/p>\n<p>KIRILL KUDRYAVTSEV \/ AFP<\/p>\n<p>Le Russe Daniil Medvedev lors de son match face au Fran\u00e7ais Benjamin Bonzi lors du premier tour de Wimbledon, le 30\u00a0juin 2025.<\/p>\n<p class=\"asset asset-text\">TENNIS &#8211; C\u2019est ce qui s\u2019appelle ne pas vraiment accepter sa d\u00e9faite. \u00c9limin\u00e9 assez largement d\u00e8s le premier tour de <a href=\"https:\/\/www.huffingtonpost.fr\/divertissement\/article\/wimbledon-alcaraz-et-krejcikova-sont-plus-a-l-aise-sur-le-court-que-lors-de-la-danse-des-vainqueurs_236935.html\" target=\"_blank\" rel=\"noopener\">Wimbledon <\/a>ce lundi 30\u00a0juin par le joueur fran\u00e7ais Benjamin Bonzi (7-6, 3-6, 7-6, 6-2), l\u2019ancien num\u00e9ro\u00a01\u00a0mondial <a href=\"https:\/\/www.huffingtonpost.fr\/sport\/article\/a-l-us-open-a-new-york-daniil-medvedev-alerte-sur-les-dangers-de-jouer-sous-une-chaleur-etouffante_222775.html\" target=\"_blank\" rel=\"noopener\">Daniil Medvedev<\/a> n\u2019a semble-t-il pas vraiment go\u00fbt\u00e9 \u00e0 la performance XXL de son adversaire, 64e mondial.<\/p>\n<p class=\"asset asset-text\">En fran\u00e7ais dans le texte, le joueur russe, actuellement 9e mondial, a sembl\u00e9 tr\u00e8s surpris de la performance du Fran\u00e7ais. \u00ab\u00a0Pourquoi jouer comme \u00e7a chaque jour, gagner des millions, \u00eatre riche&#8230; Non, il d\u00e9cide de faire \u00e7a une fois par an\u00a0!\u00a0\u00bb, a pest\u00e9 Daniil Medvedev, habitu\u00e9 des coups de sang et des invectives sur les courts, mais plus souvent contre l\u2019arbitrage, le public, ou le plus r\u00e9guli\u00e8rement&#8230; contre lui-m\u00eame.<\/p>\n<p class=\"asset asset-text\">De son c\u00f4t\u00e9, Benjamin Bonzi est rest\u00e9 calme et serein dans le match, comme dans sa conf\u00e9rence de presse \u00e0 l\u2019issue de sa victoire. Admettant qu\u2019il s\u2019agissait de \u00ab\u00a0la plus belle\u00a0\u00bb victoire de sa carri\u00e8re, il a cependant assur\u00e9 qu\u2019il n\u2019est pas \u00ab\u00a0senti surjouer\u00a0\u00bb pour s\u2019imposer face au Russe. \u00ab\u00a0C\u2019est un niveau que je suis capable de trouver de temps en temps. Apr\u00e8s, je pense que si je le trouvais \u00e0 tous les matches de chaque tournoi, je ne serais pas \u00e0 ce classement-l\u00e0 aujourd\u2019hui\u00a0\u00bb.<\/p>\n<p> La lecture de ce contenu est susceptible d\u2019entra\u00eener un d\u00e9p\u00f4t de cookies de la part de l\u2019op\u00e9rateur tiers qui l\u2019h\u00e9berge. Compte-tenu des choix que vous avez exprim\u00e9s en mati\u00e8re de d\u00e9p\u00f4t de cookies, nous avons bloqu\u00e9 l\u2019affichage de ce contenu. Si vous souhaitez y acc\u00e9der, vous devez accepter la cat\u00e9gorie de cookies \u201cContenus tiers\u201d en cliquant sur le bouton ci-dessous. <\/p>\n<p> Lire la Vid\u00e9o        <\/p>\n<p class=\"asset asset-text\">Le tout, en restant concentr\u00e9 sur la suite du tournoi. \u00ab\u00a0Encore une fois, c\u2019est une magnifique victoire, mais c\u2019est un premier tour de Grand Chelem. Je ne suis pas en quart, je ne suis pas en demi, il n\u2019y a pas de quoi s\u2019affoler\u00a0\u00bb.<\/p>\n<p>                     Un autre exploit fran\u00e7ais    <\/p>\n<p class=\"asset asset-text\">Jusqu\u2019ici, la meilleure performance de Benjamin Bonzi en Grand Chelem est le troisi\u00e8me tour, atteint \u00e0 deux reprises \u00e0 l\u2019Open d\u2019Australie, en 2023 et 2025. \u00c0 Wimbledon, le Fran\u00e7ais n\u2019a jusqu\u2019ici jamais r\u00e9ussi \u00e0 d\u00e9passer le second tour, qu\u2019il avait atteint en 2021 et 2022. Il aura l\u2019occasion de franchir ce cap en affrontant l\u2019Australien Jordan Thompson, dans un match qui se d\u00e9roulera ce mercredi 2\u00a0juillet.<\/p>\n<p class=\"asset asset-text\">Benjamin Bonzi n\u2019est pas le seul Fran\u00e7ais \u00e0 avoir sorti un joueur majeur du circuit ce lundi. Une grosse vingtaine de minutes plus tard, c\u2019est Valentin Royer, issu des qualifications et 116e mondial, qui est venu \u00e0 bout du Grec <a href=\"https:\/\/www.huffingtonpost.fr\/sport\/article\/a-l-open-d-australie-ce-point-hallucinant-remporte-par-tsitsipas-etait-bel-et-bien-valable_228346.html\" target=\"_blank\" rel=\"noopener\">St\u00e9fanos Tsitsip\u00e1s<\/a>. Ce dernier a d\u00fb abandonner alors qu\u2019il \u00e9tait men\u00e9 2\u00a0sets \u00e0 0, 6-3\u00a06-2, visiblement touch\u00e9 au dos.<\/p>\n<p class=\"asset asset-text\">Si cela fait maintenant quelques ann\u00e9es que le joueur grec n\u2019\u00e9volue plus \u00e0 son meilleur niveau (actuellement 26e mondial), l\u2019exploit reste colossal pour Valentin Royer qui ne dispute cette ann\u00e9e que son deuxi\u00e8me Wimbledon &#8211; il avait \u00e9t\u00e9 \u00e9limin\u00e9 l\u2019ann\u00e9e derni\u00e8re au premier tour -. \u00ab\u00a0Je suis super content, je ne suis que joie en ce moment\u00a0\u00bb, s\u2019est-il enthousiasm\u00e9 en conf\u00e9rence de presse.<\/p>\n<p>                     Carlos Alcaraz dans la douleur    <\/p>\n<p class=\"asset asset-text\">Parmi les autres bonnes performances des joueurs et joueuses fran\u00e7ais, Adrian Mannarino s\u2019est impos\u00e9 contre l\u2019Australien Christopher O\u2019Connell (6-2, 6-4, 6-3). Diane Parry s\u2019est quant \u00e0 elle d\u00e9barrass\u00e9e de la croate Petra Martic (4-6, 6-3, 6-2), tandis que Varvara Gracheva a d\u00fb s\u2019incliner au bout du suspense face \u00e0 la Bi\u00e9lorusse Aliaksandra Sasnovich (6-4, 6-7, 7-6).<\/p>\n<p class=\"asset asset-text\">A noter que le double tenant du titre et r\u00e9cent vainqueur de Roland-Garros, <a href=\"https:\/\/www.huffingtonpost.fr\/sport\/article\/en-5h29-l-affrontement-alcaraz-sinner-bat-le-record-la-finale-la-plus-longue-de-l-histoire-a-roland-garros_251098.html\" target=\"_blank\" rel=\"noopener\">Carlos Alcaraz<\/a>, s\u2019est quant \u00e0 lui fait peur. L\u2019Espagnol a d\u00fb batailler cinq sets contre le v\u00e9t\u00e9ran italien Fabio Fognini avant de finalement s\u2019imposer au bout de 4\u00a0h\u00a027\u00a0de jeu (7-5, 6-7, 7-5, 2-6, 6-1).<\/p>\n","protected":false},"excerpt":{"rendered":"KIRILL KUDRYAVTSEV \/ AFP Le Russe Daniil Medvedev lors de son match face au Fran\u00e7ais Benjamin Bonzi lors&hellip;\n","protected":false},"author":2,"featured_media":217106,"comment_status":"","ping_status":"","sticky":false,"template":"","format":"standard","meta":{"footnotes":""},"categories":[9],"tags":[1011,27,25011,35661,517,60,1467,4173],"class_list":{"0":"post-217105","1":"post","2":"type-post","3":"status-publish","4":"format-standard","5":"has-post-thumbnail","7":"category-sports","8":"tag-fr","9":"tag-france","10":"tag-grand-chelem","11":"tag-medvedev","12":"tag-sport","13":"tag-sports","14":"tag-tennis","15":"tag-wimbledon"},"share_on_mastodon":{"url":"https:\/\/pubeurope.com\/@fr\/114775547199758071","error":""},"_links":{"self":[{"href":"https:\/\/www.europesays.com\/fr\/wp-json\/wp\/v2\/posts\/217105","targetHints":{"allow":["GET"]}}],"collection":[{"href":"https:\/\/www.europesays.com\/fr\/wp-json\/wp\/v2\/posts"}],"about":[{"href":"https:\/\/www.europesays.com\/fr\/wp-json\/wp\/v2\/types\/post"}],"author":[{"embeddable":true,"href":"https:\/\/www.europesays.com\/fr\/wp-json\/wp\/v2\/users\/2"}],"replies":[{"embeddable":true,"href":"https:\/\/www.europesays.com\/fr\/wp-json\/wp\/v2\/comments?post=217105"}],"version-history":[{"count":0,"href":"https:\/\/www.europesays.com\/fr\/wp-json\/wp\/v2\/posts\/217105\/revisions"}],"wp:featuredmedia":[{"embeddable":true,"href":"https:\/\/www.europesays.com\/fr\/wp-json\/wp\/v2\/media\/217106"}],"wp:attachment":[{"href":"https:\/\/www.europesays.com\/fr\/wp-json\/wp\/v2\/media?parent=217105"}],"wp:term":[{"taxonomy":"category","embeddable":true,"href":"https:\/\/www.europesays.com\/fr\/wp-json\/wp\/v2\/categories?post=217105"},{"taxonomy":"post_tag","embeddable":true,"href":"https:\/\/www.europesays.com\/fr\/wp-json\/wp\/v2\/tags?post=217105"}],"curies":[{"name":"wp","href":"https:\/\/api.w.org\/{rel}","templated":true}]}}