{"id":21711,"date":"2025-04-13T08:10:18","date_gmt":"2025-04-13T08:10:18","guid":{"rendered":"https:\/\/www.europesays.com\/fr\/21711\/"},"modified":"2025-04-13T08:10:18","modified_gmt":"2025-04-13T08:10:18","slug":"bagnaia-enthousiasme-par-sa-meilleure-journee-de-la-saison","status":"publish","type":"post","link":"https:\/\/www.europesays.com\/fr\/21711\/","title":{"rendered":"Bagnaia enthousiasm\u00e9 par sa \u00ab\u00a0meilleure journ\u00e9e\u00a0\u00bb de la saison"},"content":{"rendered":"<p>Serait-on en train de retrouver <a href=\"https:\/\/fr.motorsport.com\/driver\/pecco-bagnaia\/109394\/\" target=\"_blank\" rel=\"noopener\">Pecco Bagnaia<\/a>\u00a0?\u00a0Le double champion du monde avait averti de longue date que la quatri\u00e8me \u00e9tape du championnat, \u00e0 Losail, pourrait marquer un tournant pour lui apr\u00e8s trois pistes qui lui \u00e9taient beaucoup moins favorable. Finalement arriv\u00e9 ici dans la foul\u00e9e d&rsquo;une victoire inesp\u00e9r\u00e9e \u00e0 Austin, qu&rsquo;il sait devoir \u00e0 la chute de <a href=\"https:\/\/fr.motorsport.com\/driver\/marc-marquez\/92646\/\" target=\"_blank\" rel=\"noopener\">Marc M\u00e1rquez<\/a>, l&rsquo;Italien a bel et bien sembl\u00e9 franchir un autre cap au premier jour de ce Grand Prix.<\/p>\n<p>Pour lui, pas de doute : cette journ\u00e9e a \u00e9t\u00e9 la meilleure qu&rsquo;il ait connue depuis le d\u00e9but de la saison, fruit d&rsquo;un travail de fond que son \u00e9quipe et lui r\u00e9alisent pour qu&rsquo;il se sente de plus en plus \u00e0 l&rsquo;aise. Sa bonne entente avec le circuit a fait le reste et, pour la premi\u00e8re fois, il se sent apte \u00e0 rivaliser \u00e0 armes \u00e9gales avec les deux hommes qui le devancent au championnat. La bagarre ne fait que commencer&#8230;<\/p>\n<p><strong>Pecco, c&rsquo;est ton meilleur vendredi\u00a0!<\/strong><\/p>\n<p>Oui, le meilleur vendredi et je dirais que c&rsquo;est aussi la meilleure journ\u00e9e depuis le d\u00e9but de la saison en termes de sensations sur la moto. Je suis satisfait. On a tr\u00e8s bien travaill\u00e9 et, entre ce matin et cet apr\u00e8s-midi, on a r\u00e9ussi \u00e0 faire un pas en avant, toujours dans la direction qu&rsquo;on suit depuis la premi\u00e8re course, c&rsquo;est donc tr\u00e8s positif. Je dois dire que c&rsquo;est une piste sur laquelle j&rsquo;arrive \u00e0 tr\u00e8s bien m&rsquo;adapter, donc oui, c&rsquo;est mon meilleur vendredi.<\/p>\n<p>On travaille dur. On a tout le temps fait de petits progr\u00e8s \u00e0 chaque s\u00e9ance et \u00e0 Austin, pour la premi\u00e8re fois, on a fait un grand pas en avant, et aujourd&rsquo;hui on en a fait un autre. Je suis content. Mon style de pilotage convient tr\u00e8s bien \u00e0 cette piste, donc \u00e7a aide, mais ma confiance a \u00e9t\u00e9 tr\u00e8s \u00e9lev\u00e9e, j&rsquo;ai pu attaquer et ressentir la limite, alors que c&rsquo;est difficile \u00e0 ressentir quand les choses ne sont pas sous contr\u00f4le.<\/p>\n<p><strong>Tu pilotes comme avant\u00a0?<\/strong><\/p>\n<p>C&rsquo;est trop t\u00f4t pour le dire. Je pense qu&rsquo;il faut attendre au moins la course de dimanche. Mais d&rsquo;une mani\u00e8re g\u00e9n\u00e9rale, ce que j&rsquo;ai senti que j&rsquo;arrivais \u00e0 faire aujourd&rsquo;hui, c&rsquo;est que les choses venaient sans que j&rsquo;exag\u00e8re. \u00c7a veut dire que tout est sous contr\u00f4le, et c&rsquo;est la premi\u00e8re fois que \u00e7a m&rsquo;arrive [cette ann\u00e9e].<\/p>\n<p>   <img decoding=\"async\" draggable=\"false\" src=\"https:\/\/www.europesays.com\/fr\/wp-content\/uploads\/2025\/04\/1744531818_718_francesco-bagnaia-ducati-team.jpg\" alt=\"Francesco Bagnaia, Ducati Team\" width=\"1200\" height=\"800\" loading=\"lazy\"\/> <\/p>\n<p class=\"title\">Pecco Bagnaia a sign\u00e9 le deuxi\u00e8me temps du jour.<\/p>\n<p class=\"photographer\">Photo de: Gold and Goose \/ Motorsport Images<\/p>\n<p>Il est vrai que j&rsquo;ai \u00e9t\u00e9 comp\u00e9titif \u00e0 Austin, mais je n&rsquo;\u00e9tais pas le plus rapide. Ici, par contre, je pense qu&rsquo;on est \u00e0 \u00e9galit\u00e9 avec les plus rapides et c&rsquo;est donc positif de r\u00e9ussir \u00e0 tout g\u00e9rer, de r\u00e9ussir \u00e0 g\u00e9rer les pneus, d&rsquo;essayer plusieurs pneus et d&rsquo;\u00eatre rapide avec tous. \u00c7a a donc \u00e9t\u00e9 un vendredi tr\u00e8s positif sur le plan technique.<\/p>\n<p><strong>Tu admettais que Marc \u00e9tait plus rapide que toi dans les trois premiers Grands Prix. C&rsquo;est encore le cas ici ou pas\u00a0?<\/strong><\/p>\n<p>Il est clair que son fr\u00e8re et lui restent les r\u00e9f\u00e9rences mais on va voir pendant le week-end. Je suis plus proche, \u00e0 mon avis.<\/p>\n<p><strong>Qu&rsquo;en est-il en termes de rythme\u00a0?<\/strong><\/p>\n<p>Selon moi, personne n&rsquo;a encore test\u00e9 son rythme. \u00c7a aurait \u00e9t\u00e9 dur aujourd&rsquo;hui, d&rsquo;autant qu&rsquo;il a fallu essayer tous les pneus, tester en continue le medium et le soft dans les conditions de la course. C&rsquo;est vrai qu&rsquo;on a donc eu une heure, mais \u00e7a n&rsquo;\u00e9tait pas suffisant. Ceci dit, je me suis senti assez \u00e0 l&rsquo;aise quand j&rsquo;ai mont\u00e9 le medium.<\/p>\n<p>Je pense que Marc et moi on est actuellement les plus forts en termes de rythme mais c&rsquo;est difficile \u00e0 analyser parce qu&rsquo;il fallait qu&rsquo;on essaye les pneus aujourd&rsquo;hui. En tout cas, c&rsquo;est la premi\u00e8re fois que je suis tr\u00e8s proche.<\/p>\n<p>Lire aussi :<\/p>\n<p><strong>\u00c0 Austin, tes progr\u00e8s avaient concern\u00e9 le freinage\u00a0:\u00a0qu&rsquo;en est-il aujourd&rsquo;hui\u00a0?<\/strong><\/p>\n<p>\u00c0 nouveau, au freinage en entr\u00e9e de virage. J&rsquo;ai r\u00e9ussi \u00e0 entrer en \u00e9tant plus en confiance, \u00e0 laisser la moto entrer et tourner. Le plus gros progr\u00e8s, c&rsquo;est de me rendre la vie plus facile parce que j&rsquo;ai eu moins besoin de me battre contre la moto, j&rsquo;ai une grosse confiance pour entrer sur les freins, puis les rel\u00e2cher et laisser la moto tourner. C&rsquo;est quelque chose que j&rsquo;avais beaucoup de mal \u00e0 faire en Argentine, par exemple. Je m&rsquo;\u00e9tais am\u00e9lior\u00e9 \u00e0 Austin, mais \u00e7a n&rsquo;\u00e9tait pas encore \u00e0 100%. \u00c7a a donc \u00e9t\u00e9 le plus gros pas en avant.<\/p>\n<p><strong>C&rsquo;est sp\u00e9cial d&rsquo;avoir la pr\u00e9sence de <a href=\"https:\/\/fr.motorsport.com\/driver\/valentino-rossi\/76374\/\" target=\"_blank\" rel=\"noopener\">Valentino Rossi<\/a>\u00a0?<\/strong><\/p>\n<p>Je suis content que Vale soit l\u00e0. Je savais qu&rsquo;il allait venir et je suis content. Ce soir ou demain, j&rsquo;irai parler avec lui parce que je sais qu&rsquo;il est all\u00e9 regarder en bord de piste et son \u0153il a toujours quelque chose de plus.<\/p>\n<p><strong>Tu as d\u00e9j\u00e0 d\u00e9brief\u00e9 avec lui\u00a0?<\/strong><\/p>\n<p>Pas encore. D&rsquo;habitude, on le fait au t\u00e9l\u00e9phone et cette fois, vu qu&rsquo;il est ici, je dois attendre qu&rsquo;il termine d&rsquo;abord avec son \u00e9quipe, ce qui est normal.<\/p>\n<p><img decoding=\"async\" class=\"sizer\" draggable=\"false\" src=\"data:image\/png;base64,iVBORw0KGgoAAAANSUhEUgAAABAAAAAJCAYAAAA7KqwyAAAAGXRFWHRTb2Z0d2FyZQBBZG9iZSBJbWFnZVJlYWR5ccllPAAAABpJREFUeNpi\/P\/\/PwMlgImBQjBqwLAwACDAAOVfAw9\/ZDvcAAAAAElFTkSuQmCC\" alt=\"\" loading=\"lazy\"\/><\/p>\n<p class=\"title\">VID\u00c9O &#8211; Son approche et ses sacrifices\u00a0: Marc M\u00e1rquez se confie \u00e0 Motorsport.com<\/p>\n<p>Dans cet article<\/p>\n<p>    L\u00e9na Buffa\n<\/p>\n<p>    MotoGP\n<\/p>\n<p>    Pecco Bagnaia\n<\/p>\n<p>    Ducati Team\n<\/p>\n<p>Soyez le premier inform\u00e9 et souscrivez aux alertes mails pour recevoir les infos en temps r\u00e9el<\/p>\n<p>    S&rsquo;abonner aux alertes de news<\/p>\n","protected":false},"excerpt":{"rendered":"Serait-on en train de retrouver Pecco Bagnaia\u00a0?\u00a0Le double champion du monde avait averti de longue date que la&hellip;\n","protected":false},"author":2,"featured_media":21712,"comment_status":"","ping_status":"","sticky":false,"template":"","format":"standard","meta":{"footnotes":""},"categories":[1413],"tags":[4950,1011,27,3596,3597,1457,1456,1458,4951,60],"class_list":{"0":"post-21711","1":"post","2":"type-post","3":"status-publish","4":"format-standard","5":"has-post-thumbnail","7":"category-moto","8":"tag-ducati-team","9":"tag-fr","10":"tag-france","11":"tag-gp-du-qatar","12":"tag-losail-international-circuit","13":"tag-moto","14":"tag-motocycle","15":"tag-motogp","16":"tag-pecco-bagnaia","17":"tag-sports"},"share_on_mastodon":{"url":"https:\/\/pubeurope.com\/@fr\/114329644183885874","error":""},"_links":{"self":[{"href":"https:\/\/www.europesays.com\/fr\/wp-json\/wp\/v2\/posts\/21711","targetHints":{"allow":["GET"]}}],"collection":[{"href":"https:\/\/www.europesays.com\/fr\/wp-json\/wp\/v2\/posts"}],"about":[{"href":"https:\/\/www.europesays.com\/fr\/wp-json\/wp\/v2\/types\/post"}],"author":[{"embeddable":true,"href":"https:\/\/www.europesays.com\/fr\/wp-json\/wp\/v2\/users\/2"}],"replies":[{"embeddable":true,"href":"https:\/\/www.europesays.com\/fr\/wp-json\/wp\/v2\/comments?post=21711"}],"version-history":[{"count":0,"href":"https:\/\/www.europesays.com\/fr\/wp-json\/wp\/v2\/posts\/21711\/revisions"}],"wp:featuredmedia":[{"embeddable":true,"href":"https:\/\/www.europesays.com\/fr\/wp-json\/wp\/v2\/media\/21712"}],"wp:attachment":[{"href":"https:\/\/www.europesays.com\/fr\/wp-json\/wp\/v2\/media?parent=21711"}],"wp:term":[{"taxonomy":"category","embeddable":true,"href":"https:\/\/www.europesays.com\/fr\/wp-json\/wp\/v2\/categories?post=21711"},{"taxonomy":"post_tag","embeddable":true,"href":"https:\/\/www.europesays.com\/fr\/wp-json\/wp\/v2\/tags?post=21711"}],"curies":[{"name":"wp","href":"https:\/\/api.w.org\/{rel}","templated":true}]}}