{"id":217113,"date":"2025-07-01T02:13:16","date_gmt":"2025-07-01T02:13:16","guid":{"rendered":"https:\/\/www.europesays.com\/fr\/217113\/"},"modified":"2025-07-01T02:13:16","modified_gmt":"2025-07-01T02:13:16","slug":"que-font-litalie-lespagne-et-la-grece-pour-lutter-contre-la-vague-de-chaleur-europeenne-liberation","status":"publish","type":"post","link":"https:\/\/www.europesays.com\/fr\/217113\/","title":{"rendered":"que font l\u2019Italie, l\u2019Espagne et la Gr\u00e8ce pour lutter contre la vague de chaleur europ\u00e9enne\u00a0? \u2013 Lib\u00e9ration"},"content":{"rendered":"<p class=\"sc-ksZaOG ehjQrN text-element\">Des feux se sont d\u00e9clar\u00e9s dans plusieurs r\u00e9gions et les pompiers redoutent d\u00e9j\u00e0 que la violence des orages, pr\u00e9vus \u00e0 la fin de l\u2019\u00e9pisode de grosse chaleur, ne provoque d\u2019autres d\u00e9g\u00e2ts. En attendant, les trois grandes centrales syndicales du pays ont r\u00e9clam\u00e9 d\u2019une seule voix des mesures pour prot\u00e9ger les travailleurs dans les secteurs les plus expos\u00e9s, \u00e0 commencer par le b\u00e2timent et l\u2019agriculture.<\/p>\n<p class=\"sc-ksZaOG ehjQrN text-element\">D\u00e8s le d\u00e9but du mois de juin, les conseils r\u00e9gionaux du Latium et de Toscane ont interdit le travail en plein air entre 12h30 et 16 heures lorsque l<\/p>\n","protected":false},"excerpt":{"rendered":"Des feux se sont d\u00e9clar\u00e9s dans plusieurs r\u00e9gions et les pompiers redoutent d\u00e9j\u00e0 que la violence des orages,&hellip;\n","protected":false},"author":2,"featured_media":217114,"comment_status":"","ping_status":"","sticky":false,"template":"","format":"standard","meta":{"footnotes":""},"categories":[5],"tags":[11,35662,6698,123,1011,27,8906,14,452,12,5140,28],"class_list":{"0":"post-217113","1":"post","2":"type-post","3":"status-publish","4":"format-standard","5":"has-post-thumbnail","7":"category-international","8":"tag-actualites","9":"tag-adaptation-changement-climatique","10":"tag-canicule","11":"tag-espagne","12":"tag-fr","13":"tag-france","14":"tag-grece","15":"tag-international","16":"tag-italie","17":"tag-news","18":"tag-rechauffement-climatique","19":"tag-world"},"share_on_mastodon":{"url":"https:\/\/pubeurope.com\/@fr\/114775562908965305","error":""},"_links":{"self":[{"href":"https:\/\/www.europesays.com\/fr\/wp-json\/wp\/v2\/posts\/217113","targetHints":{"allow":["GET"]}}],"collection":[{"href":"https:\/\/www.europesays.com\/fr\/wp-json\/wp\/v2\/posts"}],"about":[{"href":"https:\/\/www.europesays.com\/fr\/wp-json\/wp\/v2\/types\/post"}],"author":[{"embeddable":true,"href":"https:\/\/www.europesays.com\/fr\/wp-json\/wp\/v2\/users\/2"}],"replies":[{"embeddable":true,"href":"https:\/\/www.europesays.com\/fr\/wp-json\/wp\/v2\/comments?post=217113"}],"version-history":[{"count":0,"href":"https:\/\/www.europesays.com\/fr\/wp-json\/wp\/v2\/posts\/217113\/revisions"}],"wp:featuredmedia":[{"embeddable":true,"href":"https:\/\/www.europesays.com\/fr\/wp-json\/wp\/v2\/media\/217114"}],"wp:attachment":[{"href":"https:\/\/www.europesays.com\/fr\/wp-json\/wp\/v2\/media?parent=217113"}],"wp:term":[{"taxonomy":"category","embeddable":true,"href":"https:\/\/www.europesays.com\/fr\/wp-json\/wp\/v2\/categories?post=217113"},{"taxonomy":"post_tag","embeddable":true,"href":"https:\/\/www.europesays.com\/fr\/wp-json\/wp\/v2\/tags?post=217113"}],"curies":[{"name":"wp","href":"https:\/\/api.w.org\/{rel}","templated":true}]}}