{"id":217119,"date":"2025-07-01T02:16:14","date_gmt":"2025-07-01T02:16:14","guid":{"rendered":"https:\/\/www.europesays.com\/fr\/217119\/"},"modified":"2025-07-01T02:16:14","modified_gmt":"2025-07-01T02:16:14","slug":"mission-impossible-contre-le-moustique-saint-chamond-sort-lartillerie","status":"publish","type":"post","link":"https:\/\/www.europesays.com\/fr\/217119\/","title":{"rendered":"MISSION IMPOSSIBLE CONTRE LE MOUSTIQUE : SAINT-CHAMOND SORT L&rsquo;ARTILLERIE"},"content":{"rendered":"<p>Les r\u00e9sidents du secteur Saint-Julien \u00e0 Saint-Chamond ont eu la surprise de d\u00e9couvrir dans leurs bo\u00eetes aux lettres des documents officiels annon\u00e7ant une nouvelle pour le moins inhabituelle. La d\u00e9tection d\u2019un cas de cette fameuse \u00ab\u00a0grippe tropicale\u00a0\u00bb, plus scientifiquement appel\u00e9e dengue, dans leur voisinage a d\u00e9clench\u00e9 une mobilisation sanitaire d\u2019envergure.<\/p>\n<p>Cette affection infectieuse, v\u00e9hicul\u00e9e par les piq\u00fbres de moustiques, repr\u00e9sente un danger bien r\u00e9el pour la communaut\u00e9 locale. Le sc\u00e9nario redout\u00e9 par les autorit\u00e9s est simple mais inqui\u00e9tant : si l\u2019insecte responsable de la contamination initiale s\u2019attaque \u00e0 d\u2019autres habitants du secteur, il pourrait propager le virus de proche en proche, cr\u00e9ant un foyer \u00e9pid\u00e9mique.<\/p>\n<p>L\u2019ARS lance une contre-offensive \u00e9clair<\/p>\n<p>Face \u00e0 cette menace sanitaire, l\u2019Agence r\u00e9gionale de sant\u00e9 n\u2019a pas tard\u00e9 \u00e0 r\u00e9agir. Une intervention d\u2019exception a \u00e9t\u00e9 programm\u00e9e pour neutraliser la source du probl\u00e8me avant qu\u2019elle ne prenne de l\u2019ampleur. L\u2019objectif : traiter de mani\u00e8re cibl\u00e9e tous les espaces fr\u00e9quent\u00e9s par la personne infect\u00e9e afin de couper court \u00e0 toute cha\u00eene de transmission.<\/p>\n<p>C\u2019est l\u2019Entente interd\u00e9partementale Rh\u00f4ne-Alpes de d\u00e9moustication qui a \u00e9t\u00e9 mobilis\u00e9e pour cette op\u00e9ration d\u00e9licate. Leurs \u00e9quipes sp\u00e9cialis\u00e9es interviendront dans la nuit du mercredi 2 juillet, durant la tranche horaire comprise entre 2 heures et 5 heures du matin, moment optimal pour cette bataille contre les dipt\u00e8res ind\u00e9sirables.<\/p>\n<p>Les habitants ayant re\u00e7u le fameux tract devront se transformer en v\u00e9ritables reclus le temps de l\u2019intervention. Confinement obligatoire \u00e0 l\u2019int\u00e9rieur du domicile, toutes ouvertures herm\u00e9tiquement closes pendant la dur\u00e9e du traitement, et m\u00eame trente minutes suppl\u00e9mentaires une fois l\u2019op\u00e9ration termin\u00e9e.<\/p>\n<p>La protection s\u2019\u00e9tend \u00e9galement aux compagnons \u00e0 quatre pattes, qui devront rejoindre leurs ma\u00eetres \u00e0 l\u2019abri des murs domestiques. Quant au linge qui s\u00e8che paisiblement \u00e0 l\u2019ext\u00e9rieur, il devra \u00eatre rapatri\u00e9 d\u2019urgence pour \u00e9viter toute contamination par les produits pulv\u00e9ris\u00e9s.<\/p>\n<p>Protocole post-intervention : la d\u00e9contamination du quotidien<\/p>\n<p>Une fois la bataille chimique termin\u00e9e, place au grand nettoyage. Tous les \u00e9quipements ext\u00e9rieurs, mobilier de jardin et aires de jeux des enfants \u2013 devront subir un rin\u00e7age minutieux \u00e0 l\u2019eau claire. Les amateurs de jardinage devront patienter trois jours avant de savourer leurs productions maison, et encore, apr\u00e8s un lavage soigneux.<\/p>\n<p>Si des sympt\u00f4mes inhabituels se manifestent suite \u00e0 cette op\u00e9ration de d\u00e9moustication, les autorit\u00e9s ont pr\u00e9vu une hotline d\u2019urgence. Les habitants peuvent contacter leur praticien habituel ou composer directement le num\u00e9ro du Centre Antipoison lyonnais : 04.72.11.69.11. Pour toute information compl\u00e9mentaire, le site de l\u2019ARS Auvergne-Rh\u00f4ne-Alpes reste la r\u00e9f\u00e9rence officielle.<\/p>\n","protected":false},"excerpt":{"rendered":"Les r\u00e9sidents du secteur Saint-Julien \u00e0 Saint-Chamond ont eu la surprise de d\u00e9couvrir dans leurs bo\u00eetes aux lettres&hellip;\n","protected":false},"author":2,"featured_media":217120,"comment_status":"","ping_status":"","sticky":false,"template":"","format":"standard","meta":{"footnotes":""},"categories":[9653],"tags":[1111,11,2430,1777,674,1011,27,3367,511,12,25,9669,4001],"class_list":{"0":"post-217119","1":"post","2":"type-post","3":"status-publish","4":"format-standard","5":"has-post-thumbnail","7":"category-saint-etienne","8":"tag-actu","9":"tag-actualites","10":"tag-auvergne-rhone-alpes","11":"tag-eu","12":"tag-europe","13":"tag-fr","14":"tag-france","15":"tag-loire","16":"tag-moustique","17":"tag-news","18":"tag-republique-francaise","19":"tag-saint-chamond","20":"tag-saint-etienne"},"share_on_mastodon":{"url":"https:\/\/pubeurope.com\/@fr\/114775574734649258","error":""},"_links":{"self":[{"href":"https:\/\/www.europesays.com\/fr\/wp-json\/wp\/v2\/posts\/217119","targetHints":{"allow":["GET"]}}],"collection":[{"href":"https:\/\/www.europesays.com\/fr\/wp-json\/wp\/v2\/posts"}],"about":[{"href":"https:\/\/www.europesays.com\/fr\/wp-json\/wp\/v2\/types\/post"}],"author":[{"embeddable":true,"href":"https:\/\/www.europesays.com\/fr\/wp-json\/wp\/v2\/users\/2"}],"replies":[{"embeddable":true,"href":"https:\/\/www.europesays.com\/fr\/wp-json\/wp\/v2\/comments?post=217119"}],"version-history":[{"count":0,"href":"https:\/\/www.europesays.com\/fr\/wp-json\/wp\/v2\/posts\/217119\/revisions"}],"wp:featuredmedia":[{"embeddable":true,"href":"https:\/\/www.europesays.com\/fr\/wp-json\/wp\/v2\/media\/217120"}],"wp:attachment":[{"href":"https:\/\/www.europesays.com\/fr\/wp-json\/wp\/v2\/media?parent=217119"}],"wp:term":[{"taxonomy":"category","embeddable":true,"href":"https:\/\/www.europesays.com\/fr\/wp-json\/wp\/v2\/categories?post=217119"},{"taxonomy":"post_tag","embeddable":true,"href":"https:\/\/www.europesays.com\/fr\/wp-json\/wp\/v2\/tags?post=217119"}],"curies":[{"name":"wp","href":"https:\/\/api.w.org\/{rel}","templated":true}]}}