{"id":217123,"date":"2025-07-01T02:18:40","date_gmt":"2025-07-01T02:18:40","guid":{"rendered":"https:\/\/www.europesays.com\/fr\/217123\/"},"modified":"2025-07-01T02:18:40","modified_gmt":"2025-07-01T02:18:40","slug":"lamont-marcell-jacobs-forfait-a-nancy","status":"publish","type":"post","link":"https:\/\/www.europesays.com\/fr\/217123\/","title":{"rendered":"Lamont Marcell Jacobs forfait \u00e0 Nancy"},"content":{"rendered":"<p>Ce contenu est bloqu\u00e9 car vous n&rsquo;avez pas accept\u00e9 les cookies et autres traceurs.<\/p>\n<p>En cliquant sur \u00ab J\u2019accepte \u00bb, les cookies et autres traceurs seront d\u00e9pos\u00e9s et vous pourrez visualiser les contenus  (<a href=\"\" class=\"consentModule_policy\" target=\"_blank\" title=\"Consulter la politique de protection des donn\u00e9es du fournisseur\">plus d&rsquo;informations<\/a>).<\/p>\n<p>En cliquant sur \u00ab J\u2019accepte tous les cookies \u00bb, vous autorisez des d\u00e9p\u00f4ts de cookies et autres traceurs pour le stockage de vos donn\u00e9es sur nos sites et applications \u00e0 des fins de personnalisation et de ciblage publicitaire.<\/p>\n<p class=\"consentModule_secondaryText\">Vous gardez la possibilit\u00e9 de retirer votre consentement \u00e0 tout moment en consultant notre <a href=\"https:\/\/www.estrepublicain.fr\/protection-des-donnees\" target=\"_blank\" title=\"Consulter notre politique de protection des donn\u00e9es\" rel=\"noopener\">politique de protection des donn\u00e9es<\/a>. <br \/>&#13;<br \/>\n            <a href=\"https:\/\/www.estrepublicain.fr\/sport\/2025\/06\/30\/javascript:Didomi.notice.show()\" class=\"consentModule_cmp\" target=\"_blank\" rel=\"noopener\">G\u00e9rer mes choix<\/a>&#13;\n        <\/p>\n<p>&#13;<br \/>\n                        J&rsquo;accepte&#13;<br \/>\n            J&rsquo;accepte tous les cookies&#13;\n        <\/p>\n<p>\u00ab Je ne vous cache pas que j\u2019ai eu un peu de mal \u00e0 trouver le sommeil ces derni\u00e8res nuits \u00bb, a ainsi amen\u00e9 avec pr\u00e9caution lundi matin Pascal Thi\u00e9baut, lors de la traditionnelle conf\u00e9rence de presse du meeting, avant d\u2019annoncer la \u00ab mauvaise nouvelle \u00bb qu\u2019il redoutait\u2026 Mauvaise nouvelle confirm\u00e9e quelques heures auparavant et parvenue \u00e0 lui, d\u00e9tail original, sous la forme d\u2019un \u00ab bilan m\u00e9dical \u00bb d\u00e9taill\u00e9 de l\u2019Italien, envoy\u00e9 par son propre agent (visiblement g\u00ean\u00e9).<\/p>\n<p>  Une rentr\u00e9e manqu\u00e9e \u00e0 Turku mardi dernier<\/p>\n<p>Victime d\u2019une l\u00e9sion musculaire \u00e0 la cuisse gauche, Lamont Marcell Jacobs ne sera donc pas pr\u00e9sent vendredi \u00e0 Nancy, o\u00f9 il esp\u00e9rait retrouver ses marques et faire oublier sa rentr\u00e9e poussive de Turku. En Finlande, le quadruple champion d\u2019Europe et champion du monde en salle (60 m ; en 2022) avait d\u00fb &#8211; en effet &#8211; se contenter mardi dernier d\u2019un modeste 10\u2019\u201930 en s\u00e9ries. Avant de passer compl\u00e8tement \u00e0 c\u00f4t\u00e9 de sa finale (bon dernier en 10\u2019\u201944).<\/p>\n","protected":false},"excerpt":{"rendered":"Ce contenu est bloqu\u00e9 car vous n&rsquo;avez pas accept\u00e9 les cookies et autres traceurs. En cliquant sur \u00ab&hellip;\n","protected":false},"author":2,"featured_media":217124,"comment_status":"","ping_status":"","sticky":false,"template":"","format":"standard","meta":{"footnotes":""},"categories":[9635],"tags":[1111,11,4132,1704,1777,674,107,1701,1795,1011,27,775,10634,1702,1703,12,10422,25,517,1700,11703,14984],"class_list":{"0":"post-217123","1":"post","2":"type-post","3":"status-publish","4":"format-standard","5":"has-post-thumbnail","7":"category-nancy","8":"tag-actu","9":"tag-actualites","10":"tag-athletisme","11":"tag-edition-nancy-et-agglomeration","12":"tag-eu","13":"tag-europe","14":"tag-fil-info","15":"tag-fil-info-sport","16":"tag-fil-web","17":"tag-fr","18":"tag-france","19":"tag-grand-est","20":"tag-luneville","21":"tag-nancy","22":"tag-nancy-ville-54b","23":"tag-news","24":"tag-pont-a-mousson","25":"tag-republique-francaise","26":"tag-sport","27":"tag-sport-lorrain","28":"tag-tomblaine","29":"tag-toul"},"share_on_mastodon":{"url":"https:\/\/pubeurope.com\/@fr\/114775582493833662","error":""},"_links":{"self":[{"href":"https:\/\/www.europesays.com\/fr\/wp-json\/wp\/v2\/posts\/217123","targetHints":{"allow":["GET"]}}],"collection":[{"href":"https:\/\/www.europesays.com\/fr\/wp-json\/wp\/v2\/posts"}],"about":[{"href":"https:\/\/www.europesays.com\/fr\/wp-json\/wp\/v2\/types\/post"}],"author":[{"embeddable":true,"href":"https:\/\/www.europesays.com\/fr\/wp-json\/wp\/v2\/users\/2"}],"replies":[{"embeddable":true,"href":"https:\/\/www.europesays.com\/fr\/wp-json\/wp\/v2\/comments?post=217123"}],"version-history":[{"count":0,"href":"https:\/\/www.europesays.com\/fr\/wp-json\/wp\/v2\/posts\/217123\/revisions"}],"wp:featuredmedia":[{"embeddable":true,"href":"https:\/\/www.europesays.com\/fr\/wp-json\/wp\/v2\/media\/217124"}],"wp:attachment":[{"href":"https:\/\/www.europesays.com\/fr\/wp-json\/wp\/v2\/media?parent=217123"}],"wp:term":[{"taxonomy":"category","embeddable":true,"href":"https:\/\/www.europesays.com\/fr\/wp-json\/wp\/v2\/categories?post=217123"},{"taxonomy":"post_tag","embeddable":true,"href":"https:\/\/www.europesays.com\/fr\/wp-json\/wp\/v2\/tags?post=217123"}],"curies":[{"name":"wp","href":"https:\/\/api.w.org\/{rel}","templated":true}]}}