{"id":217133,"date":"2025-07-01T02:34:11","date_gmt":"2025-07-01T02:34:11","guid":{"rendered":"https:\/\/www.europesays.com\/fr\/217133\/"},"modified":"2025-07-01T02:34:11","modified_gmt":"2025-07-01T02:34:11","slug":"secheresse-la-metropole-de-rennes-limite-la-taille-des-piscines-privees-dans-linteret-collectif","status":"publish","type":"post","link":"https:\/\/www.europesays.com\/fr\/217133\/","title":{"rendered":"S\u00e9cheresse : la m\u00e9tropole de Rennes limite la taille des piscines priv\u00e9es \u00ab\u00a0dans l&rsquo;int\u00e9r\u00eat collectif\u00a0\u00bb"},"content":{"rendered":"<ul class=\"jsx-862013697 ArticleChapo__List\">\n<li class=\"jsx-862013697 ArticleChapo__List_Item flex\">La m\u00e9tropole bretonne a d\u00e9cid\u00e9 de limiter la taille des piscines priv\u00e9es \u00e0 25 m\u00e8tres cubes.<\/li>\n<li class=\"jsx-862013697 ArticleChapo__List_Item flex\">L&rsquo;objectif de cette d\u00e9cision est de limiter la consommation d&rsquo;eau \u00ab\u00a0dans l&rsquo;int\u00e9r\u00eat collectif\u00a0\u00bb, alors que le d\u00e9partement est plac\u00e9 en \u00e9tat de vigilance s\u00e9cheresse.<\/li>\n<\/ul>\n<p data-module=\"article-paragraph\" class=\"jsx-3046738180 Paragraph Paragraph__End\">C&rsquo;est une premi\u00e8re en France. La m\u00e9tropole de Rennes (Ille-et-Vilaine) interdit d\u00e9sormais la construction de piscines dont la taille d\u00e9passe les 25 m\u00e8tres cubes, ce qui correspond grosso modo \u00e0 un bassin 8 m de long pour 2 m de large, avec une profondeur de 1,5 m. \u00ab\u00a0Certaines communes avaient tent\u00e9 d\u2019interdire totalement les piscines. Ce n\u2019\u00e9tait pas notre intention et de toute fa\u00e7on, ce n\u2019est pas l\u00e9gal. Notre volont\u00e9, c\u2019est de limiter le volume, dans l\u2019int\u00e9r\u00eat collectif\u00a0\u00bb, explique Laurence Besserve (PS), vice-pr\u00e9sidente de Rennes M\u00e9tropole et d\u00e9l\u00e9gu\u00e9e \u00e0 l&rsquo;am\u00e9nagement, interrog\u00e9e par <a href=\"https:\/\/www.20minutes.fr\/planete\/rechauffement-climatique\/4160181-20250625-rennes-premiere-ville-francaise-limiter-drastiquement-taille-piscines-privees?utm_content=photo&amp;utm_term=20Minutes&amp;utm_campaign=nonli&amp;utm_source=twitter&amp;utm_medium=Social\" target=\"_blank\" rel=\"nofollow noopener\">20 minutes (nouvelle fen\u00eatre)<\/a>.<\/p>\n<p>L&rsquo;Ille-et-Vilaine en vigilance s\u00e9cheresse<\/p>\n<p data-module=\"article-paragraph\" class=\"jsx-3046738180 Paragraph Paragraph__End\">Cette d\u00e9cision fait suite \u00e0 une modification du Plan local d&rsquo;urbanisme intercommunal (Plui), qui a \u00e9t\u00e9 adopt\u00e9 plus t\u00f4t dans le mois\u00a0lors d&rsquo;un conseil m\u00e9tropolitain. La m\u00e9tropole bretonne (460.000 habitants et 43 communes) a \u00e9galement rendu obligatoire l&rsquo;installation d&rsquo;un syst\u00e8me de r\u00e9cup\u00e9ration d\u2019eau dans toutes les constructions neuves qui servira \u00e0 alimenter le r\u00e9seau de toilettes et de machines \u00e0 laver, indique le m\u00e9dia en ligne. Objectif, r\u00e9duire la consommation d&rsquo;eau des habitants du d\u00e9partement.<\/p>\n<p><a href=\"https:\/\/www.tf1info.fr\/conso\/video-reportage-tf1-c-est-un-bonheur-d-avoir-ca-moins-cheres-et-moins-contraignantes-les-mini-piscines-font-leur-place-au-soleil-2379644.html\" rel=\"noopener\" class=\"jsx-3308031228 Link flex\" target=\"_blank\"><img decoding=\"async\" src=\"https:\/\/www.europesays.com\/fr\/wp-content\/uploads\/2025\/07\/mini-piscine-3-12666e-1@1x.jpeg\" alt=\"TF1\" loading=\"lazy\" importance=\"low\" fetchpriority=\"low\" class=\"\"\/><\/p>\n<p class=\"jsx-3657663356 ReadMoreArticle__Title\">Lire aussi<\/p>\n<p class=\"jsx-3657663356\">\u00ab\u00a0C&rsquo;est un bonheur d&rsquo;avoir \u00e7a\u00a0\u00bb : moins ch\u00e8res et moins contraignantes, les mini-piscines font leur place au soleil<\/p>\n<p><\/a><\/p>\n<p data-module=\"article-paragraph\" class=\"jsx-3046738180 Paragraph Paragraph__End\">L&rsquo;Ille-et-Vilaine affiche un d\u00e9ficit pluviom\u00e9trique important depuis le d\u00e9but de l&rsquo;ann\u00e9e. Le d\u00e9partement a \u00e9t\u00e9 plac\u00e9 en \u00e9tat de vigilance s\u00e9cheresse par arr\u00eat\u00e9 pr\u00e9fectoral le 13 juin 2025. La d\u00e9cision fait suite \u00ab\u00a0\u00e0 une d\u00e9t\u00e9rioration notable des conditions hydrologiques sur le territoire\u00a0\u00bb ce qui a conduit \u00e0 \u00ab\u00a0un d\u00e9stockage pr\u00e9coce des barrages qui assurent l\u2019approvisionnement en eau potable\u00a0\u00bb, indiquait la pr\u00e9fecture dans son communiqu\u00e9 de presse. Depuis cette date, l&rsquo;ensemble des usagers est ainsi appel\u00e9 \u00e0 la vigilance concernant leur consommation en eau.<\/p>\n<p>Matthieu DELACHARLERY<\/p>\n","protected":false},"excerpt":{"rendered":"La m\u00e9tropole bretonne a d\u00e9cid\u00e9 de limiter la taille des piscines priv\u00e9es \u00e0 25 m\u00e8tres cubes. L&rsquo;objectif de&hellip;\n","protected":false},"author":2,"featured_media":217134,"comment_status":"","ping_status":"","sticky":false,"template":"","format":"standard","meta":{"footnotes":""},"categories":[2821],"tags":[1111,11,1921,829,51,1777,674,1011,27,1922,8472,12,5922,584,25,133,5737],"class_list":{"0":"post-217133","1":"post","2":"type-post","3":"status-publish","4":"format-standard","5":"has-post-thumbnail","7":"category-rennes","8":"tag-actu","9":"tag-actualites","10":"tag-article-video","11":"tag-bretagne","12":"tag-ecologie","13":"tag-eu","14":"tag-europe","15":"tag-fr","16":"tag-france","17":"tag-info","18":"tag-initiatives-environnementales","19":"tag-news","20":"tag-piscine","21":"tag-rennes","22":"tag-republique-francaise","23":"tag-video","24":"tag-video-environnement"},"share_on_mastodon":{"url":"https:\/\/pubeurope.com\/@fr\/114775645707703439","error":""},"_links":{"self":[{"href":"https:\/\/www.europesays.com\/fr\/wp-json\/wp\/v2\/posts\/217133","targetHints":{"allow":["GET"]}}],"collection":[{"href":"https:\/\/www.europesays.com\/fr\/wp-json\/wp\/v2\/posts"}],"about":[{"href":"https:\/\/www.europesays.com\/fr\/wp-json\/wp\/v2\/types\/post"}],"author":[{"embeddable":true,"href":"https:\/\/www.europesays.com\/fr\/wp-json\/wp\/v2\/users\/2"}],"replies":[{"embeddable":true,"href":"https:\/\/www.europesays.com\/fr\/wp-json\/wp\/v2\/comments?post=217133"}],"version-history":[{"count":0,"href":"https:\/\/www.europesays.com\/fr\/wp-json\/wp\/v2\/posts\/217133\/revisions"}],"wp:featuredmedia":[{"embeddable":true,"href":"https:\/\/www.europesays.com\/fr\/wp-json\/wp\/v2\/media\/217134"}],"wp:attachment":[{"href":"https:\/\/www.europesays.com\/fr\/wp-json\/wp\/v2\/media?parent=217133"}],"wp:term":[{"taxonomy":"category","embeddable":true,"href":"https:\/\/www.europesays.com\/fr\/wp-json\/wp\/v2\/categories?post=217133"},{"taxonomy":"post_tag","embeddable":true,"href":"https:\/\/www.europesays.com\/fr\/wp-json\/wp\/v2\/tags?post=217133"}],"curies":[{"name":"wp","href":"https:\/\/api.w.org\/{rel}","templated":true}]}}